{"id":9922,"date":"2016-06-25T21:22:21","date_gmt":"2016-06-25T20:22:21","guid":{"rendered":"http:\/\/xn--judo-lbben-feb.de\/?p=9922"},"modified":"2016-07-10T20:39:42","modified_gmt":"2016-07-10T19:39:42","slug":"hitzeschlacht-in-berlin","status":"publish","type":"post","link":"https:\/\/xn--judo-lbben-feb.de\/?p=9922","title":{"rendered":"Hitzeschlacht in Berlin"},"content":{"rendered":"<p style=\"text-align: center;\">Am 25. Juni reisten 10 L\u00fcbbener Jungen nach Berlin-Hellersdorf um am 8. Medilogik-Cup teilzunehmen. F\u00fcr unsere J\u00fcngsten sollte es der letzte Wettkampf vor den Ferien sein. Bei Temperaturen von weit \u00fcber 30 Grad und schw\u00fcler Luft floss der Schwei\u00df schon beim Zuschauen in Str\u00f6men. Die Halle war prall gef\u00fcllt und man hatte wenig Platz zum Sitzen. Trotz dieser Umst\u00e4nde gaben unsere Jungs ihr Bestes. Die Gewichtsklassen waren so gut besetzt, dass ausschlie\u00dflich im Ko-System gek\u00e4mpft wurde. Am besten kam Julius Streicher mit den Umst\u00e4nden zurecht. Julius konnte sich nach 3 vorzeitig gewonnenen K\u00e4mpfen \u00fcber Gold freuen. Noch zwei weitere Podest-Pl\u00e4tze f\u00fcr L\u00fcbben errangen nach schweren K\u00e4mpfen Erich B\u00f6ttcher und Erik Rechenberger. Beide gewannen Bronze.\u00a0 Als Lohn f\u00fcr die Anstrengungen und Motivation f\u00fcr weitere Wettk\u00e4mpfe erhielten alle weiteren Platzierten in den jeweiligen Gewichtsklassen eine Medaille. Und so fuhr auch kein L\u00fcbbener mit leeren H\u00e4nden nach Hause.<\/p>\n<p style=\"padding-left: 60px;\"><a href=\"https:\/\/xn--judo-lbben-feb.de\/wp-content\/uploads\/2016\/07\/IMG-20160706-WA0004-FILEminimizer.jpg\"><img loading=\"lazy\" decoding=\"async\" class=\"alignnone size-thumbnail wp-image-9923\" src=\"https:\/\/xn--judo-lbben-feb.de\/wp-content\/uploads\/2016\/07\/IMG-20160706-WA0004-FILEminimizer-150x150.jpg\" alt=\"IMG-20160706-WA0004 (FILEminimizer)\" width=\"150\" height=\"150\" srcset=\"https:\/\/xn--judo-lbben-feb.de\/wp-content\/uploads\/2016\/07\/IMG-20160706-WA0004-FILEminimizer-150x150.jpg 150w, https:\/\/xn--judo-lbben-feb.de\/wp-content\/uploads\/2016\/07\/IMG-20160706-WA0004-FILEminimizer-80x80.jpg 80w, https:\/\/xn--judo-lbben-feb.de\/wp-content\/uploads\/2016\/07\/IMG-20160706-WA0004-FILEminimizer-200x200.jpg 200w\" sizes=\"auto, (max-width: 150px) 100vw, 150px\" \/><\/a>\u00a0 <a href=\"https:\/\/xn--judo-lbben-feb.de\/wp-content\/uploads\/2016\/07\/IMG-20160706-WA0006-FILEminimizer.jpg\"><img loading=\"lazy\" decoding=\"async\" class=\"alignnone size-thumbnail wp-image-9924\" src=\"https:\/\/xn--judo-lbben-feb.de\/wp-content\/uploads\/2016\/07\/IMG-20160706-WA0006-FILEminimizer-150x150.jpg\" alt=\"IMG-20160706-WA0006 (FILEminimizer)\" width=\"150\" height=\"150\" srcset=\"https:\/\/xn--judo-lbben-feb.de\/wp-content\/uploads\/2016\/07\/IMG-20160706-WA0006-FILEminimizer-150x150.jpg 150w, https:\/\/xn--judo-lbben-feb.de\/wp-content\/uploads\/2016\/07\/IMG-20160706-WA0006-FILEminimizer-80x80.jpg 80w, https:\/\/xn--judo-lbben-feb.de\/wp-content\/uploads\/2016\/07\/IMG-20160706-WA0006-FILEminimizer-200x200.jpg 200w\" sizes=\"auto, (max-width: 150px) 100vw, 150px\" \/><\/a>\u00a0 <a href=\"https:\/\/xn--judo-lbben-feb.de\/wp-content\/uploads\/2016\/07\/IMG-20160706-WA0010-FILEminimizer.jpg\"><img loading=\"lazy\" decoding=\"async\" class=\"alignnone size-thumbnail wp-image-9925\" src=\"https:\/\/xn--judo-lbben-feb.de\/wp-content\/uploads\/2016\/07\/IMG-20160706-WA0010-FILEminimizer-150x150.jpg\" alt=\"IMG-20160706-WA0010 (FILEminimizer)\" width=\"150\" height=\"150\" srcset=\"https:\/\/xn--judo-lbben-feb.de\/wp-content\/uploads\/2016\/07\/IMG-20160706-WA0010-FILEminimizer-150x150.jpg 150w, https:\/\/xn--judo-lbben-feb.de\/wp-content\/uploads\/2016\/07\/IMG-20160706-WA0010-FILEminimizer-80x80.jpg 80w, https:\/\/xn--judo-lbben-feb.de\/wp-content\/uploads\/2016\/07\/IMG-20160706-WA0010-FILEminimizer-200x200.jpg 200w\" sizes=\"auto, (max-width: 150px) 100vw, 150px\" \/><\/a><\/p>\n<p style=\"padding-left: 60px;\"><a href=\"https:\/\/xn--judo-lbben-feb.de\/wp-content\/uploads\/2016\/07\/IMG-20160706-WA0013-FILEminimizer.jpg\"><img loading=\"lazy\" decoding=\"async\" class=\"alignnone size-thumbnail wp-image-9926\" src=\"https:\/\/xn--judo-lbben-feb.de\/wp-content\/uploads\/2016\/07\/IMG-20160706-WA0013-FILEminimizer-150x150.jpg\" alt=\"IMG-20160706-WA0013 (FILEminimizer)\" width=\"150\" height=\"150\" srcset=\"https:\/\/xn--judo-lbben-feb.de\/wp-content\/uploads\/2016\/07\/IMG-20160706-WA0013-FILEminimizer-150x150.jpg 150w, https:\/\/xn--judo-lbben-feb.de\/wp-content\/uploads\/2016\/07\/IMG-20160706-WA0013-FILEminimizer-80x80.jpg 80w, https:\/\/xn--judo-lbben-feb.de\/wp-content\/uploads\/2016\/07\/IMG-20160706-WA0013-FILEminimizer-200x200.jpg 200w\" sizes=\"auto, (max-width: 150px) 100vw, 150px\" \/><\/a>\u00a0 <a href=\"https:\/\/xn--judo-lbben-feb.de\/wp-content\/uploads\/2016\/07\/IMG-20160706-WA0019-FILEminimizer.jpg\"><img loading=\"lazy\" decoding=\"async\" class=\"alignnone size-thumbnail wp-image-9928\" src=\"https:\/\/xn--judo-lbben-feb.de\/wp-content\/uploads\/2016\/07\/IMG-20160706-WA0019-FILEminimizer-150x150.jpg\" alt=\"IMG-20160706-WA0019 (FILEminimizer)\" width=\"150\" height=\"150\" srcset=\"https:\/\/xn--judo-lbben-feb.de\/wp-content\/uploads\/2016\/07\/IMG-20160706-WA0019-FILEminimizer-150x150.jpg 150w, https:\/\/xn--judo-lbben-feb.de\/wp-content\/uploads\/2016\/07\/IMG-20160706-WA0019-FILEminimizer-80x80.jpg 80w, https:\/\/xn--judo-lbben-feb.de\/wp-content\/uploads\/2016\/07\/IMG-20160706-WA0019-FILEminimizer-200x200.jpg 200w\" sizes=\"auto, (max-width: 150px) 100vw, 150px\" \/><\/a>\u00a0\u00a0<a href=\"https:\/\/xn--judo-lbben-feb.de\/wp-content\/uploads\/2016\/07\/P1080411-FILEminimizer.jpg\"><img loading=\"lazy\" decoding=\"async\" class=\"alignnone size-thumbnail wp-image-9931\" src=\"https:\/\/xn--judo-lbben-feb.de\/wp-content\/uploads\/2016\/07\/P1080411-FILEminimizer-150x150.jpg\" alt=\"P1080411 (FILEminimizer)\" width=\"150\" height=\"150\" srcset=\"https:\/\/xn--judo-lbben-feb.de\/wp-content\/uploads\/2016\/07\/P1080411-FILEminimizer-150x150.jpg 150w, https:\/\/xn--judo-lbben-feb.de\/wp-content\/uploads\/2016\/07\/P1080411-FILEminimizer-80x80.jpg 80w, https:\/\/xn--judo-lbben-feb.de\/wp-content\/uploads\/2016\/07\/P1080411-FILEminimizer-200x200.jpg 200w\" sizes=\"auto, (max-width: 150px) 100vw, 150px\" \/><\/a><\/p>\n<p style=\"padding-left: 60px;\"><a href=\"https:\/\/xn--judo-lbben-feb.de\/wp-content\/uploads\/2016\/07\/P1080407-FILEminimizer.jpg\"><img loading=\"lazy\" decoding=\"async\" class=\"alignnone size-thumbnail wp-image-9929\" src=\"https:\/\/xn--judo-lbben-feb.de\/wp-content\/uploads\/2016\/07\/P1080407-FILEminimizer-150x150.jpg\" alt=\"P1080407 (FILEminimizer)\" width=\"150\" height=\"150\" srcset=\"https:\/\/xn--judo-lbben-feb.de\/wp-content\/uploads\/2016\/07\/P1080407-FILEminimizer-150x150.jpg 150w, https:\/\/xn--judo-lbben-feb.de\/wp-content\/uploads\/2016\/07\/P1080407-FILEminimizer-80x80.jpg 80w, https:\/\/xn--judo-lbben-feb.de\/wp-content\/uploads\/2016\/07\/P1080407-FILEminimizer-200x200.jpg 200w\" sizes=\"auto, (max-width: 150px) 100vw, 150px\" \/><\/a>\u00a0 <a href=\"https:\/\/xn--judo-lbben-feb.de\/wp-content\/uploads\/2016\/07\/P1080409-FILEminimizer.jpg\"><img loading=\"lazy\" decoding=\"async\" class=\"alignnone size-thumbnail wp-image-9930\" src=\"https:\/\/xn--judo-lbben-feb.de\/wp-content\/uploads\/2016\/07\/P1080409-FILEminimizer-150x150.jpg\" alt=\"P1080409 (FILEminimizer)\" width=\"150\" height=\"150\" srcset=\"https:\/\/xn--judo-lbben-feb.de\/wp-content\/uploads\/2016\/07\/P1080409-FILEminimizer-150x150.jpg 150w, https:\/\/xn--judo-lbben-feb.de\/wp-content\/uploads\/2016\/07\/P1080409-FILEminimizer-80x80.jpg 80w, https:\/\/xn--judo-lbben-feb.de\/wp-content\/uploads\/2016\/07\/P1080409-FILEminimizer-200x200.jpg 200w\" sizes=\"auto, (max-width: 150px) 100vw, 150px\" \/><\/a>\u00a0\u00a0<a href=\"https:\/\/xn--judo-lbben-feb.de\/wp-content\/uploads\/2016\/07\/P1080521-FILEminimizer.jpg\"><img loading=\"lazy\" decoding=\"async\" class=\"alignnone size-thumbnail wp-image-9939\" src=\"https:\/\/xn--judo-lbben-feb.de\/wp-content\/uploads\/2016\/07\/P1080521-FILEminimizer-150x150.jpg\" alt=\"P1080521 (FILEminimizer)\" width=\"150\" height=\"150\" srcset=\"https:\/\/xn--judo-lbben-feb.de\/wp-content\/uploads\/2016\/07\/P1080521-FILEminimizer-150x150.jpg 150w, https:\/\/xn--judo-lbben-feb.de\/wp-content\/uploads\/2016\/07\/P1080521-FILEminimizer-80x80.jpg 80w, https:\/\/xn--judo-lbben-feb.de\/wp-content\/uploads\/2016\/07\/P1080521-FILEminimizer-200x200.jpg 200w\" sizes=\"auto, (max-width: 150px) 100vw, 150px\" \/><\/a><\/p>\n<p style=\"padding-left: 60px;\"><a href=\"https:\/\/xn--judo-lbben-feb.de\/wp-content\/uploads\/2016\/07\/P1080421-FILEminimizer.jpg\"><img loading=\"lazy\" decoding=\"async\" class=\"alignnone size-thumbnail wp-image-9932\" src=\"https:\/\/xn--judo-lbben-feb.de\/wp-content\/uploads\/2016\/07\/P1080421-FILEminimizer-150x150.jpg\" alt=\"P1080421 (FILEminimizer)\" width=\"150\" height=\"150\" srcset=\"https:\/\/xn--judo-lbben-feb.de\/wp-content\/uploads\/2016\/07\/P1080421-FILEminimizer-150x150.jpg 150w, https:\/\/xn--judo-lbben-feb.de\/wp-content\/uploads\/2016\/07\/P1080421-FILEminimizer-80x80.jpg 80w, https:\/\/xn--judo-lbben-feb.de\/wp-content\/uploads\/2016\/07\/P1080421-FILEminimizer-200x200.jpg 200w\" sizes=\"auto, (max-width: 150px) 100vw, 150px\" \/><\/a>\u00a0 <a href=\"https:\/\/xn--judo-lbben-feb.de\/wp-content\/uploads\/2016\/07\/P1080426-FILEminimizer.jpg\"><img loading=\"lazy\" decoding=\"async\" class=\"alignnone size-thumbnail wp-image-9933\" src=\"https:\/\/xn--judo-lbben-feb.de\/wp-content\/uploads\/2016\/07\/P1080426-FILEminimizer-150x150.jpg\" alt=\"P1080426 (FILEminimizer)\" width=\"150\" height=\"150\" srcset=\"https:\/\/xn--judo-lbben-feb.de\/wp-content\/uploads\/2016\/07\/P1080426-FILEminimizer-150x150.jpg 150w, https:\/\/xn--judo-lbben-feb.de\/wp-content\/uploads\/2016\/07\/P1080426-FILEminimizer-80x80.jpg 80w, https:\/\/xn--judo-lbben-feb.de\/wp-content\/uploads\/2016\/07\/P1080426-FILEminimizer-200x200.jpg 200w\" sizes=\"auto, (max-width: 150px) 100vw, 150px\" \/><\/a>\u00a0 <a href=\"https:\/\/xn--judo-lbben-feb.de\/wp-content\/uploads\/2016\/07\/P1080438-FILEminimizer.jpg\"><img loading=\"lazy\" decoding=\"async\" class=\"alignnone size-thumbnail wp-image-9934\" src=\"https:\/\/xn--judo-lbben-feb.de\/wp-content\/uploads\/2016\/07\/P1080438-FILEminimizer-150x150.jpg\" alt=\"P1080438 (FILEminimizer)\" width=\"150\" height=\"150\" srcset=\"https:\/\/xn--judo-lbben-feb.de\/wp-content\/uploads\/2016\/07\/P1080438-FILEminimizer-150x150.jpg 150w, https:\/\/xn--judo-lbben-feb.de\/wp-content\/uploads\/2016\/07\/P1080438-FILEminimizer-80x80.jpg 80w, https:\/\/xn--judo-lbben-feb.de\/wp-content\/uploads\/2016\/07\/P1080438-FILEminimizer-200x200.jpg 200w\" sizes=\"auto, (max-width: 150px) 100vw, 150px\" \/><\/a><\/p>\n<p style=\"padding-left: 60px;\"><a href=\"https:\/\/xn--judo-lbben-feb.de\/wp-content\/uploads\/2016\/07\/P1080462-FILEminimizer.jpg\"><img loading=\"lazy\" decoding=\"async\" class=\"alignnone size-thumbnail wp-image-9935\" src=\"https:\/\/xn--judo-lbben-feb.de\/wp-content\/uploads\/2016\/07\/P1080462-FILEminimizer-150x150.jpg\" alt=\"P1080462 (FILEminimizer)\" width=\"150\" height=\"150\" srcset=\"https:\/\/xn--judo-lbben-feb.de\/wp-content\/uploads\/2016\/07\/P1080462-FILEminimizer-150x150.jpg 150w, https:\/\/xn--judo-lbben-feb.de\/wp-content\/uploads\/2016\/07\/P1080462-FILEminimizer-80x80.jpg 80w, https:\/\/xn--judo-lbben-feb.de\/wp-content\/uploads\/2016\/07\/P1080462-FILEminimizer-200x200.jpg 200w\" sizes=\"auto, (max-width: 150px) 100vw, 150px\" \/><\/a>\u00a0 <a href=\"https:\/\/xn--judo-lbben-feb.de\/wp-content\/uploads\/2016\/07\/P1080476-FILEminimizer.jpg\"><img loading=\"lazy\" decoding=\"async\" class=\"alignnone size-thumbnail wp-image-9936\" src=\"https:\/\/xn--judo-lbben-feb.de\/wp-content\/uploads\/2016\/07\/P1080476-FILEminimizer-150x150.jpg\" alt=\"P1080476 (FILEminimizer)\" width=\"150\" height=\"150\" srcset=\"https:\/\/xn--judo-lbben-feb.de\/wp-content\/uploads\/2016\/07\/P1080476-FILEminimizer-150x150.jpg 150w, https:\/\/xn--judo-lbben-feb.de\/wp-content\/uploads\/2016\/07\/P1080476-FILEminimizer-80x80.jpg 80w, https:\/\/xn--judo-lbben-feb.de\/wp-content\/uploads\/2016\/07\/P1080476-FILEminimizer-200x200.jpg 200w\" sizes=\"auto, (max-width: 150px) 100vw, 150px\" \/><\/a>\u00a0 <a href=\"https:\/\/xn--judo-lbben-feb.de\/wp-content\/uploads\/2016\/07\/P1080497-FILEminimizer.jpg\"><img loading=\"lazy\" decoding=\"async\" class=\"alignnone size-thumbnail wp-image-9937\" src=\"https:\/\/xn--judo-lbben-feb.de\/wp-content\/uploads\/2016\/07\/P1080497-FILEminimizer-150x150.jpg\" alt=\"P1080497 (FILEminimizer)\" width=\"150\" height=\"150\" srcset=\"https:\/\/xn--judo-lbben-feb.de\/wp-content\/uploads\/2016\/07\/P1080497-FILEminimizer-150x150.jpg 150w, https:\/\/xn--judo-lbben-feb.de\/wp-content\/uploads\/2016\/07\/P1080497-FILEminimizer-80x80.jpg 80w, https:\/\/xn--judo-lbben-feb.de\/wp-content\/uploads\/2016\/07\/P1080497-FILEminimizer-200x200.jpg 200w\" sizes=\"auto, (max-width: 150px) 100vw, 150px\" \/><\/a><\/p>\n<p style=\"padding-left: 60px;\"><a href=\"https:\/\/xn--judo-lbben-feb.de\/wp-content\/uploads\/2016\/07\/P1080511-FILEminimizer.jpg\"><img loading=\"lazy\" decoding=\"async\" class=\"alignnone size-thumbnail wp-image-9938\" src=\"https:\/\/xn--judo-lbben-feb.de\/wp-content\/uploads\/2016\/07\/P1080511-FILEminimizer-150x150.jpg\" alt=\"P1080511 (FILEminimizer)\" width=\"150\" height=\"150\" srcset=\"https:\/\/xn--judo-lbben-feb.de\/wp-content\/uploads\/2016\/07\/P1080511-FILEminimizer-150x150.jpg 150w, https:\/\/xn--judo-lbben-feb.de\/wp-content\/uploads\/2016\/07\/P1080511-FILEminimizer-80x80.jpg 80w, https:\/\/xn--judo-lbben-feb.de\/wp-content\/uploads\/2016\/07\/P1080511-FILEminimizer-200x200.jpg 200w\" sizes=\"auto, (max-width: 150px) 100vw, 150px\" \/><\/a>\u00a0 <a href=\"https:\/\/xn--judo-lbben-feb.de\/wp-content\/uploads\/2016\/07\/P1080578-FILEminimizer.jpg\"><img loading=\"lazy\" decoding=\"async\" class=\"alignnone size-thumbnail wp-image-9940\" src=\"https:\/\/xn--judo-lbben-feb.de\/wp-content\/uploads\/2016\/07\/P1080578-FILEminimizer-150x150.jpg\" alt=\"P1080578 (FILEminimizer)\" width=\"150\" height=\"150\" srcset=\"https:\/\/xn--judo-lbben-feb.de\/wp-content\/uploads\/2016\/07\/P1080578-FILEminimizer-150x150.jpg 150w, https:\/\/xn--judo-lbben-feb.de\/wp-content\/uploads\/2016\/07\/P1080578-FILEminimizer-80x80.jpg 80w, https:\/\/xn--judo-lbben-feb.de\/wp-content\/uploads\/2016\/07\/P1080578-FILEminimizer-200x200.jpg 200w\" sizes=\"auto, (max-width: 150px) 100vw, 150px\" \/><\/a>\u00a0\u00a0<a href=\"https:\/\/xn--judo-lbben-feb.de\/wp-content\/uploads\/2016\/07\/IMG-20160706-WA0018-FILEminimizer.jpg\"><img loading=\"lazy\" decoding=\"async\" class=\"alignnone wp-image-9927\" src=\"https:\/\/xn--judo-lbben-feb.de\/wp-content\/uploads\/2016\/07\/IMG-20160706-WA0018-FILEminimizer-150x150.jpg\" alt=\"IMG-20160706-WA0018 (FILEminimizer)\" width=\"150\" height=\"150\" srcset=\"https:\/\/xn--judo-lbben-feb.de\/wp-content\/uploads\/2016\/07\/IMG-20160706-WA0018-FILEminimizer-150x150.jpg 150w, https:\/\/xn--judo-lbben-feb.de\/wp-content\/uploads\/2016\/07\/IMG-20160706-WA0018-FILEminimizer-80x80.jpg 80w, https:\/\/xn--judo-lbben-feb.de\/wp-content\/uploads\/2016\/07\/IMG-20160706-WA0018-FILEminimizer-200x200.jpg 200w\" sizes=\"auto, (max-width: 150px) 100vw, 150px\" \/><\/a><\/p>\n<p style=\"padding-left: 60px;\"><a href=\"https:\/\/xn--judo-lbben-feb.de\/wp-content\/uploads\/2016\/07\/P1080580-FILEminimizer.jpg\"><img loading=\"lazy\" decoding=\"async\" class=\"alignnone size-thumbnail wp-image-9941\" src=\"https:\/\/xn--judo-lbben-feb.de\/wp-content\/uploads\/2016\/07\/P1080580-FILEminimizer-150x150.jpg\" alt=\"P1080580 (FILEminimizer)\" width=\"150\" height=\"150\" srcset=\"https:\/\/xn--judo-lbben-feb.de\/wp-content\/uploads\/2016\/07\/P1080580-FILEminimizer-150x150.jpg 150w, https:\/\/xn--judo-lbben-feb.de\/wp-content\/uploads\/2016\/07\/P1080580-FILEminimizer-80x80.jpg 80w, https:\/\/xn--judo-lbben-feb.de\/wp-content\/uploads\/2016\/07\/P1080580-FILEminimizer-200x200.jpg 200w\" sizes=\"auto, (max-width: 150px) 100vw, 150px\" \/><\/a>\u00a0 <a href=\"https:\/\/xn--judo-lbben-feb.de\/wp-content\/uploads\/2016\/07\/P1080587-FILEminimizer.jpg\"><img loading=\"lazy\" decoding=\"async\" class=\"alignnone size-thumbnail wp-image-9942\" src=\"https:\/\/xn--judo-lbben-feb.de\/wp-content\/uploads\/2016\/07\/P1080587-FILEminimizer-150x150.jpg\" alt=\"P1080587 (FILEminimizer)\" width=\"150\" height=\"150\" srcset=\"https:\/\/xn--judo-lbben-feb.de\/wp-content\/uploads\/2016\/07\/P1080587-FILEminimizer-150x150.jpg 150w, https:\/\/xn--judo-lbben-feb.de\/wp-content\/uploads\/2016\/07\/P1080587-FILEminimizer-80x80.jpg 80w, https:\/\/xn--judo-lbben-feb.de\/wp-content\/uploads\/2016\/07\/P1080587-FILEminimizer-200x200.jpg 200w\" sizes=\"auto, (max-width: 150px) 100vw, 150px\" \/><\/a>\u00a0 <a href=\"https:\/\/xn--judo-lbben-feb.de\/wp-content\/uploads\/2016\/07\/P1080588-FILEminimizer.jpg\"><img loading=\"lazy\" decoding=\"async\" class=\"alignnone size-thumbnail wp-image-9943\" src=\"https:\/\/xn--judo-lbben-feb.de\/wp-content\/uploads\/2016\/07\/P1080588-FILEminimizer-150x150.jpg\" alt=\"P1080588 (FILEminimizer)\" width=\"150\" height=\"150\" srcset=\"https:\/\/xn--judo-lbben-feb.de\/wp-content\/uploads\/2016\/07\/P1080588-FILEminimizer-150x150.jpg 150w, https:\/\/xn--judo-lbben-feb.de\/wp-content\/uploads\/2016\/07\/P1080588-FILEminimizer-80x80.jpg 80w, https:\/\/xn--judo-lbben-feb.de\/wp-content\/uploads\/2016\/07\/P1080588-FILEminimizer-200x200.jpg 200w\" sizes=\"auto, (max-width: 150px) 100vw, 150px\" \/><\/a><\/p>\n<p><strong><span style=\"color: #ff0000;\">Ergebnisse<\/span><\/strong><\/p>\n<p><span style=\"color: #800080;\"><strong>1.Pl\u00e4tze<\/strong><\/span><\/p>\n<p>Julius Streicher bis 33kg(U10)<\/p>\n<p><span style=\"color: #800080;\"><strong>3.Pl\u00e4tze<\/strong><\/span><\/p>\n<p>Erik Rechenberger bis 30kg(U10), Erich B\u00f6ttcher bis 33kg(U10)<\/p>\n<p>&nbsp;<\/p>\n<p><span style=\"color: #800080;\"><strong>Weitere L\u00fcbbener Teilnehmer:<\/strong><\/span><\/p>\n<p>Leonhard Hampusch, Angelo Nitschke, Florian Ziffus, Max Leichner, Jonas Melcher, Karl Kolwitz, Pascal Kositz<\/p>\n<p>&nbsp;<\/p>\n","protected":false},"excerpt":{"rendered":"<p>Am 25. Juni reisten 10 L\u00fcbbener Jungen nach Berlin-Hellersdorf um am 8. Medilogik-Cup teilzunehmen. F\u00fcr unsere J\u00fcngsten sollte es der letzte Wettkampf vor den Ferien sein. Bei Temperaturen von weit \u00fcber 30 Grad und schw\u00fcler Luft floss der Schwei\u00df schon beim Zuschauen in Str\u00f6men. Die Halle war prall gef\u00fcllt und man hatte wenig Platz zum [&hellip;]<\/p>\n","protected":false},"author":2,"featured_media":9925,"comment_status":"closed","ping_status":"open","sticky":false,"template":"","format":"standard","meta":{"_et_pb_use_builder":"","_et_pb_old_content":"","_et_gb_content_width":"","footnotes":""},"categories":[2],"tags":[],"class_list":["post-9922","post","type-post","status-publish","format-standard","has-post-thumbnail","hentry","category-news"],"_links":{"self":[{"href":"https:\/\/xn--judo-lbben-feb.de\/index.php?rest_route=\/wp\/v2\/posts\/9922","targetHints":{"allow":["GET"]}}],"collection":[{"href":"https:\/\/xn--judo-lbben-feb.de\/index.php?rest_route=\/wp\/v2\/posts"}],"about":[{"href":"https:\/\/xn--judo-lbben-feb.de\/index.php?rest_route=\/wp\/v2\/types\/post"}],"author":[{"embeddable":true,"href":"https:\/\/xn--judo-lbben-feb.de\/index.php?rest_route=\/wp\/v2\/users\/2"}],"replies":[{"embeddable":true,"href":"https:\/\/xn--judo-lbben-feb.de\/index.php?rest_route=%2Fwp%2Fv2%2Fcomments&post=9922"}],"version-history":[{"count":7,"href":"https:\/\/xn--judo-lbben-feb.de\/index.php?rest_route=\/wp\/v2\/posts\/9922\/revisions"}],"predecessor-version":[{"id":10045,"href":"https:\/\/xn--judo-lbben-feb.de\/index.php?rest_route=\/wp\/v2\/posts\/9922\/revisions\/10045"}],"wp:featuredmedia":[{"embeddable":true,"href":"https:\/\/xn--judo-lbben-feb.de\/index.php?rest_route=\/wp\/v2\/media\/9925"}],"wp:attachment":[{"href":"https:\/\/xn--judo-lbben-feb.de\/index.php?rest_route=%2Fwp%2Fv2%2Fmedia&parent=9922"}],"wp:term":[{"taxonomy":"category","embeddable":true,"href":"https:\/\/xn--judo-lbben-feb.de\/index.php?rest_route=%2Fwp%2Fv2%2Fcategories&post=9922"},{"taxonomy":"post_tag","embeddable":true,"href":"https:\/\/xn--judo-lbben-feb.de\/index.php?rest_route=%2Fwp%2Fv2%2Ftags&post=9922"}],"curies":[{"name":"wp","href":"https:\/\/api.w.org\/{rel}","templated":true}]}}