{"id":9647,"date":"2016-04-24T20:21:51","date_gmt":"2016-04-24T19:21:51","guid":{"rendered":"http:\/\/xn--judo-lbben-feb.de\/?p=9647"},"modified":"2016-05-07T22:16:48","modified_gmt":"2016-05-07T21:16:48","slug":"sparkassencup-strausberg","status":"publish","type":"post","link":"https:\/\/xn--judo-lbben-feb.de\/?p=9647","title":{"rendered":"Sparkassencup Strausberg"},"content":{"rendered":"<p style=\"text-align: center;\">Mit 5-mal Gold, 3-mal Silber und 1-mal Bronze im Gep\u00e4ck, kehrten unsere Judokas erfolgreich vom Sparkassen-Cup in Strausberg am 23.\/24. April 2016 nach L\u00fcbben zur\u00fcck. Am 1. Tag als unsere U13\/U15 startete, beeindruckte vor allem Elisa. Sie trat in der gr\u00f6\u00dften Gruppe ihrer Altersklasse der U13 an und gewann mit 5 Siegen Gold. Eine weitere goldene Medaille holte Sarah eine Altersklasse h\u00f6her in der U15. Mit mehreren Siegen und jeweils einer knappen Niederlage errangen Max und Miriam jeweils ausgezeichnete 2. Pl\u00e4tze. Eine bronzene Medaille sicherte sich Igor im kleinem Finale gegen Felix, der damit Platz 5 errang, so wie Melissa, die in der niedrigsten Gewichtsklasse der U13 an den Start ging.<\/p>\n<p style=\"text-align: center;\">Einen Tag sp\u00e4ter k\u00e4mpfte ein L\u00fcbbener Quartett in der U9 um die begehrten Medaillen. In dieser Altersklasse wurden gewichtsnahe Gruppen mit 4 Teilnehmer gebildet, so dass jeder Teilnehmer 3 K\u00e4mpfe bestreiten musste und eine Medaille erhielt. Erik, Florian und Leonhard gewannen jeweils 3-mal und damit Gold. Eine Silbermedaille erhielt Angelo. Somit gewannen die L\u00fcbbener am Sonntag 11 ihrer 12 K\u00e4mpfe. Eine starke Quote.<\/p>\n<p style=\"padding-left: 60px;\"><a href=\"https:\/\/xn--judo-lbben-feb.de\/wp-content\/uploads\/2016\/04\/DSC06053-557842-FILEminimizer.jpg\" rel=\"attachment wp-att-9648\"><img loading=\"lazy\" decoding=\"async\" class=\"alignnone size-thumbnail wp-image-9648\" src=\"https:\/\/xn--judo-lbben-feb.de\/wp-content\/uploads\/2016\/04\/DSC06053-557842-FILEminimizer-150x150.jpg\" alt=\"DSC06053 [557842] (FILEminimizer)\" width=\"150\" height=\"150\" srcset=\"https:\/\/xn--judo-lbben-feb.de\/wp-content\/uploads\/2016\/04\/DSC06053-557842-FILEminimizer-150x150.jpg 150w, https:\/\/xn--judo-lbben-feb.de\/wp-content\/uploads\/2016\/04\/DSC06053-557842-FILEminimizer-80x80.jpg 80w, https:\/\/xn--judo-lbben-feb.de\/wp-content\/uploads\/2016\/04\/DSC06053-557842-FILEminimizer-200x200.jpg 200w\" sizes=\"auto, (max-width: 150px) 100vw, 150px\" \/><\/a> <a href=\"https:\/\/xn--judo-lbben-feb.de\/wp-content\/uploads\/2016\/04\/DSC06059-557962.jpg\" rel=\"attachment wp-att-9649\"><img loading=\"lazy\" decoding=\"async\" class=\"alignnone size-thumbnail wp-image-9649\" src=\"https:\/\/xn--judo-lbben-feb.de\/wp-content\/uploads\/2016\/04\/DSC06059-557962-150x150.jpg\" alt=\"DSC06059 [557962]\" width=\"150\" height=\"150\" srcset=\"https:\/\/xn--judo-lbben-feb.de\/wp-content\/uploads\/2016\/04\/DSC06059-557962-150x150.jpg 150w, https:\/\/xn--judo-lbben-feb.de\/wp-content\/uploads\/2016\/04\/DSC06059-557962-80x80.jpg 80w, https:\/\/xn--judo-lbben-feb.de\/wp-content\/uploads\/2016\/04\/DSC06059-557962-200x200.jpg 200w\" sizes=\"auto, (max-width: 150px) 100vw, 150px\" \/><\/a> <a href=\"https:\/\/xn--judo-lbben-feb.de\/wp-content\/uploads\/2016\/04\/DSC06060-557963.jpg\" rel=\"attachment wp-att-9650\"><img loading=\"lazy\" decoding=\"async\" class=\"alignnone size-thumbnail wp-image-9650\" src=\"https:\/\/xn--judo-lbben-feb.de\/wp-content\/uploads\/2016\/04\/DSC06060-557963-150x150.jpg\" alt=\"DSC06060 [557963]\" width=\"150\" height=\"150\" srcset=\"https:\/\/xn--judo-lbben-feb.de\/wp-content\/uploads\/2016\/04\/DSC06060-557963-150x150.jpg 150w, https:\/\/xn--judo-lbben-feb.de\/wp-content\/uploads\/2016\/04\/DSC06060-557963-80x80.jpg 80w, https:\/\/xn--judo-lbben-feb.de\/wp-content\/uploads\/2016\/04\/DSC06060-557963-200x200.jpg 200w\" sizes=\"auto, (max-width: 150px) 100vw, 150px\" \/><\/a><\/p>\n<p style=\"padding-left: 60px;\"><a href=\"https:\/\/xn--judo-lbben-feb.de\/wp-content\/uploads\/2016\/04\/DSC06061-558185.jpg\" rel=\"attachment wp-att-9651\"><img loading=\"lazy\" decoding=\"async\" class=\"alignnone wp-image-9651\" src=\"https:\/\/xn--judo-lbben-feb.de\/wp-content\/uploads\/2016\/04\/DSC06061-558185-150x150.jpg\" alt=\"DSC06061 [558185]\" width=\"150\" height=\"150\" srcset=\"https:\/\/xn--judo-lbben-feb.de\/wp-content\/uploads\/2016\/04\/DSC06061-558185-150x150.jpg 150w, https:\/\/xn--judo-lbben-feb.de\/wp-content\/uploads\/2016\/04\/DSC06061-558185-80x80.jpg 80w, https:\/\/xn--judo-lbben-feb.de\/wp-content\/uploads\/2016\/04\/DSC06061-558185-200x200.jpg 200w\" sizes=\"auto, (max-width: 150px) 100vw, 150px\" \/><\/a> <a href=\"https:\/\/xn--judo-lbben-feb.de\/wp-content\/uploads\/2016\/04\/DSC06063-558187.jpg\" rel=\"attachment wp-att-9652\"><img loading=\"lazy\" decoding=\"async\" class=\"alignnone size-thumbnail wp-image-9652\" src=\"https:\/\/xn--judo-lbben-feb.de\/wp-content\/uploads\/2016\/04\/DSC06063-558187-150x150.jpg\" alt=\"DSC06063 [558187]\" width=\"150\" height=\"150\" srcset=\"https:\/\/xn--judo-lbben-feb.de\/wp-content\/uploads\/2016\/04\/DSC06063-558187-150x150.jpg 150w, https:\/\/xn--judo-lbben-feb.de\/wp-content\/uploads\/2016\/04\/DSC06063-558187-80x80.jpg 80w, https:\/\/xn--judo-lbben-feb.de\/wp-content\/uploads\/2016\/04\/DSC06063-558187-200x200.jpg 200w\" sizes=\"auto, (max-width: 150px) 100vw, 150px\" \/><\/a> <a href=\"https:\/\/xn--judo-lbben-feb.de\/wp-content\/uploads\/2016\/04\/DSC06064-558188.jpg\" rel=\"attachment wp-att-9653\"><img loading=\"lazy\" decoding=\"async\" class=\"alignnone size-thumbnail wp-image-9653\" src=\"https:\/\/xn--judo-lbben-feb.de\/wp-content\/uploads\/2016\/04\/DSC06064-558188-150x150.jpg\" alt=\"DSC06064 [558188]\" width=\"150\" height=\"150\" srcset=\"https:\/\/xn--judo-lbben-feb.de\/wp-content\/uploads\/2016\/04\/DSC06064-558188-150x150.jpg 150w, https:\/\/xn--judo-lbben-feb.de\/wp-content\/uploads\/2016\/04\/DSC06064-558188-80x80.jpg 80w, https:\/\/xn--judo-lbben-feb.de\/wp-content\/uploads\/2016\/04\/DSC06064-558188-200x200.jpg 200w\" sizes=\"auto, (max-width: 150px) 100vw, 150px\" \/><\/a><\/p>\n<p style=\"padding-left: 60px;\"><a href=\"https:\/\/xn--judo-lbben-feb.de\/wp-content\/uploads\/2016\/04\/DSC06066-558315.jpg\" rel=\"attachment wp-att-9654\"><img loading=\"lazy\" decoding=\"async\" class=\"alignnone size-thumbnail wp-image-9654\" src=\"https:\/\/xn--judo-lbben-feb.de\/wp-content\/uploads\/2016\/04\/DSC06066-558315-150x150.jpg\" alt=\"DSC06066 [558315]\" width=\"150\" height=\"150\" srcset=\"https:\/\/xn--judo-lbben-feb.de\/wp-content\/uploads\/2016\/04\/DSC06066-558315-150x150.jpg 150w, https:\/\/xn--judo-lbben-feb.de\/wp-content\/uploads\/2016\/04\/DSC06066-558315-80x80.jpg 80w, https:\/\/xn--judo-lbben-feb.de\/wp-content\/uploads\/2016\/04\/DSC06066-558315-200x200.jpg 200w\" sizes=\"auto, (max-width: 150px) 100vw, 150px\" \/><\/a> <a href=\"https:\/\/xn--judo-lbben-feb.de\/wp-content\/uploads\/2016\/04\/DSC06070-558319.jpg\" rel=\"attachment wp-att-9655\"><img loading=\"lazy\" decoding=\"async\" class=\"alignnone size-thumbnail wp-image-9655\" src=\"https:\/\/xn--judo-lbben-feb.de\/wp-content\/uploads\/2016\/04\/DSC06070-558319-150x150.jpg\" alt=\"DSC06070 [558319]\" width=\"150\" height=\"150\" srcset=\"https:\/\/xn--judo-lbben-feb.de\/wp-content\/uploads\/2016\/04\/DSC06070-558319-150x150.jpg 150w, https:\/\/xn--judo-lbben-feb.de\/wp-content\/uploads\/2016\/04\/DSC06070-558319-80x80.jpg 80w, https:\/\/xn--judo-lbben-feb.de\/wp-content\/uploads\/2016\/04\/DSC06070-558319-200x200.jpg 200w\" sizes=\"auto, (max-width: 150px) 100vw, 150px\" \/><\/a> <a href=\"https:\/\/xn--judo-lbben-feb.de\/wp-content\/uploads\/2016\/04\/DSC06072-558448-FILEminimizer.jpg\" rel=\"attachment wp-att-9656\"><img loading=\"lazy\" decoding=\"async\" class=\"alignnone size-thumbnail wp-image-9656\" src=\"https:\/\/xn--judo-lbben-feb.de\/wp-content\/uploads\/2016\/04\/DSC06072-558448-FILEminimizer-150x150.jpg\" alt=\"DSC06072 [558448] (FILEminimizer)\" width=\"150\" height=\"150\" srcset=\"https:\/\/xn--judo-lbben-feb.de\/wp-content\/uploads\/2016\/04\/DSC06072-558448-FILEminimizer-150x150.jpg 150w, https:\/\/xn--judo-lbben-feb.de\/wp-content\/uploads\/2016\/04\/DSC06072-558448-FILEminimizer-80x80.jpg 80w, https:\/\/xn--judo-lbben-feb.de\/wp-content\/uploads\/2016\/04\/DSC06072-558448-FILEminimizer-200x200.jpg 200w\" sizes=\"auto, (max-width: 150px) 100vw, 150px\" \/><\/a><\/p>\n<p style=\"padding-left: 60px;\"><a href=\"https:\/\/xn--judo-lbben-feb.de\/wp-content\/uploads\/2016\/04\/P1070783-FILEminimizer.jpg\" rel=\"attachment wp-att-9657\"><img loading=\"lazy\" decoding=\"async\" class=\"alignnone size-thumbnail wp-image-9657\" src=\"https:\/\/xn--judo-lbben-feb.de\/wp-content\/uploads\/2016\/04\/P1070783-FILEminimizer-150x150.jpg\" alt=\"P1070783 (FILEminimizer)\" width=\"150\" height=\"150\" srcset=\"https:\/\/xn--judo-lbben-feb.de\/wp-content\/uploads\/2016\/04\/P1070783-FILEminimizer-150x150.jpg 150w, https:\/\/xn--judo-lbben-feb.de\/wp-content\/uploads\/2016\/04\/P1070783-FILEminimizer-80x80.jpg 80w, https:\/\/xn--judo-lbben-feb.de\/wp-content\/uploads\/2016\/04\/P1070783-FILEminimizer-200x200.jpg 200w\" sizes=\"auto, (max-width: 150px) 100vw, 150px\" \/><\/a> <a href=\"https:\/\/xn--judo-lbben-feb.de\/wp-content\/uploads\/2016\/04\/P1070788-FILEminimizer.jpg\" rel=\"attachment wp-att-9658\"><img loading=\"lazy\" decoding=\"async\" class=\"alignnone size-thumbnail wp-image-9658\" src=\"https:\/\/xn--judo-lbben-feb.de\/wp-content\/uploads\/2016\/04\/P1070788-FILEminimizer-150x150.jpg\" alt=\"P1070788 (FILEminimizer)\" width=\"150\" height=\"150\" srcset=\"https:\/\/xn--judo-lbben-feb.de\/wp-content\/uploads\/2016\/04\/P1070788-FILEminimizer-150x150.jpg 150w, https:\/\/xn--judo-lbben-feb.de\/wp-content\/uploads\/2016\/04\/P1070788-FILEminimizer-80x80.jpg 80w, https:\/\/xn--judo-lbben-feb.de\/wp-content\/uploads\/2016\/04\/P1070788-FILEminimizer-200x200.jpg 200w\" sizes=\"auto, (max-width: 150px) 100vw, 150px\" \/><\/a> <a href=\"https:\/\/xn--judo-lbben-feb.de\/wp-content\/uploads\/2016\/04\/P1070789-FILEminimizer.jpg\" rel=\"attachment wp-att-9659\"><img loading=\"lazy\" decoding=\"async\" class=\"alignnone size-thumbnail wp-image-9659\" src=\"https:\/\/xn--judo-lbben-feb.de\/wp-content\/uploads\/2016\/04\/P1070789-FILEminimizer-150x150.jpg\" alt=\"P1070789 (FILEminimizer)\" width=\"150\" height=\"150\" srcset=\"https:\/\/xn--judo-lbben-feb.de\/wp-content\/uploads\/2016\/04\/P1070789-FILEminimizer-150x150.jpg 150w, https:\/\/xn--judo-lbben-feb.de\/wp-content\/uploads\/2016\/04\/P1070789-FILEminimizer-80x80.jpg 80w, https:\/\/xn--judo-lbben-feb.de\/wp-content\/uploads\/2016\/04\/P1070789-FILEminimizer-200x200.jpg 200w\" sizes=\"auto, (max-width: 150px) 100vw, 150px\" \/><\/a><\/p>\n<p style=\"padding-left: 60px;\"><a href=\"https:\/\/xn--judo-lbben-feb.de\/wp-content\/uploads\/2016\/04\/P1070792-FILEminimizer.jpg\" rel=\"attachment wp-att-9660\"><img loading=\"lazy\" decoding=\"async\" class=\"alignnone size-thumbnail wp-image-9660\" src=\"https:\/\/xn--judo-lbben-feb.de\/wp-content\/uploads\/2016\/04\/P1070792-FILEminimizer-150x150.jpg\" alt=\"P1070792 (FILEminimizer)\" width=\"150\" height=\"150\" srcset=\"https:\/\/xn--judo-lbben-feb.de\/wp-content\/uploads\/2016\/04\/P1070792-FILEminimizer-150x150.jpg 150w, https:\/\/xn--judo-lbben-feb.de\/wp-content\/uploads\/2016\/04\/P1070792-FILEminimizer-80x80.jpg 80w, https:\/\/xn--judo-lbben-feb.de\/wp-content\/uploads\/2016\/04\/P1070792-FILEminimizer-200x200.jpg 200w\" sizes=\"auto, (max-width: 150px) 100vw, 150px\" \/><\/a> <a href=\"https:\/\/xn--judo-lbben-feb.de\/wp-content\/uploads\/2016\/04\/P1070792.jpg\" rel=\"attachment wp-att-9661\"><img loading=\"lazy\" decoding=\"async\" class=\"alignnone size-thumbnail wp-image-9661\" src=\"https:\/\/xn--judo-lbben-feb.de\/wp-content\/uploads\/2016\/04\/P1070792-150x150.jpg\" alt=\"P1070792\" width=\"150\" height=\"150\" srcset=\"https:\/\/xn--judo-lbben-feb.de\/wp-content\/uploads\/2016\/04\/P1070792-150x150.jpg 150w, https:\/\/xn--judo-lbben-feb.de\/wp-content\/uploads\/2016\/04\/P1070792-80x80.jpg 80w, https:\/\/xn--judo-lbben-feb.de\/wp-content\/uploads\/2016\/04\/P1070792-200x200.jpg 200w\" sizes=\"auto, (max-width: 150px) 100vw, 150px\" \/><\/a> <a href=\"https:\/\/xn--judo-lbben-feb.de\/wp-content\/uploads\/2016\/04\/P1070794-FILEminimizer.jpg\" rel=\"attachment wp-att-9662\"><img loading=\"lazy\" decoding=\"async\" class=\"alignnone size-thumbnail wp-image-9662\" src=\"https:\/\/xn--judo-lbben-feb.de\/wp-content\/uploads\/2016\/04\/P1070794-FILEminimizer-150x150.jpg\" alt=\"P1070794 (FILEminimizer)\" width=\"150\" height=\"150\" srcset=\"https:\/\/xn--judo-lbben-feb.de\/wp-content\/uploads\/2016\/04\/P1070794-FILEminimizer-150x150.jpg 150w, https:\/\/xn--judo-lbben-feb.de\/wp-content\/uploads\/2016\/04\/P1070794-FILEminimizer-80x80.jpg 80w, https:\/\/xn--judo-lbben-feb.de\/wp-content\/uploads\/2016\/04\/P1070794-FILEminimizer-200x200.jpg 200w\" sizes=\"auto, (max-width: 150px) 100vw, 150px\" \/><\/a><\/p>\n<p style=\"padding-left: 60px;\"><a href=\"https:\/\/xn--judo-lbben-feb.de\/wp-content\/uploads\/2016\/04\/P1070802-FILEminimizer.jpg\" rel=\"attachment wp-att-9663\"><img loading=\"lazy\" decoding=\"async\" class=\"alignnone size-thumbnail wp-image-9663\" src=\"https:\/\/xn--judo-lbben-feb.de\/wp-content\/uploads\/2016\/04\/P1070802-FILEminimizer-150x150.jpg\" alt=\"P1070802 (FILEminimizer)\" width=\"150\" height=\"150\" srcset=\"https:\/\/xn--judo-lbben-feb.de\/wp-content\/uploads\/2016\/04\/P1070802-FILEminimizer-150x150.jpg 150w, https:\/\/xn--judo-lbben-feb.de\/wp-content\/uploads\/2016\/04\/P1070802-FILEminimizer-80x80.jpg 80w, https:\/\/xn--judo-lbben-feb.de\/wp-content\/uploads\/2016\/04\/P1070802-FILEminimizer-200x200.jpg 200w\" sizes=\"auto, (max-width: 150px) 100vw, 150px\" \/><\/a> <a href=\"https:\/\/xn--judo-lbben-feb.de\/wp-content\/uploads\/2016\/04\/P1070805-FILEminimizer.jpg\" rel=\"attachment wp-att-9664\"><img loading=\"lazy\" decoding=\"async\" class=\"alignnone size-thumbnail wp-image-9664\" src=\"https:\/\/xn--judo-lbben-feb.de\/wp-content\/uploads\/2016\/04\/P1070805-FILEminimizer-150x150.jpg\" alt=\"P1070805 (FILEminimizer)\" width=\"150\" height=\"150\" srcset=\"https:\/\/xn--judo-lbben-feb.de\/wp-content\/uploads\/2016\/04\/P1070805-FILEminimizer-150x150.jpg 150w, https:\/\/xn--judo-lbben-feb.de\/wp-content\/uploads\/2016\/04\/P1070805-FILEminimizer-80x80.jpg 80w, https:\/\/xn--judo-lbben-feb.de\/wp-content\/uploads\/2016\/04\/P1070805-FILEminimizer-200x200.jpg 200w\" sizes=\"auto, (max-width: 150px) 100vw, 150px\" \/><\/a> <a href=\"https:\/\/xn--judo-lbben-feb.de\/wp-content\/uploads\/2016\/04\/P1070811-FILEminimizer.jpg\" rel=\"attachment wp-att-9665\"><img loading=\"lazy\" decoding=\"async\" class=\"alignnone size-thumbnail wp-image-9665\" src=\"https:\/\/xn--judo-lbben-feb.de\/wp-content\/uploads\/2016\/04\/P1070811-FILEminimizer-150x150.jpg\" alt=\"P1070811 (FILEminimizer)\" width=\"150\" height=\"150\" srcset=\"https:\/\/xn--judo-lbben-feb.de\/wp-content\/uploads\/2016\/04\/P1070811-FILEminimizer-150x150.jpg 150w, https:\/\/xn--judo-lbben-feb.de\/wp-content\/uploads\/2016\/04\/P1070811-FILEminimizer-80x80.jpg 80w, https:\/\/xn--judo-lbben-feb.de\/wp-content\/uploads\/2016\/04\/P1070811-FILEminimizer-200x200.jpg 200w\" sizes=\"auto, (max-width: 150px) 100vw, 150px\" \/><\/a><\/p>\n<p style=\"padding-left: 60px;\"><a href=\"https:\/\/xn--judo-lbben-feb.de\/wp-content\/uploads\/2016\/04\/P1070818-FILEminimizer.jpg\" rel=\"attachment wp-att-9666\"><img loading=\"lazy\" decoding=\"async\" class=\"alignnone wp-image-9666\" src=\"https:\/\/xn--judo-lbben-feb.de\/wp-content\/uploads\/2016\/04\/P1070818-FILEminimizer-150x150.jpg\" alt=\"P1070818 (FILEminimizer)\" width=\"150\" height=\"150\" srcset=\"https:\/\/xn--judo-lbben-feb.de\/wp-content\/uploads\/2016\/04\/P1070818-FILEminimizer-150x150.jpg 150w, https:\/\/xn--judo-lbben-feb.de\/wp-content\/uploads\/2016\/04\/P1070818-FILEminimizer-80x80.jpg 80w, https:\/\/xn--judo-lbben-feb.de\/wp-content\/uploads\/2016\/04\/P1070818-FILEminimizer-200x200.jpg 200w\" sizes=\"auto, (max-width: 150px) 100vw, 150px\" \/><\/a> <a href=\"https:\/\/xn--judo-lbben-feb.de\/wp-content\/uploads\/2016\/04\/P1070825-FILEminimizer.jpg\" rel=\"attachment wp-att-9667\"><img loading=\"lazy\" decoding=\"async\" class=\"alignnone size-thumbnail wp-image-9667\" src=\"https:\/\/xn--judo-lbben-feb.de\/wp-content\/uploads\/2016\/04\/P1070825-FILEminimizer-150x150.jpg\" alt=\"P1070825 (FILEminimizer)\" width=\"150\" height=\"150\" srcset=\"https:\/\/xn--judo-lbben-feb.de\/wp-content\/uploads\/2016\/04\/P1070825-FILEminimizer-150x150.jpg 150w, https:\/\/xn--judo-lbben-feb.de\/wp-content\/uploads\/2016\/04\/P1070825-FILEminimizer-80x80.jpg 80w, https:\/\/xn--judo-lbben-feb.de\/wp-content\/uploads\/2016\/04\/P1070825-FILEminimizer-200x200.jpg 200w\" sizes=\"auto, (max-width: 150px) 100vw, 150px\" \/><\/a> <a href=\"https:\/\/xn--judo-lbben-feb.de\/wp-content\/uploads\/2016\/04\/P1070828-FILEminimizer.jpg\" rel=\"attachment wp-att-9668\"><img loading=\"lazy\" decoding=\"async\" class=\"alignnone size-thumbnail wp-image-9668\" src=\"https:\/\/xn--judo-lbben-feb.de\/wp-content\/uploads\/2016\/04\/P1070828-FILEminimizer-150x150.jpg\" alt=\"P1070828 (FILEminimizer)\" width=\"150\" height=\"150\" srcset=\"https:\/\/xn--judo-lbben-feb.de\/wp-content\/uploads\/2016\/04\/P1070828-FILEminimizer-150x150.jpg 150w, https:\/\/xn--judo-lbben-feb.de\/wp-content\/uploads\/2016\/04\/P1070828-FILEminimizer-80x80.jpg 80w, https:\/\/xn--judo-lbben-feb.de\/wp-content\/uploads\/2016\/04\/P1070828-FILEminimizer-200x200.jpg 200w\" sizes=\"auto, (max-width: 150px) 100vw, 150px\" \/><\/a><\/p>\n<p style=\"padding-left: 60px;\"><a href=\"https:\/\/xn--judo-lbben-feb.de\/wp-content\/uploads\/2016\/04\/P1070833-FILEminimizer.jpg\" rel=\"attachment wp-att-9669\"><img loading=\"lazy\" decoding=\"async\" class=\"alignnone size-thumbnail wp-image-9669\" src=\"https:\/\/xn--judo-lbben-feb.de\/wp-content\/uploads\/2016\/04\/P1070833-FILEminimizer-150x150.jpg\" alt=\"P1070833 (FILEminimizer)\" width=\"150\" height=\"150\" srcset=\"https:\/\/xn--judo-lbben-feb.de\/wp-content\/uploads\/2016\/04\/P1070833-FILEminimizer-150x150.jpg 150w, https:\/\/xn--judo-lbben-feb.de\/wp-content\/uploads\/2016\/04\/P1070833-FILEminimizer-80x80.jpg 80w, https:\/\/xn--judo-lbben-feb.de\/wp-content\/uploads\/2016\/04\/P1070833-FILEminimizer-200x200.jpg 200w\" sizes=\"auto, (max-width: 150px) 100vw, 150px\" \/><\/a> <a href=\"https:\/\/xn--judo-lbben-feb.de\/wp-content\/uploads\/2016\/04\/P1070835-FILEminimizer.jpg\" rel=\"attachment wp-att-9670\"><img loading=\"lazy\" decoding=\"async\" class=\"alignnone size-thumbnail wp-image-9670\" src=\"https:\/\/xn--judo-lbben-feb.de\/wp-content\/uploads\/2016\/04\/P1070835-FILEminimizer-150x150.jpg\" alt=\"P1070835 (FILEminimizer)\" width=\"150\" height=\"150\" srcset=\"https:\/\/xn--judo-lbben-feb.de\/wp-content\/uploads\/2016\/04\/P1070835-FILEminimizer-150x150.jpg 150w, https:\/\/xn--judo-lbben-feb.de\/wp-content\/uploads\/2016\/04\/P1070835-FILEminimizer-80x80.jpg 80w, https:\/\/xn--judo-lbben-feb.de\/wp-content\/uploads\/2016\/04\/P1070835-FILEminimizer-200x200.jpg 200w\" sizes=\"auto, (max-width: 150px) 100vw, 150px\" \/><\/a> <a href=\"https:\/\/xn--judo-lbben-feb.de\/wp-content\/uploads\/2016\/04\/P1070838-FILEminimizer.jpg\" rel=\"attachment wp-att-9671\"><img loading=\"lazy\" decoding=\"async\" class=\"alignnone size-thumbnail wp-image-9671\" src=\"https:\/\/xn--judo-lbben-feb.de\/wp-content\/uploads\/2016\/04\/P1070838-FILEminimizer-150x150.jpg\" alt=\"P1070838 (FILEminimizer)\" width=\"150\" height=\"150\" srcset=\"https:\/\/xn--judo-lbben-feb.de\/wp-content\/uploads\/2016\/04\/P1070838-FILEminimizer-150x150.jpg 150w, https:\/\/xn--judo-lbben-feb.de\/wp-content\/uploads\/2016\/04\/P1070838-FILEminimizer-80x80.jpg 80w, https:\/\/xn--judo-lbben-feb.de\/wp-content\/uploads\/2016\/04\/P1070838-FILEminimizer-200x200.jpg 200w\" sizes=\"auto, (max-width: 150px) 100vw, 150px\" \/><\/a><\/p>\n<p>Die Ergebnisse<\/p>\n<p><span style=\"color: #ff0000;\"><strong>23.\/24. April 2016 \u00a0 Sparkassencup Strausberg<\/strong><\/span><\/p>\n<p><span style=\"color: #993366;\"><strong>1. Pl\u00e4tze<\/strong><\/span><\/p>\n<p>Erik Rechenberger(U9), Leonhard Hampusch(U9), Florian Ziffus(U9), Elisa Rudnik bis 33kg(U13), Sarah Rudnik bis 44kg(U15)<\/p>\n<p><span style=\"color: #993366;\"><strong>2. Pl\u00e4tze<\/strong><\/span><\/p>\n<p>Angelo Nitschke(U9), Max Lachmann bis 55kg(U13), Miriam Stoye bis 52kg(U15)<\/p>\n<p><span style=\"color: #993366;\"><strong>3. Pl\u00e4tze<\/strong><\/span><\/p>\n<p>Igor Bekker bis 50kg(U13)<\/p>\n<p><span style=\"color: #993366;\"><strong>5. Pl\u00e4tze<\/strong><\/span><\/p>\n<p>Melissa Stoye bis 30kg(U13), Felix Kahl bis 50kg(U13), Dominique Vierling bis 46kg(U15)<\/p>\n","protected":false},"excerpt":{"rendered":"<p>Mit 5-mal Gold, 3-mal Silber und 1-mal Bronze im Gep\u00e4ck, kehrten unsere Judokas erfolgreich vom Sparkassen-Cup in Strausberg am 23.\/24. April 2016 nach L\u00fcbben zur\u00fcck. Am 1. Tag als unsere U13\/U15 startete, beeindruckte vor allem Elisa. Sie trat in der gr\u00f6\u00dften Gruppe ihrer Altersklasse der U13 an und gewann mit 5 Siegen Gold. Eine weitere [&hellip;]<\/p>\n","protected":false},"author":2,"featured_media":9671,"comment_status":"closed","ping_status":"open","sticky":false,"template":"","format":"standard","meta":{"_et_pb_use_builder":"","_et_pb_old_content":"","_et_gb_content_width":"","footnotes":""},"categories":[2],"tags":[],"class_list":["post-9647","post","type-post","status-publish","format-standard","has-post-thumbnail","hentry","category-news"],"_links":{"self":[{"href":"https:\/\/xn--judo-lbben-feb.de\/index.php?rest_route=\/wp\/v2\/posts\/9647","targetHints":{"allow":["GET"]}}],"collection":[{"href":"https:\/\/xn--judo-lbben-feb.de\/index.php?rest_route=\/wp\/v2\/posts"}],"about":[{"href":"https:\/\/xn--judo-lbben-feb.de\/index.php?rest_route=\/wp\/v2\/types\/post"}],"author":[{"embeddable":true,"href":"https:\/\/xn--judo-lbben-feb.de\/index.php?rest_route=\/wp\/v2\/users\/2"}],"replies":[{"embeddable":true,"href":"https:\/\/xn--judo-lbben-feb.de\/index.php?rest_route=%2Fwp%2Fv2%2Fcomments&post=9647"}],"version-history":[{"count":15,"href":"https:\/\/xn--judo-lbben-feb.de\/index.php?rest_route=\/wp\/v2\/posts\/9647\/revisions"}],"predecessor-version":[{"id":9693,"href":"https:\/\/xn--judo-lbben-feb.de\/index.php?rest_route=\/wp\/v2\/posts\/9647\/revisions\/9693"}],"wp:featuredmedia":[{"embeddable":true,"href":"https:\/\/xn--judo-lbben-feb.de\/index.php?rest_route=\/wp\/v2\/media\/9671"}],"wp:attachment":[{"href":"https:\/\/xn--judo-lbben-feb.de\/index.php?rest_route=%2Fwp%2Fv2%2Fmedia&parent=9647"}],"wp:term":[{"taxonomy":"category","embeddable":true,"href":"https:\/\/xn--judo-lbben-feb.de\/index.php?rest_route=%2Fwp%2Fv2%2Fcategories&post=9647"},{"taxonomy":"post_tag","embeddable":true,"href":"https:\/\/xn--judo-lbben-feb.de\/index.php?rest_route=%2Fwp%2Fv2%2Ftags&post=9647"}],"curies":[{"name":"wp","href":"https:\/\/api.w.org\/{rel}","templated":true}]}}