{"id":9363,"date":"2016-03-06T19:41:36","date_gmt":"2016-03-06T18:41:36","guid":{"rendered":"http:\/\/xn--judo-lbben-feb.de\/?p=9363"},"modified":"2016-03-06T20:07:32","modified_gmt":"2016-03-06T19:07:32","slug":"2-tag-des-internationalen-kirschblueten-cup-in-spremberg","status":"publish","type":"post","link":"https:\/\/xn--judo-lbben-feb.de\/?p=9363","title":{"rendered":"2. Tag des Internationalen Kirschbl\u00fcten Cup in Spremberg"},"content":{"rendered":"<p style=\"text-align: center;\">Am zweiten Wettkampftag starteten 230 K\u00e4mpfer in den Altersklassen U13 und U16. Wieder waren Vereine aus Tschechien, Polen und Wei\u00dfru\u00dfland mit dabei.<\/p>\n<p style=\"text-align: center;\"><a href=\"https:\/\/xn--judo-lbben-feb.de\/wp-content\/uploads\/2016\/03\/DSC05948-.jpg\" rel=\"attachment wp-att-9368\"><img loading=\"lazy\" decoding=\"async\" class=\"alignnone size-large wp-image-9368\" src=\"https:\/\/xn--judo-lbben-feb.de\/wp-content\/uploads\/2016\/03\/DSC05948--1024x768.jpg\" alt=\"DSC05948\" width=\"598\" height=\"449\" srcset=\"https:\/\/xn--judo-lbben-feb.de\/wp-content\/uploads\/2016\/03\/DSC05948-.jpg 1024w, https:\/\/xn--judo-lbben-feb.de\/wp-content\/uploads\/2016\/03\/DSC05948--300x225.jpg 300w, https:\/\/xn--judo-lbben-feb.de\/wp-content\/uploads\/2016\/03\/DSC05948--768x576.jpg 768w\" sizes=\"auto, (max-width: 598px) 100vw, 598px\" \/><\/a><\/p>\n<p style=\"text-align: center;\">Diesmal reisten wir mit 6 Judokas an. Mit zwei 1. Pl\u00e4tzen, einem 2. Platz, einem 3. Platz und leider zwei f\u00fcnften Pl\u00e4tzen endete das Turnier f\u00fcr die Kuzushis vers\u00f6hnlich.<\/p>\n<p style=\"text-align: center;\">\n<table id=\"tablepress-9\" class=\"tablepress tablepress-id-9\">\n<thead>\n<tr class=\"row-1\">\n\t<th class=\"column-1\">Name   <\/th><th class=\"column-2\">Teiln.<\/th><th class=\"column-3\">Jug.<\/th><th class=\"column-4\">Gewicht<\/th><th class=\"column-5\">1.<\/th><th class=\"column-6\">2.<\/th><th class=\"column-7\">3.<\/th><th class=\"column-8\">4.<\/th><th class=\"column-9\">Platz<\/th>\n<\/tr>\n<\/thead>\n<tbody class=\"row-striping row-hover\">\n<tr class=\"row-2\">\n\t<td class=\"column-1\">Melissa<\/td><td class=\"column-2\">6<\/td><td class=\"column-3\">U 13<\/td><td class=\"column-4\">- 28kg<\/td><td class=\"column-5\">0<\/td><td class=\"column-6\">0<\/td><td class=\"column-7\"><\/td><td class=\"column-8\"><\/td><td class=\"column-9\">5<\/td>\n<\/tr>\n<tr class=\"row-3\">\n\t<td class=\"column-1\">Elisa<\/td><td class=\"column-2\">4<\/td><td class=\"column-3\">U 13<\/td><td class=\"column-4\">- 33kg<\/td><td class=\"column-5\">10<\/td><td class=\"column-6\">10<\/td><td class=\"column-7\">10<\/td><td class=\"column-8\"><\/td><td class=\"column-9\">1<\/td>\n<\/tr>\n<tr class=\"row-4\">\n\t<td class=\"column-1\">Igor<\/td><td class=\"column-2\">5<\/td><td class=\"column-3\">U 13<\/td><td class=\"column-4\">- 50kg<\/td><td class=\"column-5\">0<\/td><td class=\"column-6\">0<\/td><td class=\"column-7\">0<\/td><td class=\"column-8\">0<\/td><td class=\"column-9\">5<\/td>\n<\/tr>\n<tr class=\"row-5\">\n\t<td class=\"column-1\">Sarah<\/td><td class=\"column-2\">6<\/td><td class=\"column-3\">U 16<\/td><td class=\"column-4\">- 44kg<\/td><td class=\"column-5\">10<\/td><td class=\"column-6\">0<\/td><td class=\"column-7\"><\/td><td class=\"column-8\"><\/td><td class=\"column-9\">2<\/td>\n<\/tr>\n<tr class=\"row-6\">\n\t<td class=\"column-1\">Miriam<\/td><td class=\"column-2\">7<\/td><td class=\"column-3\">U 16<\/td><td class=\"column-4\">- 52kg<\/td><td class=\"column-5\">10<\/td><td class=\"column-6\">0<\/td><td class=\"column-7\">10<\/td><td class=\"column-8\"><\/td><td class=\"column-9\">3<\/td>\n<\/tr>\n<tr class=\"row-7\">\n\t<td class=\"column-1\">Fabian<\/td><td class=\"column-2\">3<\/td><td class=\"column-3\">U 16<\/td><td class=\"column-4\">- 73kg<\/td><td class=\"column-5\">10<\/td><td class=\"column-6\">10<\/td><td class=\"column-7\"><\/td><td class=\"column-8\"><\/td><td class=\"column-9\">1<\/td>\n<\/tr>\n<\/tbody>\n<\/table>\n<!-- #tablepress-9 from cache --><\/p>\n<p style=\"text-align: left;\">Impressionen:<\/p>\n<p style=\"text-align: center;\">\u00a0<a href=\"https:\/\/xn--judo-lbben-feb.de\/wp-content\/uploads\/2016\/03\/DSC05951-1-1.jpg\" rel=\"attachment wp-att-9372\"><img loading=\"lazy\" decoding=\"async\" class=\"alignnone size-thumbnail wp-image-9372\" src=\"https:\/\/xn--judo-lbben-feb.de\/wp-content\/uploads\/2016\/03\/DSC05951-1-1-150x150.jpg\" alt=\"DSC05951\" width=\"150\" height=\"150\" srcset=\"https:\/\/xn--judo-lbben-feb.de\/wp-content\/uploads\/2016\/03\/DSC05951-1-1-150x150.jpg 150w, https:\/\/xn--judo-lbben-feb.de\/wp-content\/uploads\/2016\/03\/DSC05951-1-1-80x80.jpg 80w, https:\/\/xn--judo-lbben-feb.de\/wp-content\/uploads\/2016\/03\/DSC05951-1-1-200x200.jpg 200w\" sizes=\"auto, (max-width: 150px) 100vw, 150px\" \/><\/a> <a href=\"https:\/\/xn--judo-lbben-feb.de\/wp-content\/uploads\/2016\/03\/DSC05952-.jpg\" rel=\"attachment wp-att-9373\"><img loading=\"lazy\" decoding=\"async\" class=\"alignnone size-thumbnail wp-image-9373\" src=\"https:\/\/xn--judo-lbben-feb.de\/wp-content\/uploads\/2016\/03\/DSC05952--150x150.jpg\" alt=\"DSC05952\" width=\"150\" height=\"150\" srcset=\"https:\/\/xn--judo-lbben-feb.de\/wp-content\/uploads\/2016\/03\/DSC05952--150x150.jpg 150w, https:\/\/xn--judo-lbben-feb.de\/wp-content\/uploads\/2016\/03\/DSC05952--80x80.jpg 80w, https:\/\/xn--judo-lbben-feb.de\/wp-content\/uploads\/2016\/03\/DSC05952--200x200.jpg 200w\" sizes=\"auto, (max-width: 150px) 100vw, 150px\" \/><\/a> <a href=\"https:\/\/xn--judo-lbben-feb.de\/wp-content\/uploads\/2016\/03\/DSC05953-.jpg\" rel=\"attachment wp-att-9374\"><img loading=\"lazy\" decoding=\"async\" class=\"alignnone size-thumbnail wp-image-9374\" src=\"https:\/\/xn--judo-lbben-feb.de\/wp-content\/uploads\/2016\/03\/DSC05953--150x150.jpg\" alt=\"DSC05953\" width=\"150\" height=\"150\" srcset=\"https:\/\/xn--judo-lbben-feb.de\/wp-content\/uploads\/2016\/03\/DSC05953--150x150.jpg 150w, https:\/\/xn--judo-lbben-feb.de\/wp-content\/uploads\/2016\/03\/DSC05953--80x80.jpg 80w, https:\/\/xn--judo-lbben-feb.de\/wp-content\/uploads\/2016\/03\/DSC05953--200x200.jpg 200w\" sizes=\"auto, (max-width: 150px) 100vw, 150px\" \/><\/a> <a href=\"https:\/\/xn--judo-lbben-feb.de\/wp-content\/uploads\/2016\/03\/DSC05955-.jpg\" rel=\"attachment wp-att-9375\"><img loading=\"lazy\" decoding=\"async\" class=\"alignnone size-thumbnail wp-image-9375\" src=\"https:\/\/xn--judo-lbben-feb.de\/wp-content\/uploads\/2016\/03\/DSC05955--150x150.jpg\" alt=\"DSC05955\" width=\"150\" height=\"150\" srcset=\"https:\/\/xn--judo-lbben-feb.de\/wp-content\/uploads\/2016\/03\/DSC05955--150x150.jpg 150w, https:\/\/xn--judo-lbben-feb.de\/wp-content\/uploads\/2016\/03\/DSC05955--80x80.jpg 80w, https:\/\/xn--judo-lbben-feb.de\/wp-content\/uploads\/2016\/03\/DSC05955--200x200.jpg 200w\" sizes=\"auto, (max-width: 150px) 100vw, 150px\" \/><\/a> <a href=\"https:\/\/xn--judo-lbben-feb.de\/wp-content\/uploads\/2016\/03\/DSC05956-.jpg\" rel=\"attachment wp-att-9376\"><img loading=\"lazy\" decoding=\"async\" class=\"alignnone size-thumbnail wp-image-9376\" src=\"https:\/\/xn--judo-lbben-feb.de\/wp-content\/uploads\/2016\/03\/DSC05956--150x150.jpg\" alt=\"DSC05956\" width=\"150\" height=\"150\" srcset=\"https:\/\/xn--judo-lbben-feb.de\/wp-content\/uploads\/2016\/03\/DSC05956--150x150.jpg 150w, https:\/\/xn--judo-lbben-feb.de\/wp-content\/uploads\/2016\/03\/DSC05956--80x80.jpg 80w, https:\/\/xn--judo-lbben-feb.de\/wp-content\/uploads\/2016\/03\/DSC05956--200x200.jpg 200w\" sizes=\"auto, (max-width: 150px) 100vw, 150px\" \/><\/a> <a href=\"https:\/\/xn--judo-lbben-feb.de\/wp-content\/uploads\/2016\/03\/DSC05957-.jpg\" rel=\"attachment wp-att-9377\"><img loading=\"lazy\" decoding=\"async\" class=\"alignnone size-thumbnail wp-image-9377\" src=\"https:\/\/xn--judo-lbben-feb.de\/wp-content\/uploads\/2016\/03\/DSC05957--150x150.jpg\" alt=\"DSC05957\" width=\"150\" height=\"150\" srcset=\"https:\/\/xn--judo-lbben-feb.de\/wp-content\/uploads\/2016\/03\/DSC05957--150x150.jpg 150w, https:\/\/xn--judo-lbben-feb.de\/wp-content\/uploads\/2016\/03\/DSC05957--80x80.jpg 80w, https:\/\/xn--judo-lbben-feb.de\/wp-content\/uploads\/2016\/03\/DSC05957--200x200.jpg 200w\" sizes=\"auto, (max-width: 150px) 100vw, 150px\" \/><\/a> <a href=\"https:\/\/xn--judo-lbben-feb.de\/wp-content\/uploads\/2016\/03\/DSC05959-.jpg\" rel=\"attachment wp-att-9378\"><img loading=\"lazy\" decoding=\"async\" class=\"alignnone size-thumbnail wp-image-9378\" src=\"https:\/\/xn--judo-lbben-feb.de\/wp-content\/uploads\/2016\/03\/DSC05959--150x150.jpg\" alt=\"DSC05959\" width=\"150\" height=\"150\" srcset=\"https:\/\/xn--judo-lbben-feb.de\/wp-content\/uploads\/2016\/03\/DSC05959--150x150.jpg 150w, https:\/\/xn--judo-lbben-feb.de\/wp-content\/uploads\/2016\/03\/DSC05959--80x80.jpg 80w, https:\/\/xn--judo-lbben-feb.de\/wp-content\/uploads\/2016\/03\/DSC05959--200x200.jpg 200w\" sizes=\"auto, (max-width: 150px) 100vw, 150px\" \/><\/a> <a href=\"https:\/\/xn--judo-lbben-feb.de\/wp-content\/uploads\/2016\/03\/DSC05962-.jpg\" rel=\"attachment wp-att-9379\"><img loading=\"lazy\" decoding=\"async\" class=\"alignnone size-thumbnail wp-image-9379\" src=\"https:\/\/xn--judo-lbben-feb.de\/wp-content\/uploads\/2016\/03\/DSC05962--150x150.jpg\" alt=\"DSC05962\" width=\"150\" height=\"150\" srcset=\"https:\/\/xn--judo-lbben-feb.de\/wp-content\/uploads\/2016\/03\/DSC05962--150x150.jpg 150w, https:\/\/xn--judo-lbben-feb.de\/wp-content\/uploads\/2016\/03\/DSC05962--80x80.jpg 80w, https:\/\/xn--judo-lbben-feb.de\/wp-content\/uploads\/2016\/03\/DSC05962--200x200.jpg 200w\" sizes=\"auto, (max-width: 150px) 100vw, 150px\" \/><\/a> <a href=\"https:\/\/xn--judo-lbben-feb.de\/wp-content\/uploads\/2016\/03\/DSC05963-.jpg\" rel=\"attachment wp-att-9380\"><img loading=\"lazy\" decoding=\"async\" class=\"alignnone size-thumbnail wp-image-9380\" src=\"https:\/\/xn--judo-lbben-feb.de\/wp-content\/uploads\/2016\/03\/DSC05963--150x150.jpg\" alt=\"DSC05963\" width=\"150\" height=\"150\" srcset=\"https:\/\/xn--judo-lbben-feb.de\/wp-content\/uploads\/2016\/03\/DSC05963--150x150.jpg 150w, https:\/\/xn--judo-lbben-feb.de\/wp-content\/uploads\/2016\/03\/DSC05963--80x80.jpg 80w, https:\/\/xn--judo-lbben-feb.de\/wp-content\/uploads\/2016\/03\/DSC05963--200x200.jpg 200w\" sizes=\"auto, (max-width: 150px) 100vw, 150px\" \/><\/a> <a href=\"https:\/\/xn--judo-lbben-feb.de\/wp-content\/uploads\/2016\/03\/DSC05966-.jpg\" rel=\"attachment wp-att-9381\"><img loading=\"lazy\" decoding=\"async\" class=\"alignnone size-thumbnail wp-image-9381\" src=\"https:\/\/xn--judo-lbben-feb.de\/wp-content\/uploads\/2016\/03\/DSC05966--150x150.jpg\" alt=\"DSC05966\" width=\"150\" height=\"150\" srcset=\"https:\/\/xn--judo-lbben-feb.de\/wp-content\/uploads\/2016\/03\/DSC05966--150x150.jpg 150w, https:\/\/xn--judo-lbben-feb.de\/wp-content\/uploads\/2016\/03\/DSC05966--80x80.jpg 80w, https:\/\/xn--judo-lbben-feb.de\/wp-content\/uploads\/2016\/03\/DSC05966--200x200.jpg 200w\" sizes=\"auto, (max-width: 150px) 100vw, 150px\" \/><\/a> <a href=\"https:\/\/xn--judo-lbben-feb.de\/wp-content\/uploads\/2016\/03\/DSC05971-.jpg\" rel=\"attachment wp-att-9382\"><img loading=\"lazy\" decoding=\"async\" class=\"alignnone size-thumbnail wp-image-9382\" src=\"https:\/\/xn--judo-lbben-feb.de\/wp-content\/uploads\/2016\/03\/DSC05971--150x150.jpg\" alt=\"DSC05971\" width=\"150\" height=\"150\" srcset=\"https:\/\/xn--judo-lbben-feb.de\/wp-content\/uploads\/2016\/03\/DSC05971--150x150.jpg 150w, https:\/\/xn--judo-lbben-feb.de\/wp-content\/uploads\/2016\/03\/DSC05971--80x80.jpg 80w, https:\/\/xn--judo-lbben-feb.de\/wp-content\/uploads\/2016\/03\/DSC05971--200x200.jpg 200w\" sizes=\"auto, (max-width: 150px) 100vw, 150px\" \/><\/a> <a href=\"https:\/\/xn--judo-lbben-feb.de\/wp-content\/uploads\/2016\/03\/DSC05972-.jpg\" rel=\"attachment wp-att-9383\"><img loading=\"lazy\" decoding=\"async\" class=\"alignnone size-thumbnail wp-image-9383\" src=\"https:\/\/xn--judo-lbben-feb.de\/wp-content\/uploads\/2016\/03\/DSC05972--150x150.jpg\" alt=\"DSC05972\" width=\"150\" height=\"150\" srcset=\"https:\/\/xn--judo-lbben-feb.de\/wp-content\/uploads\/2016\/03\/DSC05972--150x150.jpg 150w, https:\/\/xn--judo-lbben-feb.de\/wp-content\/uploads\/2016\/03\/DSC05972--80x80.jpg 80w, https:\/\/xn--judo-lbben-feb.de\/wp-content\/uploads\/2016\/03\/DSC05972--200x200.jpg 200w\" sizes=\"auto, (max-width: 150px) 100vw, 150px\" \/><\/a> <a href=\"https:\/\/xn--judo-lbben-feb.de\/wp-content\/uploads\/2016\/03\/DSC05973-.jpg\" rel=\"attachment wp-att-9384\"><img loading=\"lazy\" decoding=\"async\" class=\"alignnone size-thumbnail wp-image-9384\" src=\"https:\/\/xn--judo-lbben-feb.de\/wp-content\/uploads\/2016\/03\/DSC05973--150x150.jpg\" alt=\"DSC05973\" width=\"150\" height=\"150\" srcset=\"https:\/\/xn--judo-lbben-feb.de\/wp-content\/uploads\/2016\/03\/DSC05973--150x150.jpg 150w, https:\/\/xn--judo-lbben-feb.de\/wp-content\/uploads\/2016\/03\/DSC05973--80x80.jpg 80w, https:\/\/xn--judo-lbben-feb.de\/wp-content\/uploads\/2016\/03\/DSC05973--200x200.jpg 200w\" sizes=\"auto, (max-width: 150px) 100vw, 150px\" \/><\/a> <a href=\"https:\/\/xn--judo-lbben-feb.de\/wp-content\/uploads\/2016\/03\/DSC05975-.jpg\" rel=\"attachment wp-att-9385\"><img loading=\"lazy\" decoding=\"async\" class=\"alignnone size-thumbnail wp-image-9385\" src=\"https:\/\/xn--judo-lbben-feb.de\/wp-content\/uploads\/2016\/03\/DSC05975--150x150.jpg\" alt=\"DSC05975\" width=\"150\" height=\"150\" srcset=\"https:\/\/xn--judo-lbben-feb.de\/wp-content\/uploads\/2016\/03\/DSC05975--150x150.jpg 150w, https:\/\/xn--judo-lbben-feb.de\/wp-content\/uploads\/2016\/03\/DSC05975--80x80.jpg 80w, https:\/\/xn--judo-lbben-feb.de\/wp-content\/uploads\/2016\/03\/DSC05975--200x200.jpg 200w\" sizes=\"auto, (max-width: 150px) 100vw, 150px\" \/><\/a> <a href=\"https:\/\/xn--judo-lbben-feb.de\/wp-content\/uploads\/2016\/03\/DSC05979-.jpg\" rel=\"attachment wp-att-9386\"><img loading=\"lazy\" decoding=\"async\" class=\"alignnone size-thumbnail wp-image-9386\" src=\"https:\/\/xn--judo-lbben-feb.de\/wp-content\/uploads\/2016\/03\/DSC05979--150x150.jpg\" alt=\"DSC05979\" width=\"150\" height=\"150\" srcset=\"https:\/\/xn--judo-lbben-feb.de\/wp-content\/uploads\/2016\/03\/DSC05979--150x150.jpg 150w, https:\/\/xn--judo-lbben-feb.de\/wp-content\/uploads\/2016\/03\/DSC05979--80x80.jpg 80w, https:\/\/xn--judo-lbben-feb.de\/wp-content\/uploads\/2016\/03\/DSC05979--200x200.jpg 200w\" sizes=\"auto, (max-width: 150px) 100vw, 150px\" \/><\/a> <a href=\"https:\/\/xn--judo-lbben-feb.de\/wp-content\/uploads\/2016\/03\/DSC05985-.jpg\" rel=\"attachment wp-att-9387\"><img loading=\"lazy\" decoding=\"async\" class=\"alignnone size-thumbnail wp-image-9387\" src=\"https:\/\/xn--judo-lbben-feb.de\/wp-content\/uploads\/2016\/03\/DSC05985--150x150.jpg\" alt=\"DSC05985\" width=\"150\" height=\"150\" srcset=\"https:\/\/xn--judo-lbben-feb.de\/wp-content\/uploads\/2016\/03\/DSC05985--150x150.jpg 150w, https:\/\/xn--judo-lbben-feb.de\/wp-content\/uploads\/2016\/03\/DSC05985--80x80.jpg 80w, https:\/\/xn--judo-lbben-feb.de\/wp-content\/uploads\/2016\/03\/DSC05985--200x200.jpg 200w\" sizes=\"auto, (max-width: 150px) 100vw, 150px\" \/><\/a> <a href=\"https:\/\/xn--judo-lbben-feb.de\/wp-content\/uploads\/2016\/03\/DSC05987-.jpg\" rel=\"attachment wp-att-9388\"><img loading=\"lazy\" decoding=\"async\" class=\"alignnone size-thumbnail wp-image-9388\" src=\"https:\/\/xn--judo-lbben-feb.de\/wp-content\/uploads\/2016\/03\/DSC05987--150x150.jpg\" alt=\"DSC05987\" width=\"150\" height=\"150\" srcset=\"https:\/\/xn--judo-lbben-feb.de\/wp-content\/uploads\/2016\/03\/DSC05987--150x150.jpg 150w, https:\/\/xn--judo-lbben-feb.de\/wp-content\/uploads\/2016\/03\/DSC05987--80x80.jpg 80w, https:\/\/xn--judo-lbben-feb.de\/wp-content\/uploads\/2016\/03\/DSC05987--200x200.jpg 200w\" sizes=\"auto, (max-width: 150px) 100vw, 150px\" \/><\/a> <a href=\"https:\/\/xn--judo-lbben-feb.de\/wp-content\/uploads\/2016\/03\/DSC05988-.jpg\" rel=\"attachment wp-att-9389\"><img loading=\"lazy\" decoding=\"async\" class=\"alignnone size-thumbnail wp-image-9389\" src=\"https:\/\/xn--judo-lbben-feb.de\/wp-content\/uploads\/2016\/03\/DSC05988--150x150.jpg\" alt=\"DSC05988\" width=\"150\" height=\"150\" srcset=\"https:\/\/xn--judo-lbben-feb.de\/wp-content\/uploads\/2016\/03\/DSC05988--150x150.jpg 150w, https:\/\/xn--judo-lbben-feb.de\/wp-content\/uploads\/2016\/03\/DSC05988--80x80.jpg 80w, https:\/\/xn--judo-lbben-feb.de\/wp-content\/uploads\/2016\/03\/DSC05988--200x200.jpg 200w\" sizes=\"auto, (max-width: 150px) 100vw, 150px\" \/><\/a> <a href=\"https:\/\/xn--judo-lbben-feb.de\/wp-content\/uploads\/2016\/03\/DSC05991-.jpg\" rel=\"attachment wp-att-9390\"><img loading=\"lazy\" decoding=\"async\" class=\"alignnone size-thumbnail wp-image-9390\" src=\"https:\/\/xn--judo-lbben-feb.de\/wp-content\/uploads\/2016\/03\/DSC05991--150x150.jpg\" alt=\"DSC05991\" width=\"150\" height=\"150\" srcset=\"https:\/\/xn--judo-lbben-feb.de\/wp-content\/uploads\/2016\/03\/DSC05991--150x150.jpg 150w, https:\/\/xn--judo-lbben-feb.de\/wp-content\/uploads\/2016\/03\/DSC05991--80x80.jpg 80w, https:\/\/xn--judo-lbben-feb.de\/wp-content\/uploads\/2016\/03\/DSC05991--200x200.jpg 200w\" sizes=\"auto, (max-width: 150px) 100vw, 150px\" \/><\/a> <a href=\"https:\/\/xn--judo-lbben-feb.de\/wp-content\/uploads\/2016\/03\/DSC05993-.jpg\" rel=\"attachment wp-att-9391\"><img loading=\"lazy\" decoding=\"async\" class=\"alignnone size-thumbnail wp-image-9391\" src=\"https:\/\/xn--judo-lbben-feb.de\/wp-content\/uploads\/2016\/03\/DSC05993--150x150.jpg\" alt=\"DSC05993\" width=\"150\" height=\"150\" srcset=\"https:\/\/xn--judo-lbben-feb.de\/wp-content\/uploads\/2016\/03\/DSC05993--150x150.jpg 150w, https:\/\/xn--judo-lbben-feb.de\/wp-content\/uploads\/2016\/03\/DSC05993--80x80.jpg 80w, https:\/\/xn--judo-lbben-feb.de\/wp-content\/uploads\/2016\/03\/DSC05993--200x200.jpg 200w\" sizes=\"auto, (max-width: 150px) 100vw, 150px\" \/><\/a> <a href=\"https:\/\/xn--judo-lbben-feb.de\/wp-content\/uploads\/2016\/03\/DSC05995-.jpg\" rel=\"attachment wp-att-9392\"><img loading=\"lazy\" decoding=\"async\" class=\"alignnone size-thumbnail wp-image-9392\" src=\"https:\/\/xn--judo-lbben-feb.de\/wp-content\/uploads\/2016\/03\/DSC05995--150x150.jpg\" alt=\"DSC05995\" width=\"150\" height=\"150\" srcset=\"https:\/\/xn--judo-lbben-feb.de\/wp-content\/uploads\/2016\/03\/DSC05995--150x150.jpg 150w, https:\/\/xn--judo-lbben-feb.de\/wp-content\/uploads\/2016\/03\/DSC05995--80x80.jpg 80w, https:\/\/xn--judo-lbben-feb.de\/wp-content\/uploads\/2016\/03\/DSC05995--200x200.jpg 200w\" sizes=\"auto, (max-width: 150px) 100vw, 150px\" \/><\/a> <a href=\"https:\/\/xn--judo-lbben-feb.de\/wp-content\/uploads\/2016\/03\/DSC05998-.jpg\" rel=\"attachment wp-att-9393\"><img loading=\"lazy\" decoding=\"async\" class=\"alignnone size-thumbnail wp-image-9393\" src=\"https:\/\/xn--judo-lbben-feb.de\/wp-content\/uploads\/2016\/03\/DSC05998--150x150.jpg\" alt=\"DSC05998\" width=\"150\" height=\"150\" srcset=\"https:\/\/xn--judo-lbben-feb.de\/wp-content\/uploads\/2016\/03\/DSC05998--150x150.jpg 150w, https:\/\/xn--judo-lbben-feb.de\/wp-content\/uploads\/2016\/03\/DSC05998--80x80.jpg 80w, https:\/\/xn--judo-lbben-feb.de\/wp-content\/uploads\/2016\/03\/DSC05998--200x200.jpg 200w\" sizes=\"auto, (max-width: 150px) 100vw, 150px\" \/><\/a> <a href=\"https:\/\/xn--judo-lbben-feb.de\/wp-content\/uploads\/2016\/03\/DSC06000-.jpg\" rel=\"attachment wp-att-9394\"><img loading=\"lazy\" decoding=\"async\" class=\"alignnone size-thumbnail wp-image-9394\" src=\"https:\/\/xn--judo-lbben-feb.de\/wp-content\/uploads\/2016\/03\/DSC06000--150x150.jpg\" alt=\"DSC06000\" width=\"150\" height=\"150\" srcset=\"https:\/\/xn--judo-lbben-feb.de\/wp-content\/uploads\/2016\/03\/DSC06000--150x150.jpg 150w, https:\/\/xn--judo-lbben-feb.de\/wp-content\/uploads\/2016\/03\/DSC06000--80x80.jpg 80w, https:\/\/xn--judo-lbben-feb.de\/wp-content\/uploads\/2016\/03\/DSC06000--200x200.jpg 200w\" sizes=\"auto, (max-width: 150px) 100vw, 150px\" \/><\/a><\/p>\n<p style=\"text-align: center;\"><a href=\"https:\/\/xn--judo-lbben-feb.de\/wp-content\/uploads\/2016\/03\/DSC06001-.jpg\" rel=\"attachment wp-att-9396\"><img loading=\"lazy\" decoding=\"async\" class=\"alignnone size-large wp-image-9396\" src=\"https:\/\/xn--judo-lbben-feb.de\/wp-content\/uploads\/2016\/03\/DSC06001--1024x768.jpg\" alt=\"DSC06001\" width=\"598\" height=\"449\" srcset=\"https:\/\/xn--judo-lbben-feb.de\/wp-content\/uploads\/2016\/03\/DSC06001-.jpg 1024w, https:\/\/xn--judo-lbben-feb.de\/wp-content\/uploads\/2016\/03\/DSC06001--300x225.jpg 300w, https:\/\/xn--judo-lbben-feb.de\/wp-content\/uploads\/2016\/03\/DSC06001--768x576.jpg 768w\" sizes=\"auto, (max-width: 598px) 100vw, 598px\" \/><\/a><\/p>\n","protected":false},"excerpt":{"rendered":"<p>Am zweiten Wettkampftag starteten 230 K\u00e4mpfer in den Altersklassen U13 und U16. Wieder waren Vereine aus Tschechien, Polen und Wei\u00dfru\u00dfland mit dabei. Diesmal reisten wir mit 6 Judokas an. Mit zwei 1. Pl\u00e4tzen, einem 2. Platz, einem 3. Platz und leider zwei f\u00fcnften Pl\u00e4tzen endete das Turnier f\u00fcr die Kuzushis vers\u00f6hnlich. Impressionen: \u00a0<\/p>\n","protected":false},"author":1,"featured_media":9377,"comment_status":"closed","ping_status":"open","sticky":false,"template":"","format":"standard","meta":{"_et_pb_use_builder":"","_et_pb_old_content":"","_et_gb_content_width":"","footnotes":""},"categories":[2],"tags":[],"class_list":["post-9363","post","type-post","status-publish","format-standard","has-post-thumbnail","hentry","category-news"],"_links":{"self":[{"href":"https:\/\/xn--judo-lbben-feb.de\/index.php?rest_route=\/wp\/v2\/posts\/9363","targetHints":{"allow":["GET"]}}],"collection":[{"href":"https:\/\/xn--judo-lbben-feb.de\/index.php?rest_route=\/wp\/v2\/posts"}],"about":[{"href":"https:\/\/xn--judo-lbben-feb.de\/index.php?rest_route=\/wp\/v2\/types\/post"}],"author":[{"embeddable":true,"href":"https:\/\/xn--judo-lbben-feb.de\/index.php?rest_route=\/wp\/v2\/users\/1"}],"replies":[{"embeddable":true,"href":"https:\/\/xn--judo-lbben-feb.de\/index.php?rest_route=%2Fwp%2Fv2%2Fcomments&post=9363"}],"version-history":[{"count":7,"href":"https:\/\/xn--judo-lbben-feb.de\/index.php?rest_route=\/wp\/v2\/posts\/9363\/revisions"}],"predecessor-version":[{"id":9397,"href":"https:\/\/xn--judo-lbben-feb.de\/index.php?rest_route=\/wp\/v2\/posts\/9363\/revisions\/9397"}],"wp:featuredmedia":[{"embeddable":true,"href":"https:\/\/xn--judo-lbben-feb.de\/index.php?rest_route=\/wp\/v2\/media\/9377"}],"wp:attachment":[{"href":"https:\/\/xn--judo-lbben-feb.de\/index.php?rest_route=%2Fwp%2Fv2%2Fmedia&parent=9363"}],"wp:term":[{"taxonomy":"category","embeddable":true,"href":"https:\/\/xn--judo-lbben-feb.de\/index.php?rest_route=%2Fwp%2Fv2%2Fcategories&post=9363"},{"taxonomy":"post_tag","embeddable":true,"href":"https:\/\/xn--judo-lbben-feb.de\/index.php?rest_route=%2Fwp%2Fv2%2Ftags&post=9363"}],"curies":[{"name":"wp","href":"https:\/\/api.w.org\/{rel}","templated":true}]}}