{"id":891,"date":"2011-09-03T20:34:00","date_gmt":"2011-09-03T20:34:00","guid":{"rendered":"http:\/\/xn--judo-lbben-feb.de\/?p=891"},"modified":"2011-09-03T20:34:00","modified_gmt":"2011-09-03T20:34:00","slug":"rosenpokalturnier-in-forst","status":"publish","type":"post","link":"https:\/\/xn--judo-lbben-feb.de\/?p=891","title":{"rendered":"Rosenpokalturnier in Forst"},"content":{"rendered":"<p>Erfolgreicher Wettkampfstart nach der Sommerpause<\/p>\n<p>Zum ersten Wettkampf nach der Sommerpause starteten unsere Judokas am 3. September 2011 beim 1. Rosenpokalturnier in Forst. Rund 100 Starter aus 13 Vereinen waren angereist. Sarah Rudnik und Miriam Stoye, die in den beiden leichtesten Gewichtsklassen der U10 antraten, gewannen ihre K\u00e4mpfe \u00fcberzeugend und belegten jeweils Platz 1. Neuling Lea Altmann, die eine Gruppe h\u00f6her startete, schlug sich tapfer und war \u00fcbergl\u00fccklich mit ihrer Bronzemedaille.<br \/>\nEbenfalls einen dritten Platz erk\u00e4mpfte sich Fabian Kettlitz in der Klasse U12 bis 40 kg.<br \/>\nIn der am st\u00e4rksten besetzten Klasse des Tages, trat Charlotte Britze an und erreichte nach gro\u00dfem Kampf einen guten 5. Platz.\u00a0 F\u00fcr Charlotte und Fabian sind ihre Ergebnisse nach einigen nicht so erfolgreichen Wettk\u00e4mpfen wieder ein Achtungserfolg.\u00a0 Super!<\/p>\n<p>Ergebnisse Rosenpokal Forst 3.09.<\/p>\n<p>1.Pl\u00e4tze<br \/>\nSarah Rudnik bis 24kg(U10w)<br \/>\nMirian Stoye bis 27kg(U10w)<\/p>\n<p>3. Pl\u00e4tze<br \/>\nLea Altmann bis 30kg(U10w),<br \/>\nFabian Kettlitz bis 40kg(U12m)<\/p>\n<p>5. Platz<br \/>\nCharlotte Britze bis 36kg(U12w)<\/p>\n<p><a href=\"https:\/\/xn--judo-lbben-feb.de\/wp-content\/uploads\/2012\/12\/P1030355-.jpg\"><img loading=\"lazy\" decoding=\"async\" class=\"alignnone size-thumbnail wp-image-894\" title=\"P1030355\" src=\"https:\/\/xn--judo-lbben-feb.de\/wp-content\/uploads\/2012\/12\/P1030355--150x150.jpg\" alt=\"\" width=\"150\" height=\"150\" \/><\/a> <a href=\"https:\/\/xn--judo-lbben-feb.de\/wp-content\/uploads\/2012\/12\/P1030357-.jpg\"><img loading=\"lazy\" decoding=\"async\" class=\"alignnone size-thumbnail wp-image-898\" title=\"P1030357\" src=\"https:\/\/xn--judo-lbben-feb.de\/wp-content\/uploads\/2012\/12\/P1030357--150x150.jpg\" alt=\"\" width=\"150\" height=\"150\" \/><\/a><a href=\"https:\/\/xn--judo-lbben-feb.de\/wp-content\/uploads\/2012\/12\/P1030358-.jpg\"> <img loading=\"lazy\" decoding=\"async\" class=\"alignnone size-thumbnail wp-image-899\" title=\"P1030358\" src=\"https:\/\/xn--judo-lbben-feb.de\/wp-content\/uploads\/2012\/12\/P1030358--150x150.jpg\" alt=\"\" width=\"150\" height=\"150\" \/><\/a> <a href=\"https:\/\/xn--judo-lbben-feb.de\/wp-content\/uploads\/2012\/12\/P1030359-.jpg\"><img loading=\"lazy\" decoding=\"async\" class=\"alignnone size-thumbnail wp-image-900\" title=\"P1030359\" src=\"https:\/\/xn--judo-lbben-feb.de\/wp-content\/uploads\/2012\/12\/P1030359--150x150.jpg\" alt=\"\" width=\"150\" height=\"150\" \/><\/a> <a href=\"https:\/\/xn--judo-lbben-feb.de\/wp-content\/uploads\/2012\/12\/P1030361-.jpg\"><img loading=\"lazy\" decoding=\"async\" class=\"alignnone size-thumbnail wp-image-901\" title=\"P1030361\" src=\"https:\/\/xn--judo-lbben-feb.de\/wp-content\/uploads\/2012\/12\/P1030361--150x150.jpg\" alt=\"\" width=\"150\" height=\"150\" \/><\/a> <a href=\"https:\/\/xn--judo-lbben-feb.de\/wp-content\/uploads\/2012\/12\/P1030362-.jpg\"><img loading=\"lazy\" decoding=\"async\" class=\"alignnone size-thumbnail wp-image-902\" title=\"P1030362\" src=\"https:\/\/xn--judo-lbben-feb.de\/wp-content\/uploads\/2012\/12\/P1030362--150x150.jpg\" alt=\"\" width=\"150\" height=\"150\" \/><\/a><\/p>\n","protected":false},"excerpt":{"rendered":"<p>Erfolgreicher Wettkampfstart nach der Sommerpause Zum ersten Wettkampf nach der Sommerpause starteten unsere Judokas am 3. September 2011 beim 1. Rosenpokalturnier in Forst. Rund 100 Starter aus 13 Vereinen waren angereist. Sarah Rudnik und Miriam Stoye, die in den beiden leichtesten Gewichtsklassen der U10 antraten, gewannen ihre K\u00e4mpfe \u00fcberzeugend und belegten jeweils Platz 1. Neuling [&hellip;]<\/p>\n","protected":false},"author":1,"featured_media":4416,"comment_status":"closed","ping_status":"open","sticky":false,"template":"","format":"standard","meta":{"_et_pb_use_builder":"","_et_pb_old_content":"","_et_gb_content_width":"","footnotes":""},"categories":[2],"tags":[],"class_list":["post-891","post","type-post","status-publish","format-standard","has-post-thumbnail","hentry","category-news"],"_links":{"self":[{"href":"https:\/\/xn--judo-lbben-feb.de\/index.php?rest_route=\/wp\/v2\/posts\/891","targetHints":{"allow":["GET"]}}],"collection":[{"href":"https:\/\/xn--judo-lbben-feb.de\/index.php?rest_route=\/wp\/v2\/posts"}],"about":[{"href":"https:\/\/xn--judo-lbben-feb.de\/index.php?rest_route=\/wp\/v2\/types\/post"}],"author":[{"embeddable":true,"href":"https:\/\/xn--judo-lbben-feb.de\/index.php?rest_route=\/wp\/v2\/users\/1"}],"replies":[{"embeddable":true,"href":"https:\/\/xn--judo-lbben-feb.de\/index.php?rest_route=%2Fwp%2Fv2%2Fcomments&post=891"}],"version-history":[{"count":0,"href":"https:\/\/xn--judo-lbben-feb.de\/index.php?rest_route=\/wp\/v2\/posts\/891\/revisions"}],"wp:featuredmedia":[{"embeddable":true,"href":"https:\/\/xn--judo-lbben-feb.de\/index.php?rest_route=\/"}],"wp:attachment":[{"href":"https:\/\/xn--judo-lbben-feb.de\/index.php?rest_route=%2Fwp%2Fv2%2Fmedia&parent=891"}],"wp:term":[{"taxonomy":"category","embeddable":true,"href":"https:\/\/xn--judo-lbben-feb.de\/index.php?rest_route=%2Fwp%2Fv2%2Fcategories&post=891"},{"taxonomy":"post_tag","embeddable":true,"href":"https:\/\/xn--judo-lbben-feb.de\/index.php?rest_route=%2Fwp%2Fv2%2Ftags&post=891"}],"curies":[{"name":"wp","href":"https:\/\/api.w.org\/{rel}","templated":true}]}}