{"id":8413,"date":"2015-07-16T17:14:38","date_gmt":"2015-07-16T16:14:38","guid":{"rendered":"http:\/\/xn--judo-lbben-feb.de\/?p=8413"},"modified":"2015-09-10T17:27:38","modified_gmt":"2015-09-10T16:27:38","slug":"das-jaehrliche-abschlussgrillen-der-kuzushis","status":"publish","type":"post","link":"https:\/\/xn--judo-lbben-feb.de\/?p=8413","title":{"rendered":"Das j\u00e4hrliche Abschlussgrillen der Kuzushis"},"content":{"rendered":"<p style=\"text-align: center;\">Auch in diesem Jahr wollten wir uns diesen H\u00f6hepunkt nicht nehmen lassen, ca. 100 Judoka und Angeh\u00f6rige kamen zum traditionellen Abschlussgrillen. Neben einer ausgelassenen Stimmung wurden erneut die besten Judoka geehrt. Das Buffet war wieder \u00fcberragend, vielen Dank an alle flei\u00dfigen H\u00e4nde!<\/p>\n<p style=\"text-align: center;\"><a href=\"https:\/\/xn--judo-lbben-feb.de\/wp-content\/uploads\/2015\/07\/P1040646-.jpg\"><img loading=\"lazy\" decoding=\"async\" class=\"alignnone size-thumbnail wp-image-8418\" src=\"https:\/\/xn--judo-lbben-feb.de\/wp-content\/uploads\/2015\/07\/P1040646--150x150.jpg\" alt=\"P1040646\" width=\"150\" height=\"150\" srcset=\"https:\/\/xn--judo-lbben-feb.de\/wp-content\/uploads\/2015\/07\/P1040646--150x150.jpg 150w, https:\/\/xn--judo-lbben-feb.de\/wp-content\/uploads\/2015\/07\/P1040646--80x80.jpg 80w, https:\/\/xn--judo-lbben-feb.de\/wp-content\/uploads\/2015\/07\/P1040646--200x200.jpg 200w\" sizes=\"auto, (max-width: 150px) 100vw, 150px\" \/><\/a> <a href=\"https:\/\/xn--judo-lbben-feb.de\/wp-content\/uploads\/2015\/07\/P1040651-.jpg\"><img loading=\"lazy\" decoding=\"async\" class=\"alignnone size-thumbnail wp-image-8419\" src=\"https:\/\/xn--judo-lbben-feb.de\/wp-content\/uploads\/2015\/07\/P1040651--150x150.jpg\" alt=\"P1040651\" width=\"150\" height=\"150\" srcset=\"https:\/\/xn--judo-lbben-feb.de\/wp-content\/uploads\/2015\/07\/P1040651--150x150.jpg 150w, https:\/\/xn--judo-lbben-feb.de\/wp-content\/uploads\/2015\/07\/P1040651--80x80.jpg 80w, https:\/\/xn--judo-lbben-feb.de\/wp-content\/uploads\/2015\/07\/P1040651--200x200.jpg 200w\" sizes=\"auto, (max-width: 150px) 100vw, 150px\" \/><\/a> <a href=\"https:\/\/xn--judo-lbben-feb.de\/wp-content\/uploads\/2015\/07\/P1040660-.jpg\"><img loading=\"lazy\" decoding=\"async\" class=\"alignnone size-thumbnail wp-image-8420\" src=\"https:\/\/xn--judo-lbben-feb.de\/wp-content\/uploads\/2015\/07\/P1040660--150x150.jpg\" alt=\"P1040660\" width=\"150\" height=\"150\" srcset=\"https:\/\/xn--judo-lbben-feb.de\/wp-content\/uploads\/2015\/07\/P1040660--150x150.jpg 150w, https:\/\/xn--judo-lbben-feb.de\/wp-content\/uploads\/2015\/07\/P1040660--80x80.jpg 80w, https:\/\/xn--judo-lbben-feb.de\/wp-content\/uploads\/2015\/07\/P1040660--200x200.jpg 200w\" sizes=\"auto, (max-width: 150px) 100vw, 150px\" \/><\/a><\/p>\n<p style=\"text-align: center;\"><a href=\"https:\/\/xn--judo-lbben-feb.de\/wp-content\/uploads\/2015\/07\/P1040689-.jpg\"><img loading=\"lazy\" decoding=\"async\" class=\"alignnone size-thumbnail wp-image-8421\" src=\"https:\/\/xn--judo-lbben-feb.de\/wp-content\/uploads\/2015\/07\/P1040689--150x150.jpg\" alt=\"P1040689\" width=\"150\" height=\"150\" srcset=\"https:\/\/xn--judo-lbben-feb.de\/wp-content\/uploads\/2015\/07\/P1040689--150x150.jpg 150w, https:\/\/xn--judo-lbben-feb.de\/wp-content\/uploads\/2015\/07\/P1040689--80x80.jpg 80w, https:\/\/xn--judo-lbben-feb.de\/wp-content\/uploads\/2015\/07\/P1040689--200x200.jpg 200w\" sizes=\"auto, (max-width: 150px) 100vw, 150px\" \/><\/a> <a href=\"https:\/\/xn--judo-lbben-feb.de\/wp-content\/uploads\/2015\/07\/P1040691-.jpg\"><img loading=\"lazy\" decoding=\"async\" class=\"alignnone size-thumbnail wp-image-8422\" src=\"https:\/\/xn--judo-lbben-feb.de\/wp-content\/uploads\/2015\/07\/P1040691--150x150.jpg\" alt=\"P1040691\" width=\"150\" height=\"150\" srcset=\"https:\/\/xn--judo-lbben-feb.de\/wp-content\/uploads\/2015\/07\/P1040691--150x150.jpg 150w, https:\/\/xn--judo-lbben-feb.de\/wp-content\/uploads\/2015\/07\/P1040691--80x80.jpg 80w, https:\/\/xn--judo-lbben-feb.de\/wp-content\/uploads\/2015\/07\/P1040691--200x200.jpg 200w\" sizes=\"auto, (max-width: 150px) 100vw, 150px\" \/><\/a> <a href=\"https:\/\/xn--judo-lbben-feb.de\/wp-content\/uploads\/2015\/07\/P1040697-.jpg\"><img loading=\"lazy\" decoding=\"async\" class=\"alignnone size-thumbnail wp-image-8423\" src=\"https:\/\/xn--judo-lbben-feb.de\/wp-content\/uploads\/2015\/07\/P1040697--150x150.jpg\" alt=\"P1040697\" width=\"150\" height=\"150\" srcset=\"https:\/\/xn--judo-lbben-feb.de\/wp-content\/uploads\/2015\/07\/P1040697--150x150.jpg 150w, https:\/\/xn--judo-lbben-feb.de\/wp-content\/uploads\/2015\/07\/P1040697--80x80.jpg 80w, https:\/\/xn--judo-lbben-feb.de\/wp-content\/uploads\/2015\/07\/P1040697--200x200.jpg 200w\" sizes=\"auto, (max-width: 150px) 100vw, 150px\" \/><\/a><\/p>\n<p style=\"text-align: center;\">\u00a0alle Bilder seht Ihr <span style=\"color: #800000;\"><a style=\"color: #800000;\" href=\"https:\/\/xn--judo-lbben-feb.de\/?page_id=46\">hier<\/a><\/span><\/p>\n","protected":false},"excerpt":{"rendered":"<p>Auch in diesem Jahr wollten wir uns diesen H\u00f6hepunkt nicht nehmen lassen, ca. 100 Judoka und Angeh\u00f6rige kamen zum traditionellen Abschlussgrillen. Neben einer ausgelassenen Stimmung wurden erneut die besten Judoka geehrt. Das Buffet war wieder \u00fcberragend, vielen Dank an alle flei\u00dfigen H\u00e4nde! \u00a0alle Bilder seht Ihr hier<\/p>\n","protected":false},"author":1,"featured_media":8416,"comment_status":"closed","ping_status":"open","sticky":false,"template":"","format":"standard","meta":{"_et_pb_use_builder":"","_et_pb_old_content":"","_et_gb_content_width":"","footnotes":""},"categories":[2],"tags":[],"class_list":["post-8413","post","type-post","status-publish","format-standard","has-post-thumbnail","hentry","category-news"],"_links":{"self":[{"href":"https:\/\/xn--judo-lbben-feb.de\/index.php?rest_route=\/wp\/v2\/posts\/8413","targetHints":{"allow":["GET"]}}],"collection":[{"href":"https:\/\/xn--judo-lbben-feb.de\/index.php?rest_route=\/wp\/v2\/posts"}],"about":[{"href":"https:\/\/xn--judo-lbben-feb.de\/index.php?rest_route=\/wp\/v2\/types\/post"}],"author":[{"embeddable":true,"href":"https:\/\/xn--judo-lbben-feb.de\/index.php?rest_route=\/wp\/v2\/users\/1"}],"replies":[{"embeddable":true,"href":"https:\/\/xn--judo-lbben-feb.de\/index.php?rest_route=%2Fwp%2Fv2%2Fcomments&post=8413"}],"version-history":[{"count":5,"href":"https:\/\/xn--judo-lbben-feb.de\/index.php?rest_route=\/wp\/v2\/posts\/8413\/revisions"}],"predecessor-version":[{"id":8425,"href":"https:\/\/xn--judo-lbben-feb.de\/index.php?rest_route=\/wp\/v2\/posts\/8413\/revisions\/8425"}],"wp:featuredmedia":[{"embeddable":true,"href":"https:\/\/xn--judo-lbben-feb.de\/index.php?rest_route=\/wp\/v2\/media\/8416"}],"wp:attachment":[{"href":"https:\/\/xn--judo-lbben-feb.de\/index.php?rest_route=%2Fwp%2Fv2%2Fmedia&parent=8413"}],"wp:term":[{"taxonomy":"category","embeddable":true,"href":"https:\/\/xn--judo-lbben-feb.de\/index.php?rest_route=%2Fwp%2Fv2%2Fcategories&post=8413"},{"taxonomy":"post_tag","embeddable":true,"href":"https:\/\/xn--judo-lbben-feb.de\/index.php?rest_route=%2Fwp%2Fv2%2Ftags&post=8413"}],"curies":[{"name":"wp","href":"https:\/\/api.w.org\/{rel}","templated":true}]}}