{"id":7998,"date":"2015-05-09T21:46:08","date_gmt":"2015-05-09T20:46:08","guid":{"rendered":"http:\/\/xn--judo-lbben-feb.de\/?p=7998"},"modified":"2015-09-06T19:29:47","modified_gmt":"2015-09-06T18:29:47","slug":"sued-ost-brandenburger-meisterschaften-der-u11-u13","status":"publish","type":"post","link":"https:\/\/xn--judo-lbben-feb.de\/?p=7998","title":{"rendered":"S\u00fcd-Ost-Brandenburger Meisterschaften der U11 &#038; U13"},"content":{"rendered":"<p style=\"text-align: center;\">W\u00e4hrend die j\u00fcngsten Judokas am 9. Mai mit Katrin bereits nach F\u00fcrstenwalde unterwegs waren, startete der Judobus mit 9 K\u00e4mpfern der U11 und U13 p\u00fcnktlich 8:00 Uhr nach Senftenberg.<\/p>\n<p style=\"text-align: center;\">Die S\u00fcd-Ost-Brandenburger Meisterschaft ist f\u00fcr diese Altersklassen der Jahresh\u00f6hepunkt und f\u00fcr die U13 gleichzeitig die Qualifikation f\u00fcr die Landesmeisterschaft am 30.5.2015.<\/p>\n<p><a href=\"https:\/\/xn--judo-lbben-feb.de\/wp-content\/uploads\/2015\/05\/P1030759-FILEminimizer.jpg\"><img loading=\"lazy\" decoding=\"async\" class=\"aligncenter size-medium wp-image-7978\" src=\"https:\/\/xn--judo-lbben-feb.de\/wp-content\/uploads\/2015\/05\/P1030759-FILEminimizer-300x225.jpg\" alt=\"P1030759 (FILEminimizer)\" width=\"300\" height=\"225\" srcset=\"https:\/\/xn--judo-lbben-feb.de\/wp-content\/uploads\/2015\/05\/P1030759-FILEminimizer-300x225.jpg 300w, https:\/\/xn--judo-lbben-feb.de\/wp-content\/uploads\/2015\/05\/P1030759-FILEminimizer.jpg 1024w\" sizes=\"auto, (max-width: 300px) 100vw, 300px\" \/><\/a><\/p>\n<p style=\"text-align: center;\">Die U13 begann sofort nach der Er\u00f6ffnung mit den K\u00e4mpfen. Tim wurde mit als erstes aufgerufen. In der Gewichtsklasse \u00fcber 55kg stand Tim sehr gro\u00dfen und noch schwereren Gegnern gegen\u00fcber. Trotz Siegeswillen und Kampfgeist musste sich Tim 3-mal geschlagen geben und belegte Platz 5.<\/p>\n<p style=\"text-align: center;\">Igor und Max, beide\u00a0 wie immer in der gleichen Gewichtsklasse bis 46 Kg, konnten ihren Gegner besiegen und den internen Kampf untereinander gewann Igor. Somit haben sich Igor mit Platz 1 und\u00a0 Max mit Platz 2 f\u00fcr die Landesmeisterschaft qualifiziert.<\/p>\n<p style=\"text-align: center;\">Theo und Dominique \u00a0starteten beide in der Gewichtsklasse\u00a0 bis 40kg.<a href=\"https:\/\/xn--judo-lbben-feb.de\/wp-content\/uploads\/2015\/05\/P1030763-FILEminimizer.jpg\"><img loading=\"lazy\" decoding=\"async\" class=\"  wp-image-7979 alignleft\" src=\"https:\/\/xn--judo-lbben-feb.de\/wp-content\/uploads\/2015\/05\/P1030763-FILEminimizer-300x225.jpg\" alt=\"P1030763 (FILEminimizer)\" width=\"261\" height=\"196\" srcset=\"https:\/\/xn--judo-lbben-feb.de\/wp-content\/uploads\/2015\/05\/P1030763-FILEminimizer-300x225.jpg 300w, https:\/\/xn--judo-lbben-feb.de\/wp-content\/uploads\/2015\/05\/P1030763-FILEminimizer.jpg 1024w\" sizes=\"auto, (max-width: 261px) 100vw, 261px\" \/><\/a>\u00a0\u00a0<a href=\"https:\/\/xn--judo-lbben-feb.de\/wp-content\/uploads\/2015\/05\/P1030767-FILEminimizer-e1432326458198.jpg\"><img loading=\"lazy\" decoding=\"async\" class=\"  wp-image-7980 alignright\" src=\"https:\/\/xn--judo-lbben-feb.de\/wp-content\/uploads\/2015\/05\/P1030767-FILEminimizer-e1432326458198-225x300.jpg\" alt=\"P1030767 (FILEminimizer)\" width=\"182\" height=\"243\" srcset=\"https:\/\/xn--judo-lbben-feb.de\/wp-content\/uploads\/2015\/05\/P1030767-FILEminimizer-e1432326458198-225x300.jpg 225w, https:\/\/xn--judo-lbben-feb.de\/wp-content\/uploads\/2015\/05\/P1030767-FILEminimizer-e1432326458198.jpg 768w\" sizes=\"auto, (max-width: 182px) 100vw, 182px\" \/><\/a><\/p>\n<p>\u00a0<a href=\"https:\/\/xn--judo-lbben-feb.de\/wp-content\/uploads\/2015\/05\/P1030764-FILEminimizer.jpg\"><img loading=\"lazy\" decoding=\"async\" class=\"alignnone  wp-image-7977 aligncenter\" src=\"https:\/\/xn--judo-lbben-feb.de\/wp-content\/uploads\/2015\/05\/P1030764-FILEminimizer-300x225.jpg\" alt=\"P1030764 (FILEminimizer)\" width=\"207\" height=\"155\" srcset=\"https:\/\/xn--judo-lbben-feb.de\/wp-content\/uploads\/2015\/05\/P1030764-FILEminimizer-300x225.jpg 300w, https:\/\/xn--judo-lbben-feb.de\/wp-content\/uploads\/2015\/05\/P1030764-FILEminimizer.jpg 1024w\" sizes=\"auto, (max-width: 207px) 100vw, 207px\" \/><\/a><\/p>\n<p style=\"text-align: center;\">Im KO-System wurde Theo nach zwei hart erk\u00e4mpften Siegen S\u00fcd-Ost-Brandenburger Meister. Dominique verlor leider seine zwei K\u00e4mpfe und konnte sich somit nicht qualifizieren. Trotzdem super gek\u00e4mpft!<\/p>\n<p style=\"text-align: center;\">Weiter ging es mit der U11. Unsere drei M\u00e4dchen, jeweils in unterschiedlichen stark besetzten Gewichtsklassen, wurden abwechselnd auf Matte 3 aufgerufen. Elisa (-30kg) und Sophie (-33kg) gewannen jeweils drei K\u00e4mpfe souver\u00e4n mit Ippon und wurden beide Erster. \u00a0 \u00a0 \u00a0 \u00a0 \u00a0 \u00a0 \u00a0 \u00a0 \u00a0 \u00a0 \u00a0 \u00a0<a href=\"https:\/\/xn--judo-lbben-feb.de\/wp-content\/uploads\/2015\/05\/P1030785-FILEminimizer.jpg\"><img loading=\"lazy\" decoding=\"async\" class=\"alignnone  wp-image-7981\" src=\"https:\/\/xn--judo-lbben-feb.de\/wp-content\/uploads\/2015\/05\/P1030785-FILEminimizer-300x225.jpg\" alt=\"P1030785 (FILEminimizer)\" width=\"250\" height=\"187\" srcset=\"https:\/\/xn--judo-lbben-feb.de\/wp-content\/uploads\/2015\/05\/P1030785-FILEminimizer-300x225.jpg 300w, https:\/\/xn--judo-lbben-feb.de\/wp-content\/uploads\/2015\/05\/P1030785-FILEminimizer.jpg 1024w\" sizes=\"auto, (max-width: 250px) 100vw, 250px\" \/><\/a>\u00a0 \u00a0 \u00a0 \u00a0 \u00a0 \u00a0 \u00a0 \u00a0 \u00a0 \u00a0 \u00a0<a href=\"https:\/\/xn--judo-lbben-feb.de\/wp-content\/uploads\/2015\/05\/P1030777-FILEminimizer.jpg\"><img loading=\"lazy\" decoding=\"async\" class=\"alignnone  wp-image-7988\" src=\"https:\/\/xn--judo-lbben-feb.de\/wp-content\/uploads\/2015\/05\/P1030777-FILEminimizer-300x225.jpg\" alt=\"P1030777 (FILEminimizer)\" width=\"252\" height=\"189\" srcset=\"https:\/\/xn--judo-lbben-feb.de\/wp-content\/uploads\/2015\/05\/P1030777-FILEminimizer-300x225.jpg 300w, https:\/\/xn--judo-lbben-feb.de\/wp-content\/uploads\/2015\/05\/P1030777-FILEminimizer.jpg 1024w\" sizes=\"auto, (max-width: 252px) 100vw, 252px\" \/><\/a><\/p>\n<p style=\"text-align: center;\">Melissa (-26kg) begann mit einer Niederlage, aber den Zweiten Kampf um Platz drei gewann Melissa mit Ippon. Platz 3. Spitze! Maximilian hatte seinen Pech tag. In der U11 bis 34kg belegte er nach zwei verlorenen K\u00e4mpfen Platz 5. Herzlichen Gl\u00fcckwunsch! \u00a0 \u00a0 \u00a0 \u00a0 \u00a0\u00a0<a href=\"https:\/\/xn--judo-lbben-feb.de\/wp-content\/uploads\/2015\/05\/P1030794-FILEminimizer.jpg\"><img loading=\"lazy\" decoding=\"async\" class=\"alignnone size-medium wp-image-7982\" src=\"https:\/\/xn--judo-lbben-feb.de\/wp-content\/uploads\/2015\/05\/P1030794-FILEminimizer-300x225.jpg\" alt=\"P1030794 (FILEminimizer)\" width=\"300\" height=\"225\" srcset=\"https:\/\/xn--judo-lbben-feb.de\/wp-content\/uploads\/2015\/05\/P1030794-FILEminimizer-300x225.jpg 300w, https:\/\/xn--judo-lbben-feb.de\/wp-content\/uploads\/2015\/05\/P1030794-FILEminimizer.jpg 1024w\" sizes=\"auto, (max-width: 300px) 100vw, 300px\" \/><\/a>\u00a0 \u00a0 \u00a0 \u00a0 \u00a0 \u00a0 \u00a0 \u00a0 \u00a0 \u00a0 \u00a0 \u00a0 \u00a0 \u00a0<a href=\"https:\/\/xn--judo-lbben-feb.de\/wp-content\/uploads\/2015\/05\/P1030800-FILEminimizer-e1432326594814.jpg\"><img loading=\"lazy\" decoding=\"async\" class=\"alignnone  wp-image-7983\" src=\"https:\/\/xn--judo-lbben-feb.de\/wp-content\/uploads\/2015\/05\/P1030800-FILEminimizer-e1432326594814-225x300.jpg\" alt=\"P1030800 (FILEminimizer)\" width=\"168\" height=\"224\" srcset=\"https:\/\/xn--judo-lbben-feb.de\/wp-content\/uploads\/2015\/05\/P1030800-FILEminimizer-e1432326594814-225x300.jpg 225w, https:\/\/xn--judo-lbben-feb.de\/wp-content\/uploads\/2015\/05\/P1030800-FILEminimizer-e1432326594814.jpg 768w\" sizes=\"auto, (max-width: 168px) 100vw, 168px\" \/><\/a><\/p>\n<p style=\"text-align: center;\">Mit 4 Goldmedaillen, 1 Silber-und 1 Bronzemedaille, sowie 2 F\u00fcnfte Pl\u00e4tze, einem Super-Ergebnis, waren wir um 15:00 Uhr wieder in L\u00fcbben.<\/p>\n","protected":false},"excerpt":{"rendered":"<p>W\u00e4hrend die j\u00fcngsten Judokas am 9. Mai mit Katrin bereits nach F\u00fcrstenwalde unterwegs waren, startete der Judobus mit 9 K\u00e4mpfern der U11 und U13 p\u00fcnktlich 8:00 Uhr nach Senftenberg. Die S\u00fcd-Ost-Brandenburger Meisterschaft ist f\u00fcr diese Altersklassen der Jahresh\u00f6hepunkt und f\u00fcr die U13 gleichzeitig die Qualifikation f\u00fcr die Landesmeisterschaft am 30.5.2015. Die U13 begann sofort nach [&hellip;]<\/p>\n","protected":false},"author":2,"featured_media":7982,"comment_status":"closed","ping_status":"open","sticky":false,"template":"","format":"standard","meta":{"_et_pb_use_builder":"","_et_pb_old_content":"","_et_gb_content_width":"","footnotes":""},"categories":[2],"tags":[],"class_list":["post-7998","post","type-post","status-publish","format-standard","has-post-thumbnail","hentry","category-news"],"_links":{"self":[{"href":"https:\/\/xn--judo-lbben-feb.de\/index.php?rest_route=\/wp\/v2\/posts\/7998","targetHints":{"allow":["GET"]}}],"collection":[{"href":"https:\/\/xn--judo-lbben-feb.de\/index.php?rest_route=\/wp\/v2\/posts"}],"about":[{"href":"https:\/\/xn--judo-lbben-feb.de\/index.php?rest_route=\/wp\/v2\/types\/post"}],"author":[{"embeddable":true,"href":"https:\/\/xn--judo-lbben-feb.de\/index.php?rest_route=\/wp\/v2\/users\/2"}],"replies":[{"embeddable":true,"href":"https:\/\/xn--judo-lbben-feb.de\/index.php?rest_route=%2Fwp%2Fv2%2Fcomments&post=7998"}],"version-history":[{"count":10,"href":"https:\/\/xn--judo-lbben-feb.de\/index.php?rest_route=\/wp\/v2\/posts\/7998\/revisions"}],"predecessor-version":[{"id":8009,"href":"https:\/\/xn--judo-lbben-feb.de\/index.php?rest_route=\/wp\/v2\/posts\/7998\/revisions\/8009"}],"wp:featuredmedia":[{"embeddable":true,"href":"https:\/\/xn--judo-lbben-feb.de\/index.php?rest_route=\/wp\/v2\/media\/7982"}],"wp:attachment":[{"href":"https:\/\/xn--judo-lbben-feb.de\/index.php?rest_route=%2Fwp%2Fv2%2Fmedia&parent=7998"}],"wp:term":[{"taxonomy":"category","embeddable":true,"href":"https:\/\/xn--judo-lbben-feb.de\/index.php?rest_route=%2Fwp%2Fv2%2Fcategories&post=7998"},{"taxonomy":"post_tag","embeddable":true,"href":"https:\/\/xn--judo-lbben-feb.de\/index.php?rest_route=%2Fwp%2Fv2%2Ftags&post=7998"}],"curies":[{"name":"wp","href":"https:\/\/api.w.org\/{rel}","templated":true}]}}