{"id":7772,"date":"2015-04-25T08:00:27","date_gmt":"2015-04-25T07:00:27","guid":{"rendered":"http:\/\/xn--judo-lbben-feb.de\/?p=7772"},"modified":"2015-05-25T19:53:30","modified_gmt":"2015-05-25T18:53:30","slug":"sparkassen-cup-2015-strausberg","status":"publish","type":"post","link":"https:\/\/xn--judo-lbben-feb.de\/?p=7772","title":{"rendered":"Sparkassen CUP 2015 Strausberg 25.\/26. April"},"content":{"rendered":"<p style=\"text-align: center;\"><a href=\"https:\/\/xn--judo-lbben-feb.de\/wp-content\/uploads\/2015\/04\/DSC04957-.jpg\"><img loading=\"lazy\" decoding=\"async\" class=\"alignnone size-medium wp-image-7778\" src=\"https:\/\/xn--judo-lbben-feb.de\/wp-content\/uploads\/2015\/04\/DSC04957--300x225.jpg\" alt=\"DSC04957\" width=\"300\" height=\"225\" srcset=\"https:\/\/xn--judo-lbben-feb.de\/wp-content\/uploads\/2015\/04\/DSC04957--300x225.jpg 300w, https:\/\/xn--judo-lbben-feb.de\/wp-content\/uploads\/2015\/04\/DSC04957-.jpg 1024w\" sizes=\"auto, (max-width: 300px) 100vw, 300px\" \/><\/a><\/p>\n<p style=\"text-align: center;\">Am 25.04.15 starteten wir morgens um 07:30 Uhr mit den K\u00e4mpfern f\u00fcr die U11 in Richtung Strau\u00dfberg zum Sparkassen-Cup.<br \/>\nGegen 10:00 Uhr folgten die K\u00e4mpfer f\u00fcr die U15.<\/p>\n<p style=\"text-align: center;\">Im Rahmen des Wettkampfes fanden die Pr\u00fcfungen der neuen Kampfrichter statt. Dazu sind auf jeder Matte -3- Kari\u00b4s eingesetzt. Zus\u00e4tzlich zu dem eigentlichen Kari gibt es zwei Au\u00dfenrichter. F\u00fcr die U15 war das Turnier zugleich ein Sichtungsturnier des Brandenburgischen Judoverbandes.<\/p>\n<p style=\"text-align: center;\">Mit -5- weiteren M\u00e4dchen k\u00e4mpfte Elisa in der U11 bis 30kg. Ihren ersten Kampf gewann sie nach nur 6 Sekunden mit Ippon. F\u00fcr den zweiten Ippon brauchte sie &#8222;etwas l\u00e4nger&#8220;. Im dritten Kampf stand der Ippon nach 7 Sekunden auf der Uhr. Souver\u00e4n gewann Elisa auch ihren 4. Kampf. 4&#215;10 Punkte. Damit wurde Elisa klarer Sieger in ihrer Gewichtsklasse. Neben der Medaille freute sie sich \u00fcber ein T-Shirt.<\/p>\n<p style=\"text-align: center;\"><a href=\"https:\/\/xn--judo-lbben-feb.de\/wp-content\/uploads\/2015\/04\/DSC04961-.jpg\"><img loading=\"lazy\" decoding=\"async\" class=\"alignnone size-thumbnail wp-image-7780\" src=\"https:\/\/xn--judo-lbben-feb.de\/wp-content\/uploads\/2015\/04\/DSC04961--150x150.jpg\" alt=\"DSC04961\" width=\"150\" height=\"150\" srcset=\"https:\/\/xn--judo-lbben-feb.de\/wp-content\/uploads\/2015\/04\/DSC04961--150x150.jpg 150w, https:\/\/xn--judo-lbben-feb.de\/wp-content\/uploads\/2015\/04\/DSC04961--80x80.jpg 80w, https:\/\/xn--judo-lbben-feb.de\/wp-content\/uploads\/2015\/04\/DSC04961--200x200.jpg 200w\" sizes=\"auto, (max-width: 150px) 100vw, 150px\" \/><\/a> <a href=\"https:\/\/xn--judo-lbben-feb.de\/wp-content\/uploads\/2015\/04\/DSC04962-.jpg\"><img loading=\"lazy\" decoding=\"async\" class=\"alignnone size-thumbnail wp-image-7781\" src=\"https:\/\/xn--judo-lbben-feb.de\/wp-content\/uploads\/2015\/04\/DSC04962--150x150.jpg\" alt=\"DSC04962\" width=\"150\" height=\"150\" srcset=\"https:\/\/xn--judo-lbben-feb.de\/wp-content\/uploads\/2015\/04\/DSC04962--150x150.jpg 150w, https:\/\/xn--judo-lbben-feb.de\/wp-content\/uploads\/2015\/04\/DSC04962--80x80.jpg 80w, https:\/\/xn--judo-lbben-feb.de\/wp-content\/uploads\/2015\/04\/DSC04962--200x200.jpg 200w\" sizes=\"auto, (max-width: 150px) 100vw, 150px\" \/><\/a> <a href=\"https:\/\/xn--judo-lbben-feb.de\/wp-content\/uploads\/2015\/04\/DSC04973-.jpg\"><img loading=\"lazy\" decoding=\"async\" class=\"alignnone size-thumbnail wp-image-7782\" src=\"https:\/\/xn--judo-lbben-feb.de\/wp-content\/uploads\/2015\/04\/DSC04973--150x150.jpg\" alt=\"DSC04973\" width=\"150\" height=\"150\" srcset=\"https:\/\/xn--judo-lbben-feb.de\/wp-content\/uploads\/2015\/04\/DSC04973--150x150.jpg 150w, https:\/\/xn--judo-lbben-feb.de\/wp-content\/uploads\/2015\/04\/DSC04973--80x80.jpg 80w, https:\/\/xn--judo-lbben-feb.de\/wp-content\/uploads\/2015\/04\/DSC04973--200x200.jpg 200w\" sizes=\"auto, (max-width: 150px) 100vw, 150px\" \/><\/a><\/p>\n<p style=\"text-align: center;\"><a href=\"https:\/\/xn--judo-lbben-feb.de\/wp-content\/uploads\/2015\/04\/DSC05005-.jpg\"><img loading=\"lazy\" decoding=\"async\" class=\"alignnone size-medium wp-image-7791\" src=\"https:\/\/xn--judo-lbben-feb.de\/wp-content\/uploads\/2015\/04\/DSC05005--300x225.jpg\" alt=\"DSC05005\" width=\"300\" height=\"225\" srcset=\"https:\/\/xn--judo-lbben-feb.de\/wp-content\/uploads\/2015\/04\/DSC05005--300x225.jpg 300w, https:\/\/xn--judo-lbben-feb.de\/wp-content\/uploads\/2015\/04\/DSC05005-.jpg 1024w\" sizes=\"auto, (max-width: 300px) 100vw, 300px\" \/><\/a><\/p>\n<p style=\"text-align: center;\">Sophie startete in der U11 bis 33kg. Mit Ihr standen -7- weitere K\u00e4mpfer bereit. Den ersten Kampf konnte sie f\u00fcr sich entscheiden. Anschlie\u00dfend hatte auch sie kein Gl\u00fcck mehr. Sophie konnte sich leider nicht platzieren.<\/p>\n<p style=\"text-align: center;\"><a href=\"https:\/\/xn--judo-lbben-feb.de\/wp-content\/uploads\/2015\/04\/DSC04963-.jpg\"><img loading=\"lazy\" decoding=\"async\" class=\"alignnone size-thumbnail wp-image-7783\" src=\"https:\/\/xn--judo-lbben-feb.de\/wp-content\/uploads\/2015\/04\/DSC04963--150x150.jpg\" alt=\"DSC04963\" width=\"150\" height=\"150\" srcset=\"https:\/\/xn--judo-lbben-feb.de\/wp-content\/uploads\/2015\/04\/DSC04963--150x150.jpg 150w, https:\/\/xn--judo-lbben-feb.de\/wp-content\/uploads\/2015\/04\/DSC04963--80x80.jpg 80w, https:\/\/xn--judo-lbben-feb.de\/wp-content\/uploads\/2015\/04\/DSC04963--200x200.jpg 200w\" sizes=\"auto, (max-width: 150px) 100vw, 150px\" \/><\/a> <a href=\"https:\/\/xn--judo-lbben-feb.de\/wp-content\/uploads\/2015\/04\/DSC04968-.jpg\"><img loading=\"lazy\" decoding=\"async\" class=\"alignnone size-thumbnail wp-image-7784\" src=\"https:\/\/xn--judo-lbben-feb.de\/wp-content\/uploads\/2015\/04\/DSC04968--150x150.jpg\" alt=\"DSC04968\" width=\"150\" height=\"150\" srcset=\"https:\/\/xn--judo-lbben-feb.de\/wp-content\/uploads\/2015\/04\/DSC04968--150x150.jpg 150w, https:\/\/xn--judo-lbben-feb.de\/wp-content\/uploads\/2015\/04\/DSC04968--80x80.jpg 80w, https:\/\/xn--judo-lbben-feb.de\/wp-content\/uploads\/2015\/04\/DSC04968--200x200.jpg 200w\" sizes=\"auto, (max-width: 150px) 100vw, 150px\" \/><\/a><\/p>\n<p style=\"text-align: center;\">Maximilian k\u00e4mpfte in der U11 bis 34kg. In seiner Gewichtsklasse starten -15- K\u00e4mpfer. Seinen ersten Kampf entschieden die -3- Kampfrichter mit 2:1 f\u00fcr ihn.<br \/>\nSein n\u00e4chster Kampf ging leider verloren. Anschlie\u00dfend konnte er sich jedoch beweisen und gewann. Maximilian kam damit in die Trostrunde. Leider verlor er und konnte sich damit auch nicht platzieren.<\/p>\n<p style=\"text-align: center;\"><a href=\"https:\/\/xn--judo-lbben-feb.de\/wp-content\/uploads\/2015\/04\/DSC04967-.jpg\"><img loading=\"lazy\" decoding=\"async\" class=\"alignnone size-thumbnail wp-image-7785\" src=\"https:\/\/xn--judo-lbben-feb.de\/wp-content\/uploads\/2015\/04\/DSC04967--150x150.jpg\" alt=\"DSC04967\" width=\"150\" height=\"150\" srcset=\"https:\/\/xn--judo-lbben-feb.de\/wp-content\/uploads\/2015\/04\/DSC04967--150x150.jpg 150w, https:\/\/xn--judo-lbben-feb.de\/wp-content\/uploads\/2015\/04\/DSC04967--80x80.jpg 80w, https:\/\/xn--judo-lbben-feb.de\/wp-content\/uploads\/2015\/04\/DSC04967--200x200.jpg 200w\" sizes=\"auto, (max-width: 150px) 100vw, 150px\" \/><\/a> <a href=\"https:\/\/xn--judo-lbben-feb.de\/wp-content\/uploads\/2015\/04\/DSC04974-.jpg\"><img loading=\"lazy\" decoding=\"async\" class=\"alignnone size-thumbnail wp-image-7786\" src=\"https:\/\/xn--judo-lbben-feb.de\/wp-content\/uploads\/2015\/04\/DSC04974--150x150.jpg\" alt=\"DSC04974\" width=\"150\" height=\"150\" srcset=\"https:\/\/xn--judo-lbben-feb.de\/wp-content\/uploads\/2015\/04\/DSC04974--150x150.jpg 150w, https:\/\/xn--judo-lbben-feb.de\/wp-content\/uploads\/2015\/04\/DSC04974--80x80.jpg 80w, https:\/\/xn--judo-lbben-feb.de\/wp-content\/uploads\/2015\/04\/DSC04974--200x200.jpg 200w\" sizes=\"auto, (max-width: 150px) 100vw, 150px\" \/><\/a> <a href=\"https:\/\/xn--judo-lbben-feb.de\/wp-content\/uploads\/2015\/04\/DSC04975-.jpg\"><img loading=\"lazy\" decoding=\"async\" class=\"alignnone size-thumbnail wp-image-7787\" src=\"https:\/\/xn--judo-lbben-feb.de\/wp-content\/uploads\/2015\/04\/DSC04975--150x150.jpg\" alt=\"DSC04975\" width=\"150\" height=\"150\" srcset=\"https:\/\/xn--judo-lbben-feb.de\/wp-content\/uploads\/2015\/04\/DSC04975--150x150.jpg 150w, https:\/\/xn--judo-lbben-feb.de\/wp-content\/uploads\/2015\/04\/DSC04975--80x80.jpg 80w, https:\/\/xn--judo-lbben-feb.de\/wp-content\/uploads\/2015\/04\/DSC04975--200x200.jpg 200w\" sizes=\"auto, (max-width: 150px) 100vw, 150px\" \/><\/a><\/p>\n<p style=\"text-align: center;\">Melissa musste am l\u00e4ngsten warten. Sie hatte in der U11 bis 26 kg -4- K\u00e4mpfe zu bestreiten. Melissa gewann den ersten Kampf mit Wazari. Im zweiten Kampf konnte sie einen H\u00fcftwurf ansetzen und durchziehen. Die folgenden K\u00e4mpfe gewann sie mit Festhaltetechniken. 1xWazari und 3xIppon das sind -4- Siege mit 37 Punkten. Melissa wurde 1. Neben der Medaille freute sie sich ebenso \u00fcber ein T-Shirt.<\/p>\n<p style=\"text-align: center;\"><a href=\"https:\/\/xn--judo-lbben-feb.de\/wp-content\/uploads\/2015\/04\/DSC04980-.jpg\"><img loading=\"lazy\" decoding=\"async\" class=\"alignnone size-thumbnail wp-image-7788\" src=\"https:\/\/xn--judo-lbben-feb.de\/wp-content\/uploads\/2015\/04\/DSC04980--150x150.jpg\" alt=\"DSC04980\" width=\"150\" height=\"150\" srcset=\"https:\/\/xn--judo-lbben-feb.de\/wp-content\/uploads\/2015\/04\/DSC04980--150x150.jpg 150w, https:\/\/xn--judo-lbben-feb.de\/wp-content\/uploads\/2015\/04\/DSC04980--80x80.jpg 80w, https:\/\/xn--judo-lbben-feb.de\/wp-content\/uploads\/2015\/04\/DSC04980--200x200.jpg 200w\" sizes=\"auto, (max-width: 150px) 100vw, 150px\" \/><\/a> <a href=\"https:\/\/xn--judo-lbben-feb.de\/wp-content\/uploads\/2015\/04\/DSC04999-.jpg\"><img loading=\"lazy\" decoding=\"async\" class=\"alignnone size-thumbnail wp-image-7789\" src=\"https:\/\/xn--judo-lbben-feb.de\/wp-content\/uploads\/2015\/04\/DSC04999--150x150.jpg\" alt=\"DSC04999\" width=\"150\" height=\"150\" srcset=\"https:\/\/xn--judo-lbben-feb.de\/wp-content\/uploads\/2015\/04\/DSC04999--150x150.jpg 150w, https:\/\/xn--judo-lbben-feb.de\/wp-content\/uploads\/2015\/04\/DSC04999--80x80.jpg 80w, https:\/\/xn--judo-lbben-feb.de\/wp-content\/uploads\/2015\/04\/DSC04999--200x200.jpg 200w\" sizes=\"auto, (max-width: 150px) 100vw, 150px\" \/><\/a> <a href=\"https:\/\/xn--judo-lbben-feb.de\/wp-content\/uploads\/2015\/04\/DSC05000-.jpg\"><img loading=\"lazy\" decoding=\"async\" class=\"alignnone size-thumbnail wp-image-7790\" src=\"https:\/\/xn--judo-lbben-feb.de\/wp-content\/uploads\/2015\/04\/DSC05000--150x150.jpg\" alt=\"DSC05000\" width=\"150\" height=\"150\" srcset=\"https:\/\/xn--judo-lbben-feb.de\/wp-content\/uploads\/2015\/04\/DSC05000--150x150.jpg 150w, https:\/\/xn--judo-lbben-feb.de\/wp-content\/uploads\/2015\/04\/DSC05000--80x80.jpg 80w, https:\/\/xn--judo-lbben-feb.de\/wp-content\/uploads\/2015\/04\/DSC05000--200x200.jpg 200w\" sizes=\"auto, (max-width: 150px) 100vw, 150px\" \/><\/a><\/p>\n<p style=\"text-align: center;\"><a href=\"https:\/\/xn--judo-lbben-feb.de\/wp-content\/uploads\/2015\/04\/DSC05003-.jpg\"><img loading=\"lazy\" decoding=\"async\" class=\"alignnone size-medium wp-image-7792\" src=\"https:\/\/xn--judo-lbben-feb.de\/wp-content\/uploads\/2015\/04\/DSC05003--300x225.jpg\" alt=\"DSC05003\" width=\"300\" height=\"225\" srcset=\"https:\/\/xn--judo-lbben-feb.de\/wp-content\/uploads\/2015\/04\/DSC05003--300x225.jpg 300w, https:\/\/xn--judo-lbben-feb.de\/wp-content\/uploads\/2015\/04\/DSC05003-.jpg 1024w\" sizes=\"auto, (max-width: 300px) 100vw, 300px\" \/><\/a><\/p>\n<p style=\"text-align: center;\">Die U15 begann ihre K\u00e4mpfe gegen 13:00 Uhr.<br \/>\nSarah starte in der U15 bis 36kg. Sie hatte -2- K\u00e4mpfe. Leider ging der Erste verloren. Den zweiten gewann sie mit einer Hebeltechnik. Sarah wurde damit 2.<\/p>\n<p style=\"text-align: center;\"><a href=\"https:\/\/xn--judo-lbben-feb.de\/wp-content\/uploads\/2015\/04\/DSC05011-.jpg\"><img loading=\"lazy\" decoding=\"async\" class=\"alignnone size-thumbnail wp-image-7793\" src=\"https:\/\/xn--judo-lbben-feb.de\/wp-content\/uploads\/2015\/04\/DSC05011--150x150.jpg\" alt=\"DSC05011\" width=\"150\" height=\"150\" srcset=\"https:\/\/xn--judo-lbben-feb.de\/wp-content\/uploads\/2015\/04\/DSC05011--150x150.jpg 150w, https:\/\/xn--judo-lbben-feb.de\/wp-content\/uploads\/2015\/04\/DSC05011--80x80.jpg 80w, https:\/\/xn--judo-lbben-feb.de\/wp-content\/uploads\/2015\/04\/DSC05011--200x200.jpg 200w\" sizes=\"auto, (max-width: 150px) 100vw, 150px\" \/><\/a> <a href=\"https:\/\/xn--judo-lbben-feb.de\/wp-content\/uploads\/2015\/04\/DSC05012-.jpg\"><img loading=\"lazy\" decoding=\"async\" class=\"alignnone size-thumbnail wp-image-7794\" src=\"https:\/\/xn--judo-lbben-feb.de\/wp-content\/uploads\/2015\/04\/DSC05012--150x150.jpg\" alt=\"DSC05012\" width=\"150\" height=\"150\" srcset=\"https:\/\/xn--judo-lbben-feb.de\/wp-content\/uploads\/2015\/04\/DSC05012--150x150.jpg 150w, https:\/\/xn--judo-lbben-feb.de\/wp-content\/uploads\/2015\/04\/DSC05012--80x80.jpg 80w, https:\/\/xn--judo-lbben-feb.de\/wp-content\/uploads\/2015\/04\/DSC05012--200x200.jpg 200w\" sizes=\"auto, (max-width: 150px) 100vw, 150px\" \/><\/a> <a href=\"https:\/\/xn--judo-lbben-feb.de\/wp-content\/uploads\/2015\/04\/DSC05014-.jpg\"><img loading=\"lazy\" decoding=\"async\" class=\"alignnone size-thumbnail wp-image-7795\" src=\"https:\/\/xn--judo-lbben-feb.de\/wp-content\/uploads\/2015\/04\/DSC05014--150x150.jpg\" alt=\"DSC05014\" width=\"150\" height=\"150\" srcset=\"https:\/\/xn--judo-lbben-feb.de\/wp-content\/uploads\/2015\/04\/DSC05014--150x150.jpg 150w, https:\/\/xn--judo-lbben-feb.de\/wp-content\/uploads\/2015\/04\/DSC05014--80x80.jpg 80w, https:\/\/xn--judo-lbben-feb.de\/wp-content\/uploads\/2015\/04\/DSC05014--200x200.jpg 200w\" sizes=\"auto, (max-width: 150px) 100vw, 150px\" \/><\/a><\/p>\n<p style=\"text-align: center;\">In der U15 bis 44kg starteten neben Miriam -5- weitere Judokas.<br \/>\nIm ersten Kampf wurde ihre Gegnerin 3x bestraft. Auch wenn Miriam keine Wertung f\u00fcr sich erringen konnte, entschied der Kampfrichter den Kampf zu ihren Gunsten. Im zweiten Kampf konnte sie eine sch\u00f6ne Wurftechnik zeigen. Damit stand Miriam im Halbfinale. Hier musste sie sich geschlagen geben.<br \/>\nMiriam wurde 3.<\/p>\n<p style=\"text-align: center;\"><a href=\"https:\/\/xn--judo-lbben-feb.de\/wp-content\/uploads\/2015\/04\/DSC05021-.jpg\"><img loading=\"lazy\" decoding=\"async\" class=\"alignnone size-thumbnail wp-image-7796\" src=\"https:\/\/xn--judo-lbben-feb.de\/wp-content\/uploads\/2015\/04\/DSC05021--150x150.jpg\" alt=\"DSC05021\" width=\"150\" height=\"150\" srcset=\"https:\/\/xn--judo-lbben-feb.de\/wp-content\/uploads\/2015\/04\/DSC05021--150x150.jpg 150w, https:\/\/xn--judo-lbben-feb.de\/wp-content\/uploads\/2015\/04\/DSC05021--80x80.jpg 80w, https:\/\/xn--judo-lbben-feb.de\/wp-content\/uploads\/2015\/04\/DSC05021--200x200.jpg 200w\" sizes=\"auto, (max-width: 150px) 100vw, 150px\" \/><\/a> <a href=\"https:\/\/xn--judo-lbben-feb.de\/wp-content\/uploads\/2015\/04\/DSC05024-.jpg\"><img loading=\"lazy\" decoding=\"async\" class=\"alignnone size-thumbnail wp-image-7797\" src=\"https:\/\/xn--judo-lbben-feb.de\/wp-content\/uploads\/2015\/04\/DSC05024--150x150.jpg\" alt=\"DSC05024\" width=\"150\" height=\"150\" srcset=\"https:\/\/xn--judo-lbben-feb.de\/wp-content\/uploads\/2015\/04\/DSC05024--150x150.jpg 150w, https:\/\/xn--judo-lbben-feb.de\/wp-content\/uploads\/2015\/04\/DSC05024--80x80.jpg 80w, https:\/\/xn--judo-lbben-feb.de\/wp-content\/uploads\/2015\/04\/DSC05024--200x200.jpg 200w\" sizes=\"auto, (max-width: 150px) 100vw, 150px\" \/><\/a> <a href=\"https:\/\/xn--judo-lbben-feb.de\/wp-content\/uploads\/2015\/04\/DSC05027-.jpg\"><img loading=\"lazy\" decoding=\"async\" class=\"alignnone size-thumbnail wp-image-7798\" src=\"https:\/\/xn--judo-lbben-feb.de\/wp-content\/uploads\/2015\/04\/DSC05027--150x150.jpg\" alt=\"DSC05027\" width=\"150\" height=\"150\" srcset=\"https:\/\/xn--judo-lbben-feb.de\/wp-content\/uploads\/2015\/04\/DSC05027--150x150.jpg 150w, https:\/\/xn--judo-lbben-feb.de\/wp-content\/uploads\/2015\/04\/DSC05027--80x80.jpg 80w, https:\/\/xn--judo-lbben-feb.de\/wp-content\/uploads\/2015\/04\/DSC05027--200x200.jpg 200w\" sizes=\"auto, (max-width: 150px) 100vw, 150px\" \/><\/a><\/p>\n<p style=\"text-align: center;\"><a href=\"https:\/\/xn--judo-lbben-feb.de\/wp-content\/uploads\/2015\/04\/DSC05006-.jpg\"><img loading=\"lazy\" decoding=\"async\" class=\"alignnone size-medium wp-image-7799\" src=\"https:\/\/xn--judo-lbben-feb.de\/wp-content\/uploads\/2015\/04\/DSC05006--300x225.jpg\" alt=\"DSC05006\" width=\"300\" height=\"225\" srcset=\"https:\/\/xn--judo-lbben-feb.de\/wp-content\/uploads\/2015\/04\/DSC05006--300x225.jpg 300w, https:\/\/xn--judo-lbben-feb.de\/wp-content\/uploads\/2015\/04\/DSC05006-.jpg 1024w\" sizes=\"auto, (max-width: 300px) 100vw, 300px\" \/><\/a><\/p>\n<p style=\"text-align: center;\">Nach einem langen Tag in der Halle waren wir gegen 16:30 Uhr wieder in L\u00fcbben.<\/p>\n<p style=\"text-align: center;\"><a href=\"https:\/\/xn--judo-lbben-feb.de\/wp-content\/uploads\/2015\/04\/DSC05010-.jpg\"><img loading=\"lazy\" decoding=\"async\" class=\"alignnone size-large wp-image-7800\" src=\"https:\/\/xn--judo-lbben-feb.de\/wp-content\/uploads\/2015\/04\/DSC05010--1024x768.jpg\" alt=\"DSC05010\" width=\"598\" height=\"449\" srcset=\"https:\/\/xn--judo-lbben-feb.de\/wp-content\/uploads\/2015\/04\/DSC05010-.jpg 1024w, https:\/\/xn--judo-lbben-feb.de\/wp-content\/uploads\/2015\/04\/DSC05010--300x225.jpg 300w\" sizes=\"auto, (max-width: 598px) 100vw, 598px\" \/><\/a><\/p>\n<p style=\"text-align: center;\">Am 2. Tag starteten 4 L\u00fcbbener Jungs in der U13. Von L\u00fcbbener Quartett hatte Theo die vollste Gewichtsklasse und startete im Ko-Sytem. Theo schlug sich tapfer und erreichte mit 2 gewonnene K\u00e4mpfen und 2 Niederlagen Platz 5. Die anderen Drei traten in Pools mit jeweils 4 Teilnehmern an. Felix und Igor verloren alle 3 K\u00e4mpfe. Nur Max, der in einer Gruppe mit Igor k\u00e4mpfte, gewann einen seiner 3 K\u00e4mpfe, den gegen Igor. Ein lehrreicher Tag f\u00fcr unserer Jungs.<\/p>\n<p style=\"text-align: center;\"><a href=\"https:\/\/xn--judo-lbben-feb.de\/wp-content\/uploads\/2015\/04\/P1030428-FILEminimizer.jpg\"><img loading=\"lazy\" decoding=\"async\" class=\"alignnone  wp-image-8042\" src=\"https:\/\/xn--judo-lbben-feb.de\/wp-content\/uploads\/2015\/04\/P1030428-FILEminimizer.jpg\" alt=\"P1030428 (FILEminimizer)\" width=\"594\" height=\"446\" srcset=\"https:\/\/xn--judo-lbben-feb.de\/wp-content\/uploads\/2015\/04\/P1030428-FILEminimizer.jpg 1024w, https:\/\/xn--judo-lbben-feb.de\/wp-content\/uploads\/2015\/04\/P1030428-FILEminimizer-300x225.jpg 300w\" sizes=\"auto, (max-width: 594px) 100vw, 594px\" \/><\/a><\/p>\n","protected":false},"excerpt":{"rendered":"<p>Am 25.04.15 starteten wir morgens um 07:30 Uhr mit den K\u00e4mpfern f\u00fcr die U11 in Richtung Strau\u00dfberg zum Sparkassen-Cup. Gegen 10:00 Uhr folgten die K\u00e4mpfer f\u00fcr die U15. Im Rahmen des Wettkampfes fanden die Pr\u00fcfungen der neuen Kampfrichter statt. Dazu sind auf jeder Matte -3- Kari\u00b4s eingesetzt. Zus\u00e4tzlich zu dem eigentlichen Kari gibt es zwei [&hellip;]<\/p>\n","protected":false},"author":1,"featured_media":7777,"comment_status":"closed","ping_status":"open","sticky":false,"template":"","format":"standard","meta":{"_et_pb_use_builder":"","_et_pb_old_content":"","_et_gb_content_width":"","footnotes":""},"categories":[2],"tags":[],"class_list":["post-7772","post","type-post","status-publish","format-standard","has-post-thumbnail","hentry","category-news"],"_links":{"self":[{"href":"https:\/\/xn--judo-lbben-feb.de\/index.php?rest_route=\/wp\/v2\/posts\/7772","targetHints":{"allow":["GET"]}}],"collection":[{"href":"https:\/\/xn--judo-lbben-feb.de\/index.php?rest_route=\/wp\/v2\/posts"}],"about":[{"href":"https:\/\/xn--judo-lbben-feb.de\/index.php?rest_route=\/wp\/v2\/types\/post"}],"author":[{"embeddable":true,"href":"https:\/\/xn--judo-lbben-feb.de\/index.php?rest_route=\/wp\/v2\/users\/1"}],"replies":[{"embeddable":true,"href":"https:\/\/xn--judo-lbben-feb.de\/index.php?rest_route=%2Fwp%2Fv2%2Fcomments&post=7772"}],"version-history":[{"count":10,"href":"https:\/\/xn--judo-lbben-feb.de\/index.php?rest_route=\/wp\/v2\/posts\/7772\/revisions"}],"predecessor-version":[{"id":8046,"href":"https:\/\/xn--judo-lbben-feb.de\/index.php?rest_route=\/wp\/v2\/posts\/7772\/revisions\/8046"}],"wp:featuredmedia":[{"embeddable":true,"href":"https:\/\/xn--judo-lbben-feb.de\/index.php?rest_route=\/wp\/v2\/media\/7777"}],"wp:attachment":[{"href":"https:\/\/xn--judo-lbben-feb.de\/index.php?rest_route=%2Fwp%2Fv2%2Fmedia&parent=7772"}],"wp:term":[{"taxonomy":"category","embeddable":true,"href":"https:\/\/xn--judo-lbben-feb.de\/index.php?rest_route=%2Fwp%2Fv2%2Fcategories&post=7772"},{"taxonomy":"post_tag","embeddable":true,"href":"https:\/\/xn--judo-lbben-feb.de\/index.php?rest_route=%2Fwp%2Fv2%2Ftags&post=7772"}],"curies":[{"name":"wp","href":"https:\/\/api.w.org\/{rel}","templated":true}]}}