{"id":7662,"date":"2015-03-29T20:06:27","date_gmt":"2015-03-29T19:06:27","guid":{"rendered":"http:\/\/xn--judo-lbben-feb.de\/?p=7662"},"modified":"2015-04-03T21:46:34","modified_gmt":"2015-04-03T20:46:34","slug":"28-29-maerz-19-pokalwettkampf-in-falkensee","status":"publish","type":"post","link":"https:\/\/xn--judo-lbben-feb.de\/?p=7662","title":{"rendered":"28.\/29. M\u00e4rz 19. Pokalwettkampf in Falkensee"},"content":{"rendered":"<p>Mit einer kleinen Mannschaft reisten unsere Judoka auf \u00a0Wochenende vor den Osterferien zum Wettkampf nach Falkensee. Am ersten Tag gingen Elisa, Maximilian und Sophie J. in der U11 an den Start. Dort wurde in gewichtsnahen Gruppen mit bis zu 8 Sportlern gek\u00e4mpft. Zuerst war Maximilian dran. Er gewann 2 seiner 4 K\u00e4mpfe und holte Bronze. Ihm folgte im Wettkampfgeschehen Elisa. Elisa gewann ihre 3 K\u00e4mpfe souver\u00e4n und unterstrich damit ihre gute Form in den letzten Wochen. Platz 1. Nun folgte Sophie. Sie machte es Maximilian nach, gewann 2 ihrer 4 K\u00e4mpfe und sicherte so nach gro\u00dfer Steigerung, Platz 3. Nun \u00a0folgte die U15. Dort startete nur Sarah. Leider gab es dort nur wenige Teilnehmer und Sarah war kampflos. Damit mit sie nicht um sonst angereist war, absolvierte Sarah einen Freundschaftskampf, den sie gewann. Am zweiten Tag hatten wir 3 Teilnehmer in der U13. Max, Felix K. und Igor. Es wurde wie am Samstag in gewichtsnahen Gruppen gek\u00e4mpft. Unser Trio begann mit Siegen, dann folgten Niederlagen in ihren 2. K\u00e4mpfen. So standen Felix und Max im Halbfinale. Nur Igor, der in einem Vierer-Pool k\u00e4mpfte musste einmal mehr ran. Er gewann seinen 3. Auftritt und k\u00e4mpfte somit auch um den Einzug ins Finale. In ihren Halbfinals hatten es unsere drei Jungs \u00a0sehr schwer und mussten jeweils Niederlagen einstecken. Somit dreimal Bronze f\u00fcr unser Trio.<\/p>\n<p><a href=\"https:\/\/xn--judo-lbben-feb.de\/wp-content\/uploads\/2015\/03\/P1030170-FILEminimizer.jpg\"><img loading=\"lazy\" decoding=\"async\" class=\"alignnone size-thumbnail wp-image-7664\" src=\"https:\/\/xn--judo-lbben-feb.de\/wp-content\/uploads\/2015\/03\/P1030170-FILEminimizer-150x150.jpg\" alt=\"P1030170 (FILEminimizer)\" width=\"150\" height=\"150\" srcset=\"https:\/\/xn--judo-lbben-feb.de\/wp-content\/uploads\/2015\/03\/P1030170-FILEminimizer-150x150.jpg 150w, https:\/\/xn--judo-lbben-feb.de\/wp-content\/uploads\/2015\/03\/P1030170-FILEminimizer-80x80.jpg 80w, https:\/\/xn--judo-lbben-feb.de\/wp-content\/uploads\/2015\/03\/P1030170-FILEminimizer-200x200.jpg 200w\" sizes=\"auto, (max-width: 150px) 100vw, 150px\" \/><\/a>\u00a0 \u00a0 \u00a0<a href=\"https:\/\/xn--judo-lbben-feb.de\/wp-content\/uploads\/2015\/03\/P1030177-FILEminimizer.jpg\"><img loading=\"lazy\" decoding=\"async\" class=\"alignnone size-thumbnail wp-image-7665\" src=\"https:\/\/xn--judo-lbben-feb.de\/wp-content\/uploads\/2015\/03\/P1030177-FILEminimizer-150x150.jpg\" alt=\"P1030177 (FILEminimizer)\" width=\"150\" height=\"150\" srcset=\"https:\/\/xn--judo-lbben-feb.de\/wp-content\/uploads\/2015\/03\/P1030177-FILEminimizer-150x150.jpg 150w, https:\/\/xn--judo-lbben-feb.de\/wp-content\/uploads\/2015\/03\/P1030177-FILEminimizer-80x80.jpg 80w, https:\/\/xn--judo-lbben-feb.de\/wp-content\/uploads\/2015\/03\/P1030177-FILEminimizer-200x200.jpg 200w\" sizes=\"auto, (max-width: 150px) 100vw, 150px\" \/><\/a>\u00a0 \u00a0 \u00a0<a href=\"https:\/\/xn--judo-lbben-feb.de\/wp-content\/uploads\/2015\/03\/P1030179-FILEminimizer.jpg\"><img loading=\"lazy\" decoding=\"async\" class=\"alignnone size-thumbnail wp-image-7666\" src=\"https:\/\/xn--judo-lbben-feb.de\/wp-content\/uploads\/2015\/03\/P1030179-FILEminimizer-150x150.jpg\" alt=\"P1030179 (FILEminimizer)\" width=\"150\" height=\"150\" srcset=\"https:\/\/xn--judo-lbben-feb.de\/wp-content\/uploads\/2015\/03\/P1030179-FILEminimizer-150x150.jpg 150w, https:\/\/xn--judo-lbben-feb.de\/wp-content\/uploads\/2015\/03\/P1030179-FILEminimizer-80x80.jpg 80w, https:\/\/xn--judo-lbben-feb.de\/wp-content\/uploads\/2015\/03\/P1030179-FILEminimizer-200x200.jpg 200w\" sizes=\"auto, (max-width: 150px) 100vw, 150px\" \/><\/a><\/p>\n<p><a href=\"https:\/\/xn--judo-lbben-feb.de\/wp-content\/uploads\/2015\/03\/P1030180-FILEminimizer.jpg\"><img loading=\"lazy\" decoding=\"async\" class=\"alignnone size-thumbnail wp-image-7667\" src=\"https:\/\/xn--judo-lbben-feb.de\/wp-content\/uploads\/2015\/03\/P1030180-FILEminimizer-150x150.jpg\" alt=\"P1030180 (FILEminimizer)\" width=\"150\" height=\"150\" srcset=\"https:\/\/xn--judo-lbben-feb.de\/wp-content\/uploads\/2015\/03\/P1030180-FILEminimizer-150x150.jpg 150w, https:\/\/xn--judo-lbben-feb.de\/wp-content\/uploads\/2015\/03\/P1030180-FILEminimizer-80x80.jpg 80w, https:\/\/xn--judo-lbben-feb.de\/wp-content\/uploads\/2015\/03\/P1030180-FILEminimizer-200x200.jpg 200w\" sizes=\"auto, (max-width: 150px) 100vw, 150px\" \/><\/a>\u00a0\u00a0 \u00a0\u00a0<a href=\"https:\/\/xn--judo-lbben-feb.de\/wp-content\/uploads\/2015\/03\/P1030186-FILEminimizer.jpg\"><img loading=\"lazy\" decoding=\"async\" class=\"alignnone size-thumbnail wp-image-7669\" src=\"https:\/\/xn--judo-lbben-feb.de\/wp-content\/uploads\/2015\/03\/P1030186-FILEminimizer-150x150.jpg\" alt=\"P1030186 (FILEminimizer)\" width=\"150\" height=\"150\" srcset=\"https:\/\/xn--judo-lbben-feb.de\/wp-content\/uploads\/2015\/03\/P1030186-FILEminimizer-150x150.jpg 150w, https:\/\/xn--judo-lbben-feb.de\/wp-content\/uploads\/2015\/03\/P1030186-FILEminimizer-80x80.jpg 80w, https:\/\/xn--judo-lbben-feb.de\/wp-content\/uploads\/2015\/03\/P1030186-FILEminimizer-200x200.jpg 200w\" sizes=\"auto, (max-width: 150px) 100vw, 150px\" \/><\/a>\u00a0 \u00a0 \u00a0<a href=\"https:\/\/xn--judo-lbben-feb.de\/wp-content\/uploads\/2015\/03\/P1030188-FILEminimizer.jpg\"><img loading=\"lazy\" decoding=\"async\" class=\"alignnone size-thumbnail wp-image-7670\" src=\"https:\/\/xn--judo-lbben-feb.de\/wp-content\/uploads\/2015\/03\/P1030188-FILEminimizer-150x150.jpg\" alt=\"P1030188 (FILEminimizer)\" width=\"150\" height=\"150\" srcset=\"https:\/\/xn--judo-lbben-feb.de\/wp-content\/uploads\/2015\/03\/P1030188-FILEminimizer-150x150.jpg 150w, https:\/\/xn--judo-lbben-feb.de\/wp-content\/uploads\/2015\/03\/P1030188-FILEminimizer-80x80.jpg 80w, https:\/\/xn--judo-lbben-feb.de\/wp-content\/uploads\/2015\/03\/P1030188-FILEminimizer-200x200.jpg 200w\" sizes=\"auto, (max-width: 150px) 100vw, 150px\" \/><\/a><\/p>\n<p><a href=\"https:\/\/xn--judo-lbben-feb.de\/wp-content\/uploads\/2015\/03\/P1030193-FILEminimizer.jpg\"><img loading=\"lazy\" decoding=\"async\" class=\"alignnone  wp-image-7671\" src=\"https:\/\/xn--judo-lbben-feb.de\/wp-content\/uploads\/2015\/03\/P1030193-FILEminimizer-150x150.jpg\" alt=\"P1030193 (FILEminimizer)\" width=\"150\" height=\"150\" srcset=\"https:\/\/xn--judo-lbben-feb.de\/wp-content\/uploads\/2015\/03\/P1030193-FILEminimizer-150x150.jpg 150w, https:\/\/xn--judo-lbben-feb.de\/wp-content\/uploads\/2015\/03\/P1030193-FILEminimizer-80x80.jpg 80w, https:\/\/xn--judo-lbben-feb.de\/wp-content\/uploads\/2015\/03\/P1030193-FILEminimizer-200x200.jpg 200w\" sizes=\"auto, (max-width: 150px) 100vw, 150px\" \/><\/a>\u00a0 \u00a0 \u00a0<a href=\"https:\/\/xn--judo-lbben-feb.de\/wp-content\/uploads\/2015\/03\/P1030209-FILEminimizer.jpg\"><img loading=\"lazy\" decoding=\"async\" class=\"alignnone size-thumbnail wp-image-7672\" src=\"https:\/\/xn--judo-lbben-feb.de\/wp-content\/uploads\/2015\/03\/P1030209-FILEminimizer-150x150.jpg\" alt=\"P1030209 (FILEminimizer)\" width=\"150\" height=\"150\" srcset=\"https:\/\/xn--judo-lbben-feb.de\/wp-content\/uploads\/2015\/03\/P1030209-FILEminimizer-150x150.jpg 150w, https:\/\/xn--judo-lbben-feb.de\/wp-content\/uploads\/2015\/03\/P1030209-FILEminimizer-80x80.jpg 80w, https:\/\/xn--judo-lbben-feb.de\/wp-content\/uploads\/2015\/03\/P1030209-FILEminimizer-200x200.jpg 200w\" sizes=\"auto, (max-width: 150px) 100vw, 150px\" \/><\/a>\u00a0 \u00a0 \u00a0<a href=\"https:\/\/xn--judo-lbben-feb.de\/wp-content\/uploads\/2015\/03\/P1030213-FILEminimizer.jpg\"><img loading=\"lazy\" decoding=\"async\" class=\"alignnone size-thumbnail wp-image-7673\" src=\"https:\/\/xn--judo-lbben-feb.de\/wp-content\/uploads\/2015\/03\/P1030213-FILEminimizer-150x150.jpg\" alt=\"P1030213 (FILEminimizer)\" width=\"150\" height=\"150\" srcset=\"https:\/\/xn--judo-lbben-feb.de\/wp-content\/uploads\/2015\/03\/P1030213-FILEminimizer-150x150.jpg 150w, https:\/\/xn--judo-lbben-feb.de\/wp-content\/uploads\/2015\/03\/P1030213-FILEminimizer-80x80.jpg 80w, https:\/\/xn--judo-lbben-feb.de\/wp-content\/uploads\/2015\/03\/P1030213-FILEminimizer-200x200.jpg 200w\" sizes=\"auto, (max-width: 150px) 100vw, 150px\" \/><\/a><\/p>\n<p><a href=\"https:\/\/xn--judo-lbben-feb.de\/wp-content\/uploads\/2015\/03\/P1030217-FILEminimizer.jpg\"><img loading=\"lazy\" decoding=\"async\" class=\"alignnone size-thumbnail wp-image-7674\" src=\"https:\/\/xn--judo-lbben-feb.de\/wp-content\/uploads\/2015\/03\/P1030217-FILEminimizer-150x150.jpg\" alt=\"P1030217 (FILEminimizer)\" width=\"150\" height=\"150\" srcset=\"https:\/\/xn--judo-lbben-feb.de\/wp-content\/uploads\/2015\/03\/P1030217-FILEminimizer-150x150.jpg 150w, https:\/\/xn--judo-lbben-feb.de\/wp-content\/uploads\/2015\/03\/P1030217-FILEminimizer-80x80.jpg 80w, https:\/\/xn--judo-lbben-feb.de\/wp-content\/uploads\/2015\/03\/P1030217-FILEminimizer-200x200.jpg 200w\" sizes=\"auto, (max-width: 150px) 100vw, 150px\" \/><\/a>\u00a0\u00a0 \u00a0\u00a0<a href=\"https:\/\/xn--judo-lbben-feb.de\/wp-content\/uploads\/2015\/03\/P1030229-FILEminimizer.jpg\"><img loading=\"lazy\" decoding=\"async\" class=\"alignnone size-thumbnail wp-image-7675\" src=\"https:\/\/xn--judo-lbben-feb.de\/wp-content\/uploads\/2015\/03\/P1030229-FILEminimizer-150x150.jpg\" alt=\"P1030229 (FILEminimizer)\" width=\"150\" height=\"150\" srcset=\"https:\/\/xn--judo-lbben-feb.de\/wp-content\/uploads\/2015\/03\/P1030229-FILEminimizer-150x150.jpg 150w, https:\/\/xn--judo-lbben-feb.de\/wp-content\/uploads\/2015\/03\/P1030229-FILEminimizer-80x80.jpg 80w, https:\/\/xn--judo-lbben-feb.de\/wp-content\/uploads\/2015\/03\/P1030229-FILEminimizer-200x200.jpg 200w\" sizes=\"auto, (max-width: 150px) 100vw, 150px\" \/><\/a>\u00a0 \u00a0 \u00a0<a href=\"https:\/\/xn--judo-lbben-feb.de\/wp-content\/uploads\/2015\/03\/P1030237-FILEminimizer.jpg\"><img loading=\"lazy\" decoding=\"async\" class=\"alignnone size-thumbnail wp-image-7676\" src=\"https:\/\/xn--judo-lbben-feb.de\/wp-content\/uploads\/2015\/03\/P1030237-FILEminimizer-150x150.jpg\" alt=\"P1030237 (FILEminimizer)\" width=\"150\" height=\"150\" srcset=\"https:\/\/xn--judo-lbben-feb.de\/wp-content\/uploads\/2015\/03\/P1030237-FILEminimizer-150x150.jpg 150w, https:\/\/xn--judo-lbben-feb.de\/wp-content\/uploads\/2015\/03\/P1030237-FILEminimizer-80x80.jpg 80w, https:\/\/xn--judo-lbben-feb.de\/wp-content\/uploads\/2015\/03\/P1030237-FILEminimizer-200x200.jpg 200w\" sizes=\"auto, (max-width: 150px) 100vw, 150px\" \/><\/a><\/p>\n","protected":false},"excerpt":{"rendered":"<p>Mit einer kleinen Mannschaft reisten unsere Judoka auf \u00a0Wochenende vor den Osterferien zum Wettkampf nach Falkensee. Am ersten Tag gingen Elisa, Maximilian und Sophie J. in der U11 an den Start. Dort wurde in gewichtsnahen Gruppen mit bis zu 8 Sportlern gek\u00e4mpft. Zuerst war Maximilian dran. Er gewann 2 seiner 4 K\u00e4mpfe und holte Bronze. [&hellip;]<\/p>\n","protected":false},"author":2,"featured_media":7667,"comment_status":"closed","ping_status":"open","sticky":false,"template":"","format":"standard","meta":{"_et_pb_use_builder":"","_et_pb_old_content":"","_et_gb_content_width":"","footnotes":""},"categories":[2],"tags":[],"class_list":["post-7662","post","type-post","status-publish","format-standard","has-post-thumbnail","hentry","category-news"],"_links":{"self":[{"href":"https:\/\/xn--judo-lbben-feb.de\/index.php?rest_route=\/wp\/v2\/posts\/7662","targetHints":{"allow":["GET"]}}],"collection":[{"href":"https:\/\/xn--judo-lbben-feb.de\/index.php?rest_route=\/wp\/v2\/posts"}],"about":[{"href":"https:\/\/xn--judo-lbben-feb.de\/index.php?rest_route=\/wp\/v2\/types\/post"}],"author":[{"embeddable":true,"href":"https:\/\/xn--judo-lbben-feb.de\/index.php?rest_route=\/wp\/v2\/users\/2"}],"replies":[{"embeddable":true,"href":"https:\/\/xn--judo-lbben-feb.de\/index.php?rest_route=%2Fwp%2Fv2%2Fcomments&post=7662"}],"version-history":[{"count":3,"href":"https:\/\/xn--judo-lbben-feb.de\/index.php?rest_route=\/wp\/v2\/posts\/7662\/revisions"}],"predecessor-version":[{"id":7668,"href":"https:\/\/xn--judo-lbben-feb.de\/index.php?rest_route=\/wp\/v2\/posts\/7662\/revisions\/7668"}],"wp:featuredmedia":[{"embeddable":true,"href":"https:\/\/xn--judo-lbben-feb.de\/index.php?rest_route=\/wp\/v2\/media\/7667"}],"wp:attachment":[{"href":"https:\/\/xn--judo-lbben-feb.de\/index.php?rest_route=%2Fwp%2Fv2%2Fmedia&parent=7662"}],"wp:term":[{"taxonomy":"category","embeddable":true,"href":"https:\/\/xn--judo-lbben-feb.de\/index.php?rest_route=%2Fwp%2Fv2%2Fcategories&post=7662"},{"taxonomy":"post_tag","embeddable":true,"href":"https:\/\/xn--judo-lbben-feb.de\/index.php?rest_route=%2Fwp%2Fv2%2Ftags&post=7662"}],"curies":[{"name":"wp","href":"https:\/\/api.w.org\/{rel}","templated":true}]}}