{"id":7467,"date":"2015-03-15T19:47:28","date_gmt":"2015-03-15T18:47:28","guid":{"rendered":"http:\/\/xn--judo-lbben-feb.de\/?p=7467"},"modified":"2023-10-03T16:13:44","modified_gmt":"2023-10-03T15:13:44","slug":"spreewaldpokal-2015-mit-neuem-teilnehmerrekord","status":"publish","type":"post","link":"https:\/\/xn--judo-lbben-feb.de\/?p=7467","title":{"rendered":"Spreewaldpokal 2015 mit neuem Teilnehmerrekord"},"content":{"rendered":"<p style=\"text-align: center;\"><a href=\"https:\/\/xn--judo-lbben-feb.de\/wp-content\/uploads\/2015\/03\/DSC04853-.jpg\"><img loading=\"lazy\" decoding=\"async\" class=\"alignnone size-large wp-image-7468\" src=\"https:\/\/xn--judo-lbben-feb.de\/wp-content\/uploads\/2015\/03\/DSC04853--1024x225.jpg\" alt=\"DSC04853\" width=\"598\" height=\"131\" srcset=\"https:\/\/xn--judo-lbben-feb.de\/wp-content\/uploads\/2015\/03\/DSC04853--1024x225.jpg 1024w, https:\/\/xn--judo-lbben-feb.de\/wp-content\/uploads\/2015\/03\/DSC04853--300x66.jpg 300w\" sizes=\"auto, (max-width: 598px) 100vw, 598px\" \/><\/a><\/p>\n<p style=\"text-align: center;\">Der Spreewaldpokal 2015 in unserer Stadt war wieder ein furioses Turnier.<\/p>\n<p style=\"text-align: center;\">An beiden Tagen k\u00e4mpften mehr als 400 Judoka um die begehrten Medaillen und Pokale. Dabei reisten Vereine aus Berlin, nat\u00fcrlich Brandenburg, Sachsen und auch aus Polen an.<\/p>\n<p style=\"text-align: center;\">Der Sonnabend war den j\u00fcngeren Judoka vorbehalten, hier k\u00e4npften die U9, U11 und U13 in ihren jeweiligen Gewichtsklassen. Bereits hier waren spannende K\u00e4mpfe zu beobachten.<\/p>\n<p style=\"text-align: center;\">Der Sonntag reihte sich nahtlos an den vorherigen Wettkampftag an.<\/p>\n<p style=\"text-align: center;\">Die Kuzuhis konnten an beiden Tagen jeweils den 3. Platz in der Mannschaftswertung erringen. KLASSE!<\/p>\n<p style=\"text-align: center;\"><a href=\"https:\/\/xn--judo-lbben-feb.de\/wp-content\/uploads\/2015\/03\/DSC04842-.jpg\"><img loading=\"lazy\" decoding=\"async\" class=\"alignnone size-thumbnail wp-image-7483\" src=\"https:\/\/xn--judo-lbben-feb.de\/wp-content\/uploads\/2015\/03\/DSC04842--150x150.jpg\" alt=\"DSC04842\" width=\"150\" height=\"150\" srcset=\"https:\/\/xn--judo-lbben-feb.de\/wp-content\/uploads\/2015\/03\/DSC04842--150x150.jpg 150w, https:\/\/xn--judo-lbben-feb.de\/wp-content\/uploads\/2015\/03\/DSC04842--80x80.jpg 80w, https:\/\/xn--judo-lbben-feb.de\/wp-content\/uploads\/2015\/03\/DSC04842--200x200.jpg 200w\" sizes=\"auto, (max-width: 150px) 100vw, 150px\" \/><\/a> <a href=\"https:\/\/xn--judo-lbben-feb.de\/wp-content\/uploads\/2015\/03\/DSC04953-.jpg\"><img loading=\"lazy\" decoding=\"async\" class=\"alignnone size-thumbnail wp-image-7484\" src=\"https:\/\/xn--judo-lbben-feb.de\/wp-content\/uploads\/2015\/03\/DSC04953--150x150.jpg\" alt=\"DSC04953\" width=\"150\" height=\"150\" srcset=\"https:\/\/xn--judo-lbben-feb.de\/wp-content\/uploads\/2015\/03\/DSC04953--150x150.jpg 150w, https:\/\/xn--judo-lbben-feb.de\/wp-content\/uploads\/2015\/03\/DSC04953--80x80.jpg 80w, https:\/\/xn--judo-lbben-feb.de\/wp-content\/uploads\/2015\/03\/DSC04953--200x200.jpg 200w\" sizes=\"auto, (max-width: 150px) 100vw, 150px\" \/><\/a><\/p>\n<p style=\"text-align: center;\">Eins will und m\u00f6chte der Verein hier nicht vergessen,<\/p>\n<h3 style=\"text-align: center;\">DANKE<\/h3>\n<p style=\"text-align: center;\">an alle Helfer, ob beim Mattenaufbau, am Buffet, an den Kari-Tafeln, den Sanit\u00e4tern, Kuchenb\u00e4cker und und&#8230;.. IHR WART SPITZE!<\/p>\n<p style=\"text-align: center;\"><a href=\"https:\/\/xn--judo-lbben-feb.de\/wp-content\/uploads\/2015\/03\/DSC04782-.jpg\"><img loading=\"lazy\" decoding=\"async\" class=\"alignnone size-thumbnail wp-image-7472\" src=\"https:\/\/xn--judo-lbben-feb.de\/wp-content\/uploads\/2015\/03\/DSC04782--150x150.jpg\" alt=\"DSC04782\" width=\"150\" height=\"150\" srcset=\"https:\/\/xn--judo-lbben-feb.de\/wp-content\/uploads\/2015\/03\/DSC04782--150x150.jpg 150w, https:\/\/xn--judo-lbben-feb.de\/wp-content\/uploads\/2015\/03\/DSC04782--80x80.jpg 80w, https:\/\/xn--judo-lbben-feb.de\/wp-content\/uploads\/2015\/03\/DSC04782--200x200.jpg 200w\" sizes=\"auto, (max-width: 150px) 100vw, 150px\" \/><\/a> <a href=\"https:\/\/xn--judo-lbben-feb.de\/wp-content\/uploads\/2015\/03\/DSC04783-.jpg\"><img loading=\"lazy\" decoding=\"async\" class=\"alignnone size-thumbnail wp-image-7473\" src=\"https:\/\/xn--judo-lbben-feb.de\/wp-content\/uploads\/2015\/03\/DSC04783--150x150.jpg\" alt=\"DSC04783\" width=\"150\" height=\"150\" srcset=\"https:\/\/xn--judo-lbben-feb.de\/wp-content\/uploads\/2015\/03\/DSC04783--150x150.jpg 150w, https:\/\/xn--judo-lbben-feb.de\/wp-content\/uploads\/2015\/03\/DSC04783--80x80.jpg 80w, https:\/\/xn--judo-lbben-feb.de\/wp-content\/uploads\/2015\/03\/DSC04783--200x200.jpg 200w\" sizes=\"auto, (max-width: 150px) 100vw, 150px\" \/><\/a> <a href=\"https:\/\/xn--judo-lbben-feb.de\/wp-content\/uploads\/2015\/03\/DSC04788-.jpg\"><img loading=\"lazy\" decoding=\"async\" class=\"alignnone size-thumbnail wp-image-7474\" src=\"https:\/\/xn--judo-lbben-feb.de\/wp-content\/uploads\/2015\/03\/DSC04788--150x150.jpg\" alt=\"DSC04788\" width=\"150\" height=\"150\" srcset=\"https:\/\/xn--judo-lbben-feb.de\/wp-content\/uploads\/2015\/03\/DSC04788--150x150.jpg 150w, https:\/\/xn--judo-lbben-feb.de\/wp-content\/uploads\/2015\/03\/DSC04788--80x80.jpg 80w, https:\/\/xn--judo-lbben-feb.de\/wp-content\/uploads\/2015\/03\/DSC04788--200x200.jpg 200w\" sizes=\"auto, (max-width: 150px) 100vw, 150px\" \/><\/a> <a href=\"https:\/\/xn--judo-lbben-feb.de\/wp-content\/uploads\/2015\/03\/DSC04827-.jpg\"><img loading=\"lazy\" decoding=\"async\" class=\"alignnone size-thumbnail wp-image-7475\" src=\"https:\/\/xn--judo-lbben-feb.de\/wp-content\/uploads\/2015\/03\/DSC04827--150x150.jpg\" alt=\"DSC04827\" width=\"150\" height=\"150\" srcset=\"https:\/\/xn--judo-lbben-feb.de\/wp-content\/uploads\/2015\/03\/DSC04827--150x150.jpg 150w, https:\/\/xn--judo-lbben-feb.de\/wp-content\/uploads\/2015\/03\/DSC04827--80x80.jpg 80w, https:\/\/xn--judo-lbben-feb.de\/wp-content\/uploads\/2015\/03\/DSC04827--200x200.jpg 200w\" sizes=\"auto, (max-width: 150px) 100vw, 150px\" \/><\/a> <a href=\"https:\/\/xn--judo-lbben-feb.de\/wp-content\/uploads\/2015\/03\/DSC04828-.jpg\"><img loading=\"lazy\" decoding=\"async\" class=\"alignnone size-thumbnail wp-image-7476\" src=\"https:\/\/xn--judo-lbben-feb.de\/wp-content\/uploads\/2015\/03\/DSC04828--150x150.jpg\" alt=\"DSC04828\" width=\"150\" height=\"150\" srcset=\"https:\/\/xn--judo-lbben-feb.de\/wp-content\/uploads\/2015\/03\/DSC04828--150x150.jpg 150w, https:\/\/xn--judo-lbben-feb.de\/wp-content\/uploads\/2015\/03\/DSC04828--80x80.jpg 80w, https:\/\/xn--judo-lbben-feb.de\/wp-content\/uploads\/2015\/03\/DSC04828--200x200.jpg 200w\" sizes=\"auto, (max-width: 150px) 100vw, 150px\" \/><\/a> <a href=\"https:\/\/xn--judo-lbben-feb.de\/wp-content\/uploads\/2015\/03\/DSC04848-.jpg\"><img loading=\"lazy\" decoding=\"async\" class=\"alignnone size-thumbnail wp-image-7477\" src=\"https:\/\/xn--judo-lbben-feb.de\/wp-content\/uploads\/2015\/03\/DSC04848--150x150.jpg\" alt=\"DSC04848\" width=\"150\" height=\"150\" srcset=\"https:\/\/xn--judo-lbben-feb.de\/wp-content\/uploads\/2015\/03\/DSC04848--150x150.jpg 150w, https:\/\/xn--judo-lbben-feb.de\/wp-content\/uploads\/2015\/03\/DSC04848--80x80.jpg 80w, https:\/\/xn--judo-lbben-feb.de\/wp-content\/uploads\/2015\/03\/DSC04848--200x200.jpg 200w\" sizes=\"auto, (max-width: 150px) 100vw, 150px\" \/><\/a> <a href=\"https:\/\/xn--judo-lbben-feb.de\/wp-content\/uploads\/2015\/03\/DSC04855-.jpg\"><img loading=\"lazy\" decoding=\"async\" class=\"alignnone size-thumbnail wp-image-7478\" src=\"https:\/\/xn--judo-lbben-feb.de\/wp-content\/uploads\/2015\/03\/DSC04855--150x150.jpg\" alt=\"DSC04855\" width=\"150\" height=\"150\" srcset=\"https:\/\/xn--judo-lbben-feb.de\/wp-content\/uploads\/2015\/03\/DSC04855--150x150.jpg 150w, https:\/\/xn--judo-lbben-feb.de\/wp-content\/uploads\/2015\/03\/DSC04855--80x80.jpg 80w, https:\/\/xn--judo-lbben-feb.de\/wp-content\/uploads\/2015\/03\/DSC04855--200x200.jpg 200w\" sizes=\"auto, (max-width: 150px) 100vw, 150px\" \/><\/a> <a href=\"https:\/\/xn--judo-lbben-feb.de\/wp-content\/uploads\/2015\/03\/DSC04881-.jpg\"><img loading=\"lazy\" decoding=\"async\" class=\"alignnone size-thumbnail wp-image-7479\" src=\"https:\/\/xn--judo-lbben-feb.de\/wp-content\/uploads\/2015\/03\/DSC04881--150x150.jpg\" alt=\"DSC04881\" width=\"150\" height=\"150\" srcset=\"https:\/\/xn--judo-lbben-feb.de\/wp-content\/uploads\/2015\/03\/DSC04881--150x150.jpg 150w, https:\/\/xn--judo-lbben-feb.de\/wp-content\/uploads\/2015\/03\/DSC04881--80x80.jpg 80w, https:\/\/xn--judo-lbben-feb.de\/wp-content\/uploads\/2015\/03\/DSC04881--200x200.jpg 200w\" sizes=\"auto, (max-width: 150px) 100vw, 150px\" \/><\/a> <a href=\"https:\/\/xn--judo-lbben-feb.de\/wp-content\/uploads\/2015\/03\/DSC04941-.jpg\"><img loading=\"lazy\" decoding=\"async\" class=\"alignnone size-thumbnail wp-image-7480\" src=\"https:\/\/xn--judo-lbben-feb.de\/wp-content\/uploads\/2015\/03\/DSC04941--150x150.jpg\" alt=\"DSC04941\" width=\"150\" height=\"150\" srcset=\"https:\/\/xn--judo-lbben-feb.de\/wp-content\/uploads\/2015\/03\/DSC04941--150x150.jpg 150w, https:\/\/xn--judo-lbben-feb.de\/wp-content\/uploads\/2015\/03\/DSC04941--80x80.jpg 80w, https:\/\/xn--judo-lbben-feb.de\/wp-content\/uploads\/2015\/03\/DSC04941--200x200.jpg 200w\" sizes=\"auto, (max-width: 150px) 100vw, 150px\" \/><\/a><\/p>\n<p style=\"text-align: right;\"><a title=\"Spreewaldpokal 2015\" href=\"https:\/\/xn--judo-lbben-feb.de\/?page_id=7310\">hier gibt es weitere Infos und alle Bilder<\/a><\/p>\n","protected":false},"excerpt":{"rendered":"<p>Der Spreewaldpokal 2015 in unserer Stadt war wieder ein furioses Turnier. An beiden Tagen k\u00e4mpften mehr als 400 Judoka um die begehrten Medaillen und Pokale. Dabei reisten Vereine aus Berlin, nat\u00fcrlich Brandenburg, Sachsen und auch aus Polen an. Der Sonnabend war den j\u00fcngeren Judoka vorbehalten, hier k\u00e4npften die U9, U11 und U13 in ihren jeweiligen [&hellip;]<\/p>\n","protected":false},"author":1,"featured_media":7488,"comment_status":"closed","ping_status":"open","sticky":false,"template":"","format":"standard","meta":{"_et_pb_use_builder":"","_et_pb_old_content":"","_et_gb_content_width":"","footnotes":""},"categories":[2],"tags":[],"class_list":["post-7467","post","type-post","status-publish","format-standard","has-post-thumbnail","hentry","category-news"],"_links":{"self":[{"href":"https:\/\/xn--judo-lbben-feb.de\/index.php?rest_route=\/wp\/v2\/posts\/7467","targetHints":{"allow":["GET"]}}],"collection":[{"href":"https:\/\/xn--judo-lbben-feb.de\/index.php?rest_route=\/wp\/v2\/posts"}],"about":[{"href":"https:\/\/xn--judo-lbben-feb.de\/index.php?rest_route=\/wp\/v2\/types\/post"}],"author":[{"embeddable":true,"href":"https:\/\/xn--judo-lbben-feb.de\/index.php?rest_route=\/wp\/v2\/users\/1"}],"replies":[{"embeddable":true,"href":"https:\/\/xn--judo-lbben-feb.de\/index.php?rest_route=%2Fwp%2Fv2%2Fcomments&post=7467"}],"version-history":[{"count":11,"href":"https:\/\/xn--judo-lbben-feb.de\/index.php?rest_route=\/wp\/v2\/posts\/7467\/revisions"}],"predecessor-version":[{"id":19145,"href":"https:\/\/xn--judo-lbben-feb.de\/index.php?rest_route=\/wp\/v2\/posts\/7467\/revisions\/19145"}],"wp:featuredmedia":[{"embeddable":true,"href":"https:\/\/xn--judo-lbben-feb.de\/index.php?rest_route=\/wp\/v2\/media\/7488"}],"wp:attachment":[{"href":"https:\/\/xn--judo-lbben-feb.de\/index.php?rest_route=%2Fwp%2Fv2%2Fmedia&parent=7467"}],"wp:term":[{"taxonomy":"category","embeddable":true,"href":"https:\/\/xn--judo-lbben-feb.de\/index.php?rest_route=%2Fwp%2Fv2%2Fcategories&post=7467"},{"taxonomy":"post_tag","embeddable":true,"href":"https:\/\/xn--judo-lbben-feb.de\/index.php?rest_route=%2Fwp%2Fv2%2Ftags&post=7467"}],"curies":[{"name":"wp","href":"https:\/\/api.w.org\/{rel}","templated":true}]}}