{"id":7445,"date":"2015-03-01T19:38:22","date_gmt":"2015-03-01T18:38:22","guid":{"rendered":"http:\/\/xn--judo-lbben-feb.de\/?p=7445"},"modified":"2015-03-08T19:47:30","modified_gmt":"2015-03-08T18:47:30","slug":"trainingswochenende-2-teil","status":"publish","type":"post","link":"https:\/\/xn--judo-lbben-feb.de\/?p=7445","title":{"rendered":"Trainingswochenende 2. Teil"},"content":{"rendered":"<p style=\"text-align: center;\">Vom 28.02.-01.03.15 fand das zweite Trainingslager statt. Diesmal ohne \u00dcbernachtung. Mit \u00fcber 30 Teilnehmern war auch dieses gut besucht.<\/p>\n<p style=\"text-align: center;\">\u00a0 <a href=\"https:\/\/xn--judo-lbben-feb.de\/wp-content\/uploads\/2015\/03\/DSC04663-.jpg\"><img loading=\"lazy\" decoding=\"async\" class=\"alignnone size-thumbnail wp-image-7449\" src=\"https:\/\/xn--judo-lbben-feb.de\/wp-content\/uploads\/2015\/03\/DSC04663--150x150.jpg\" alt=\"DSC04663\" width=\"150\" height=\"150\" srcset=\"https:\/\/xn--judo-lbben-feb.de\/wp-content\/uploads\/2015\/03\/DSC04663--150x150.jpg 150w, https:\/\/xn--judo-lbben-feb.de\/wp-content\/uploads\/2015\/03\/DSC04663--80x80.jpg 80w, https:\/\/xn--judo-lbben-feb.de\/wp-content\/uploads\/2015\/03\/DSC04663--200x200.jpg 200w\" sizes=\"auto, (max-width: 150px) 100vw, 150px\" \/><\/a> <a href=\"https:\/\/xn--judo-lbben-feb.de\/wp-content\/uploads\/2015\/03\/DSC04662-.jpg\"><img loading=\"lazy\" decoding=\"async\" class=\"alignnone size-thumbnail wp-image-7448\" src=\"https:\/\/xn--judo-lbben-feb.de\/wp-content\/uploads\/2015\/03\/DSC04662--150x150.jpg\" alt=\"DSC04662\" width=\"150\" height=\"150\" srcset=\"https:\/\/xn--judo-lbben-feb.de\/wp-content\/uploads\/2015\/03\/DSC04662--150x150.jpg 150w, https:\/\/xn--judo-lbben-feb.de\/wp-content\/uploads\/2015\/03\/DSC04662--80x80.jpg 80w, https:\/\/xn--judo-lbben-feb.de\/wp-content\/uploads\/2015\/03\/DSC04662--200x200.jpg 200w\" sizes=\"auto, (max-width: 150px) 100vw, 150px\" \/><\/a> <a href=\"https:\/\/xn--judo-lbben-feb.de\/wp-content\/uploads\/2015\/03\/DSC04661-.jpg\"><img loading=\"lazy\" decoding=\"async\" class=\"alignnone size-thumbnail wp-image-7447\" src=\"https:\/\/xn--judo-lbben-feb.de\/wp-content\/uploads\/2015\/03\/DSC04661--150x150.jpg\" alt=\"DSC04661\" width=\"150\" height=\"150\" srcset=\"https:\/\/xn--judo-lbben-feb.de\/wp-content\/uploads\/2015\/03\/DSC04661--150x150.jpg 150w, https:\/\/xn--judo-lbben-feb.de\/wp-content\/uploads\/2015\/03\/DSC04661--80x80.jpg 80w, https:\/\/xn--judo-lbben-feb.de\/wp-content\/uploads\/2015\/03\/DSC04661--200x200.jpg 200w\" sizes=\"auto, (max-width: 150px) 100vw, 150px\" \/><\/a><br \/>\nLeider wurden einige Judoka noch nicht f\u00fcr Ihre G\u00fcrtelpr\u00fcfungen zugelasen. Termin f\u00fcr die Nachpr\u00fcfungen ist nach Ostern.<\/p>\n<p style=\"text-align: center;\"><a href=\"https:\/\/xn--judo-lbben-feb.de\/wp-content\/uploads\/2015\/03\/DSC04664-.jpg\"><img loading=\"lazy\" decoding=\"async\" class=\"alignnone size-thumbnail wp-image-7450\" src=\"https:\/\/xn--judo-lbben-feb.de\/wp-content\/uploads\/2015\/03\/DSC04664--150x150.jpg\" alt=\"DSC04664\" width=\"150\" height=\"150\" srcset=\"https:\/\/xn--judo-lbben-feb.de\/wp-content\/uploads\/2015\/03\/DSC04664--150x150.jpg 150w, https:\/\/xn--judo-lbben-feb.de\/wp-content\/uploads\/2015\/03\/DSC04664--80x80.jpg 80w, https:\/\/xn--judo-lbben-feb.de\/wp-content\/uploads\/2015\/03\/DSC04664--200x200.jpg 200w\" sizes=\"auto, (max-width: 150px) 100vw, 150px\" \/><\/a> <a href=\"https:\/\/xn--judo-lbben-feb.de\/wp-content\/uploads\/2015\/03\/DSC04665-.jpg\"><img loading=\"lazy\" decoding=\"async\" class=\"alignnone size-thumbnail wp-image-7451\" src=\"https:\/\/xn--judo-lbben-feb.de\/wp-content\/uploads\/2015\/03\/DSC04665--150x150.jpg\" alt=\"DSC04665\" width=\"150\" height=\"150\" srcset=\"https:\/\/xn--judo-lbben-feb.de\/wp-content\/uploads\/2015\/03\/DSC04665--150x150.jpg 150w, https:\/\/xn--judo-lbben-feb.de\/wp-content\/uploads\/2015\/03\/DSC04665--80x80.jpg 80w, https:\/\/xn--judo-lbben-feb.de\/wp-content\/uploads\/2015\/03\/DSC04665--200x200.jpg 200w\" sizes=\"auto, (max-width: 150px) 100vw, 150px\" \/><\/a> <a href=\"https:\/\/xn--judo-lbben-feb.de\/wp-content\/uploads\/2015\/03\/DSC04668-.jpg\"><img loading=\"lazy\" decoding=\"async\" class=\"alignnone size-thumbnail wp-image-7452\" src=\"https:\/\/xn--judo-lbben-feb.de\/wp-content\/uploads\/2015\/03\/DSC04668--150x150.jpg\" alt=\"DSC04668\" width=\"150\" height=\"150\" srcset=\"https:\/\/xn--judo-lbben-feb.de\/wp-content\/uploads\/2015\/03\/DSC04668--150x150.jpg 150w, https:\/\/xn--judo-lbben-feb.de\/wp-content\/uploads\/2015\/03\/DSC04668--80x80.jpg 80w, https:\/\/xn--judo-lbben-feb.de\/wp-content\/uploads\/2015\/03\/DSC04668--200x200.jpg 200w\" sizes=\"auto, (max-width: 150px) 100vw, 150px\" \/><\/a><br \/>\nNeben Pr\u00fcfungen zum Gelben, Gelb-Orange und Gr\u00fcn Gurt, traten -6- Judoka zur Pr\u00fcfung f\u00fcr den blauen Gurt an.<\/p>\n<p style=\"text-align: center;\"><a href=\"https:\/\/xn--judo-lbben-feb.de\/wp-content\/uploads\/2015\/03\/DSC04669-.jpg\"><img loading=\"lazy\" decoding=\"async\" class=\"alignnone size-thumbnail wp-image-7453\" src=\"https:\/\/xn--judo-lbben-feb.de\/wp-content\/uploads\/2015\/03\/DSC04669--150x150.jpg\" alt=\"DSC04669\" width=\"150\" height=\"150\" srcset=\"https:\/\/xn--judo-lbben-feb.de\/wp-content\/uploads\/2015\/03\/DSC04669--150x150.jpg 150w, https:\/\/xn--judo-lbben-feb.de\/wp-content\/uploads\/2015\/03\/DSC04669--80x80.jpg 80w, https:\/\/xn--judo-lbben-feb.de\/wp-content\/uploads\/2015\/03\/DSC04669--200x200.jpg 200w\" sizes=\"auto, (max-width: 150px) 100vw, 150px\" \/><\/a> <a href=\"https:\/\/xn--judo-lbben-feb.de\/wp-content\/uploads\/2015\/03\/DSC04670-.jpg\"><img loading=\"lazy\" decoding=\"async\" class=\"alignnone size-thumbnail wp-image-7454\" src=\"https:\/\/xn--judo-lbben-feb.de\/wp-content\/uploads\/2015\/03\/DSC04670--150x150.jpg\" alt=\"DSC04670\" width=\"150\" height=\"150\" srcset=\"https:\/\/xn--judo-lbben-feb.de\/wp-content\/uploads\/2015\/03\/DSC04670--150x150.jpg 150w, https:\/\/xn--judo-lbben-feb.de\/wp-content\/uploads\/2015\/03\/DSC04670--80x80.jpg 80w, https:\/\/xn--judo-lbben-feb.de\/wp-content\/uploads\/2015\/03\/DSC04670--200x200.jpg 200w\" sizes=\"auto, (max-width: 150px) 100vw, 150px\" \/><\/a> <a href=\"https:\/\/xn--judo-lbben-feb.de\/wp-content\/uploads\/2015\/03\/DSC04671-.jpg\"><img loading=\"lazy\" decoding=\"async\" class=\"alignnone size-thumbnail wp-image-7455\" src=\"https:\/\/xn--judo-lbben-feb.de\/wp-content\/uploads\/2015\/03\/DSC04671--150x150.jpg\" alt=\"DSC04671\" width=\"150\" height=\"150\" srcset=\"https:\/\/xn--judo-lbben-feb.de\/wp-content\/uploads\/2015\/03\/DSC04671--150x150.jpg 150w, https:\/\/xn--judo-lbben-feb.de\/wp-content\/uploads\/2015\/03\/DSC04671--80x80.jpg 80w, https:\/\/xn--judo-lbben-feb.de\/wp-content\/uploads\/2015\/03\/DSC04671--200x200.jpg 200w\" sizes=\"auto, (max-width: 150px) 100vw, 150px\" \/><\/a> <a href=\"https:\/\/xn--judo-lbben-feb.de\/wp-content\/uploads\/2015\/03\/DSC04672-.jpg\"><img loading=\"lazy\" decoding=\"async\" class=\"alignnone size-thumbnail wp-image-7456\" src=\"https:\/\/xn--judo-lbben-feb.de\/wp-content\/uploads\/2015\/03\/DSC04672--150x150.jpg\" alt=\"DSC04672\" width=\"150\" height=\"150\" srcset=\"https:\/\/xn--judo-lbben-feb.de\/wp-content\/uploads\/2015\/03\/DSC04672--150x150.jpg 150w, https:\/\/xn--judo-lbben-feb.de\/wp-content\/uploads\/2015\/03\/DSC04672--80x80.jpg 80w, https:\/\/xn--judo-lbben-feb.de\/wp-content\/uploads\/2015\/03\/DSC04672--200x200.jpg 200w\" sizes=\"auto, (max-width: 150px) 100vw, 150px\" \/><\/a> <a href=\"https:\/\/xn--judo-lbben-feb.de\/wp-content\/uploads\/2015\/03\/DSC04673-.jpg\"><img loading=\"lazy\" decoding=\"async\" class=\"alignnone size-thumbnail wp-image-7457\" src=\"https:\/\/xn--judo-lbben-feb.de\/wp-content\/uploads\/2015\/03\/DSC04673--150x150.jpg\" alt=\"DSC04673\" width=\"150\" height=\"150\" srcset=\"https:\/\/xn--judo-lbben-feb.de\/wp-content\/uploads\/2015\/03\/DSC04673--150x150.jpg 150w, https:\/\/xn--judo-lbben-feb.de\/wp-content\/uploads\/2015\/03\/DSC04673--80x80.jpg 80w, https:\/\/xn--judo-lbben-feb.de\/wp-content\/uploads\/2015\/03\/DSC04673--200x200.jpg 200w\" sizes=\"auto, (max-width: 150px) 100vw, 150px\" \/><\/a> <a href=\"https:\/\/xn--judo-lbben-feb.de\/wp-content\/uploads\/2015\/03\/DSC04674-.jpg\"><img loading=\"lazy\" decoding=\"async\" class=\"alignnone size-thumbnail wp-image-7458\" src=\"https:\/\/xn--judo-lbben-feb.de\/wp-content\/uploads\/2015\/03\/DSC04674--150x150.jpg\" alt=\"DSC04674\" width=\"150\" height=\"150\" srcset=\"https:\/\/xn--judo-lbben-feb.de\/wp-content\/uploads\/2015\/03\/DSC04674--150x150.jpg 150w, https:\/\/xn--judo-lbben-feb.de\/wp-content\/uploads\/2015\/03\/DSC04674--80x80.jpg 80w, https:\/\/xn--judo-lbben-feb.de\/wp-content\/uploads\/2015\/03\/DSC04674--200x200.jpg 200w\" sizes=\"auto, (max-width: 150px) 100vw, 150px\" \/><\/a><br \/>\nHerzlichen Gl\u00fcckwunsch zu den neuen Graduierungen!<\/p>\n<p style=\"text-align: center;\"><a href=\"https:\/\/xn--judo-lbben-feb.de\/wp-content\/uploads\/2015\/03\/DSC04667-.jpg\"><img loading=\"lazy\" decoding=\"async\" class=\"alignnone size-large wp-image-7459\" src=\"https:\/\/xn--judo-lbben-feb.de\/wp-content\/uploads\/2015\/03\/DSC04667--1024x768.jpg\" alt=\"DSC04667\" width=\"598\" height=\"449\" srcset=\"https:\/\/xn--judo-lbben-feb.de\/wp-content\/uploads\/2015\/03\/DSC04667-.jpg 1024w, https:\/\/xn--judo-lbben-feb.de\/wp-content\/uploads\/2015\/03\/DSC04667--300x225.jpg 300w\" sizes=\"auto, (max-width: 598px) 100vw, 598px\" \/><\/a><\/p>\n","protected":false},"excerpt":{"rendered":"<p>Vom 28.02.-01.03.15 fand das zweite Trainingslager statt. Diesmal ohne \u00dcbernachtung. Mit \u00fcber 30 Teilnehmern war auch dieses gut besucht. \u00a0 Leider wurden einige Judoka noch nicht f\u00fcr Ihre G\u00fcrtelpr\u00fcfungen zugelasen. Termin f\u00fcr die Nachpr\u00fcfungen ist nach Ostern. Neben Pr\u00fcfungen zum Gelben, Gelb-Orange und Gr\u00fcn Gurt, traten -6- Judoka zur Pr\u00fcfung f\u00fcr den blauen Gurt an. [&hellip;]<\/p>\n","protected":false},"author":1,"featured_media":7459,"comment_status":"closed","ping_status":"open","sticky":false,"template":"","format":"standard","meta":{"_et_pb_use_builder":"","_et_pb_old_content":"","_et_gb_content_width":"","footnotes":""},"categories":[2],"tags":[],"class_list":["post-7445","post","type-post","status-publish","format-standard","has-post-thumbnail","hentry","category-news"],"_links":{"self":[{"href":"https:\/\/xn--judo-lbben-feb.de\/index.php?rest_route=\/wp\/v2\/posts\/7445","targetHints":{"allow":["GET"]}}],"collection":[{"href":"https:\/\/xn--judo-lbben-feb.de\/index.php?rest_route=\/wp\/v2\/posts"}],"about":[{"href":"https:\/\/xn--judo-lbben-feb.de\/index.php?rest_route=\/wp\/v2\/types\/post"}],"author":[{"embeddable":true,"href":"https:\/\/xn--judo-lbben-feb.de\/index.php?rest_route=\/wp\/v2\/users\/1"}],"replies":[{"embeddable":true,"href":"https:\/\/xn--judo-lbben-feb.de\/index.php?rest_route=%2Fwp%2Fv2%2Fcomments&post=7445"}],"version-history":[{"count":1,"href":"https:\/\/xn--judo-lbben-feb.de\/index.php?rest_route=\/wp\/v2\/posts\/7445\/revisions"}],"predecessor-version":[{"id":7460,"href":"https:\/\/xn--judo-lbben-feb.de\/index.php?rest_route=\/wp\/v2\/posts\/7445\/revisions\/7460"}],"wp:featuredmedia":[{"embeddable":true,"href":"https:\/\/xn--judo-lbben-feb.de\/index.php?rest_route=\/wp\/v2\/media\/7459"}],"wp:attachment":[{"href":"https:\/\/xn--judo-lbben-feb.de\/index.php?rest_route=%2Fwp%2Fv2%2Fmedia&parent=7445"}],"wp:term":[{"taxonomy":"category","embeddable":true,"href":"https:\/\/xn--judo-lbben-feb.de\/index.php?rest_route=%2Fwp%2Fv2%2Fcategories&post=7445"},{"taxonomy":"post_tag","embeddable":true,"href":"https:\/\/xn--judo-lbben-feb.de\/index.php?rest_route=%2Fwp%2Fv2%2Ftags&post=7445"}],"curies":[{"name":"wp","href":"https:\/\/api.w.org\/{rel}","templated":true}]}}