{"id":730,"date":"2012-11-18T18:45:08","date_gmt":"2012-11-18T18:45:08","guid":{"rendered":"http:\/\/xn--judo-lbben-feb.de\/?p=730"},"modified":"2012-11-18T18:45:08","modified_gmt":"2012-11-18T18:45:08","slug":"btu-cup-cotbus","status":"publish","type":"post","link":"https:\/\/xn--judo-lbben-feb.de\/?p=730","title":{"rendered":"BTU Cup Cottbus U9\/U11\/U13"},"content":{"rendered":"<p>Samstag morgens um 08:00Uhr, was sonst wir fuhren zum Wettkampf. Diesmal nach Cottbus zum BTU Cup.\u00a0 Unser bew\u00e4hrtes Wettkampfteam lie\u00df sich von der langen Wartezeit vom Wiegen bis zu den ersten K\u00e4mpfen um 10:00 Uhr nicht verunsichern.<\/p>\n<p><a href=\"https:\/\/xn--judo-lbben-feb.de\/wp-content\/uploads\/2012\/11\/P1040655-.jpg\"><img loading=\"lazy\" decoding=\"async\" class=\"alignnone size-medium wp-image-757\" title=\"P1040655\" src=\"https:\/\/xn--judo-lbben-feb.de\/wp-content\/uploads\/2012\/11\/P1040655--300x225.jpg\" alt=\"\" width=\"141\" height=\"107\" \/><\/a> <a href=\"https:\/\/xn--judo-lbben-feb.de\/wp-content\/uploads\/2012\/11\/P1040659-.jpg\"><img loading=\"lazy\" decoding=\"async\" class=\"alignnone size-medium wp-image-758\" title=\"P1040659\" src=\"https:\/\/xn--judo-lbben-feb.de\/wp-content\/uploads\/2012\/11\/P1040659--300x225.jpg\" alt=\"\" width=\"140\" height=\"108\" \/><\/a> <a href=\"https:\/\/xn--judo-lbben-feb.de\/wp-content\/uploads\/2012\/11\/P1040664-.jpg\"><img loading=\"lazy\" decoding=\"async\" class=\"alignnone size-medium wp-image-759\" title=\"P1040664\" src=\"https:\/\/xn--judo-lbben-feb.de\/wp-content\/uploads\/2012\/11\/P1040664--300x225.jpg\" alt=\"\" width=\"143\" height=\"108\" \/><\/a> <a href=\"https:\/\/xn--judo-lbben-feb.de\/wp-content\/uploads\/2012\/11\/P1040677-.jpg\"><img loading=\"lazy\" decoding=\"async\" title=\"P1040677\" src=\"https:\/\/xn--judo-lbben-feb.de\/wp-content\/uploads\/2012\/11\/P1040677--300x225.jpg\" alt=\"\" width=\"142\" height=\"108\" \/><\/a><\/p>\n<p>Lucian geh\u00f6rte leider zu den letzten K\u00e4mpfern des Tages und musste von allen am l\u00e4ngsten auf seine K\u00e4mpfe warten. Es waren 19 Vereine u.a. auch aus Wroclaw und Nova Sol mit insgesamt 250 Teilnehmern angereist. Wir konnten einige gute K\u00e4mpfe zeigen und es den Favoriten so etwas schwerer machen. In der U9 bis 24 kg setzte sich Elisa Rudnik durch, sie gab keinen Sieg ab.<\/p>\n<p><a href=\"https:\/\/xn--judo-lbben-feb.de\/wp-content\/uploads\/2012\/11\/P1040666-.jpg\"><img loading=\"lazy\" decoding=\"async\" class=\"alignnone size-medium wp-image-761\" title=\"P1040666\" src=\"https:\/\/xn--judo-lbben-feb.de\/wp-content\/uploads\/2012\/11\/P1040666--300x225.jpg\" alt=\"\" width=\"143\" height=\"106\" \/><\/a> <a href=\"https:\/\/xn--judo-lbben-feb.de\/wp-content\/uploads\/2012\/11\/P1040669-1.jpg\"><img loading=\"lazy\" decoding=\"async\" class=\"alignnone size-medium wp-image-763\" title=\"P1040669\" src=\"https:\/\/xn--judo-lbben-feb.de\/wp-content\/uploads\/2012\/11\/P1040669-1-300x225.jpg\" alt=\"\" width=\"140\" height=\"106\" \/><\/a> <a href=\"https:\/\/xn--judo-lbben-feb.de\/wp-content\/uploads\/2012\/11\/P1040673-.jpg\"><img loading=\"lazy\" decoding=\"async\" class=\"alignnone size-medium wp-image-764\" title=\"P1040673\" src=\"https:\/\/xn--judo-lbben-feb.de\/wp-content\/uploads\/2012\/11\/P1040673--300x225.jpg\" alt=\"\" width=\"139\" height=\"105\" \/><\/a> <a href=\"https:\/\/xn--judo-lbben-feb.de\/wp-content\/uploads\/2012\/11\/P1040683-.jpg\"><img loading=\"lazy\" decoding=\"async\" title=\"P1040683\" src=\"https:\/\/xn--judo-lbben-feb.de\/wp-content\/uploads\/2012\/11\/P1040683--300x225.jpg\" alt=\"\" width=\"138\" height=\"105\" \/><\/a><\/p>\n<p>Insgesamt war es f\u00fcr alle ein schwerer Wettkampftag an dem auch einige Niederlagen hingenommen werden mussten. Erst gegen 16:00 Uhr begann die langersehnte Siegerehrung. In der Mannschaftswertung landeten wir auf dem 8.Platz, wie schon erw\u00e4hnt von 19 Vereinen.<\/p>\n<p>In der Einzelwertung gab es folgende<a title=\"Wettkampfergebnisse\" href=\"https:\/\/xn--judo-lbben-feb.de\/?page_id=395\"> Platzierungen<\/a><\/p>\n<p style=\"text-align: center;\"><a href=\"https:\/\/xn--judo-lbben-feb.de\/wp-content\/uploads\/2012\/11\/P1040689-.jpg\"><img loading=\"lazy\" decoding=\"async\" class=\"alignnone size-medium wp-image-771\" title=\"P1040689\" src=\"https:\/\/xn--judo-lbben-feb.de\/wp-content\/uploads\/2012\/11\/P1040689--300x225.jpg\" alt=\"\" width=\"300\" height=\"225\" \/><\/a><\/p>\n<p style=\"text-align: center;\"><a href=\"https:\/\/xn--judo-lbben-feb.de\/wp-content\/uploads\/2012\/11\/P1040686-.jpg\"><img loading=\"lazy\" decoding=\"async\" title=\"P1040686\" src=\"https:\/\/xn--judo-lbben-feb.de\/wp-content\/uploads\/2012\/11\/P1040686--300x225.jpg\" alt=\"\" width=\"148\" height=\"111\" \/> <\/a><a href=\"https:\/\/xn--judo-lbben-feb.de\/wp-content\/uploads\/2012\/11\/P1040687-.jpg\"> <\/a><a href=\"https:\/\/xn--judo-lbben-feb.de\/wp-content\/uploads\/2012\/11\/P1040688-.jpg\"><img loading=\"lazy\" decoding=\"async\" title=\"P1040688\" src=\"https:\/\/xn--judo-lbben-feb.de\/wp-content\/uploads\/2012\/11\/P1040688--300x225.jpg\" alt=\"\" width=\"148\" height=\"111\" \/> <\/a><a href=\"https:\/\/xn--judo-lbben-feb.de\/wp-content\/uploads\/2012\/11\/P1040691-.jpg\"><img loading=\"lazy\" decoding=\"async\" title=\"P1040691\" src=\"https:\/\/xn--judo-lbben-feb.de\/wp-content\/uploads\/2012\/11\/P1040691--300x225.jpg\" alt=\"\" width=\"148\" height=\"112\" \/><\/a><\/p>\n<p style=\"text-align: center;\"><a href=\"https:\/\/xn--judo-lbben-feb.de\/wp-content\/uploads\/2012\/11\/P1040692-.jpg\"><img loading=\"lazy\" decoding=\"async\" title=\"P1040692\" src=\"https:\/\/xn--judo-lbben-feb.de\/wp-content\/uploads\/2012\/11\/P1040692--300x225.jpg\" alt=\"\" width=\"151\" height=\"112\" \/> <\/a><a href=\"https:\/\/xn--judo-lbben-feb.de\/wp-content\/uploads\/2012\/11\/P1040695-.jpg\"><img loading=\"lazy\" decoding=\"async\" title=\"P1040695\" src=\"https:\/\/xn--judo-lbben-feb.de\/wp-content\/uploads\/2012\/11\/P1040695--300x225.jpg\" alt=\"\" width=\"148\" height=\"111\" \/> <\/a><a href=\"https:\/\/xn--judo-lbben-feb.de\/wp-content\/uploads\/2012\/11\/P1040697-.jpg\"><img loading=\"lazy\" decoding=\"async\" title=\"P1040697\" src=\"https:\/\/xn--judo-lbben-feb.de\/wp-content\/uploads\/2012\/11\/P1040697--300x225.jpg\" alt=\"\" width=\"144\" height=\"109\" \/><\/a><\/p>\n<p style=\"text-align: center;\"><a href=\"https:\/\/xn--judo-lbben-feb.de\/wp-content\/uploads\/2012\/11\/P1040702-.jpg\"><img loading=\"lazy\" decoding=\"async\" title=\"P1040702\" src=\"https:\/\/xn--judo-lbben-feb.de\/wp-content\/uploads\/2012\/11\/P1040702--300x225.jpg\" alt=\"\" width=\"235\" height=\"176\" \/><\/a><\/p>\n","protected":false},"excerpt":{"rendered":"<p>Samstag morgens um 08:00Uhr, was sonst wir fuhren zum Wettkampf. Diesmal nach Cottbus zum BTU Cup.\u00a0 Unser bew\u00e4hrtes Wettkampfteam lie\u00df sich von der langen Wartezeit vom Wiegen bis zu den ersten K\u00e4mpfen um 10:00 Uhr nicht verunsichern. Lucian geh\u00f6rte leider zu den letzten K\u00e4mpfern des Tages und musste von allen am l\u00e4ngsten auf seine K\u00e4mpfe [&hellip;]<\/p>\n","protected":false},"author":1,"featured_media":4395,"comment_status":"closed","ping_status":"open","sticky":false,"template":"","format":"standard","meta":{"_et_pb_use_builder":"","_et_pb_old_content":"","_et_gb_content_width":"","footnotes":""},"categories":[2],"tags":[],"class_list":["post-730","post","type-post","status-publish","format-standard","has-post-thumbnail","hentry","category-news"],"_links":{"self":[{"href":"https:\/\/xn--judo-lbben-feb.de\/index.php?rest_route=\/wp\/v2\/posts\/730","targetHints":{"allow":["GET"]}}],"collection":[{"href":"https:\/\/xn--judo-lbben-feb.de\/index.php?rest_route=\/wp\/v2\/posts"}],"about":[{"href":"https:\/\/xn--judo-lbben-feb.de\/index.php?rest_route=\/wp\/v2\/types\/post"}],"author":[{"embeddable":true,"href":"https:\/\/xn--judo-lbben-feb.de\/index.php?rest_route=\/wp\/v2\/users\/1"}],"replies":[{"embeddable":true,"href":"https:\/\/xn--judo-lbben-feb.de\/index.php?rest_route=%2Fwp%2Fv2%2Fcomments&post=730"}],"version-history":[{"count":0,"href":"https:\/\/xn--judo-lbben-feb.de\/index.php?rest_route=\/wp\/v2\/posts\/730\/revisions"}],"wp:featuredmedia":[{"embeddable":true,"href":"https:\/\/xn--judo-lbben-feb.de\/index.php?rest_route=\/"}],"wp:attachment":[{"href":"https:\/\/xn--judo-lbben-feb.de\/index.php?rest_route=%2Fwp%2Fv2%2Fmedia&parent=730"}],"wp:term":[{"taxonomy":"category","embeddable":true,"href":"https:\/\/xn--judo-lbben-feb.de\/index.php?rest_route=%2Fwp%2Fv2%2Fcategories&post=730"},{"taxonomy":"post_tag","embeddable":true,"href":"https:\/\/xn--judo-lbben-feb.de\/index.php?rest_route=%2Fwp%2Fv2%2Ftags&post=730"}],"curies":[{"name":"wp","href":"https:\/\/api.w.org\/{rel}","templated":true}]}}