{"id":683,"date":"2012-06-16T00:01:28","date_gmt":"2012-06-16T00:01:28","guid":{"rendered":"http:\/\/xn--judo-lbben-feb.de\/?p=683"},"modified":"2012-06-16T00:01:28","modified_gmt":"2012-06-16T00:01:28","slug":"landesjugendspiele-brandenburg","status":"publish","type":"post","link":"https:\/\/xn--judo-lbben-feb.de\/?p=683","title":{"rendered":"Landesjugendspiele Brandenburg"},"content":{"rendered":"<p>Am 16. Juni 2012 war es dann soweit, nach 2 Wochen hartem Training fuhren wir zu den Landesjugendspielen der U12 nach Brandenburg.<\/p>\n<p style=\"text-align: center;\"><a href=\"https:\/\/xn--judo-lbben-feb.de\/wp-content\/uploads\/2012\/06\/P1040026-.jpg\"><img loading=\"lazy\" decoding=\"async\" class=\"alignnone size-medium wp-image-719\" title=\"P1040026\" src=\"https:\/\/xn--judo-lbben-feb.de\/wp-content\/uploads\/2012\/06\/P1040026--300x225.jpg\" alt=\"\" width=\"300\" height=\"225\" \/><\/a><\/p>\n<p>Unsere Teilnehmer gingen mit viel Siegeswille in ihre K\u00e4mpfe und so erreichten drei unserer K\u00e4mpfer nach \u00fcberzeugenden Siegen das Finale.\u00a0 Sarah,\u00a0 die als erste im Finale antrat, konnte ihre Kontrahentin mit einer Haltetechnik besiegen und gewann Gold. Miriam war als zweite dran.\u00a0 Sie hatte im Finale eine starke Gegnerin und verlor nach hartem Kampf knapp.<\/p>\n<p style=\"text-align: center;\"><a href=\"https:\/\/xn--judo-lbben-feb.de\/wp-content\/uploads\/2012\/06\/P1040005-.jpg\"><img loading=\"lazy\" decoding=\"async\" title=\"P1040005\" src=\"https:\/\/xn--judo-lbben-feb.de\/wp-content\/uploads\/2012\/06\/P1040005--300x225.jpg\" alt=\"\" width=\"163\" height=\"125\" \/><\/a> <a href=\"https:\/\/xn--judo-lbben-feb.de\/wp-content\/uploads\/2012\/06\/P1040013-.jpg\"><img loading=\"lazy\" decoding=\"async\" title=\"P1040013\" src=\"https:\/\/xn--judo-lbben-feb.de\/wp-content\/uploads\/2012\/06\/P1040013--300x225.jpg\" alt=\"\" width=\"167\" height=\"125\" \/><\/a> <a href=\"https:\/\/xn--judo-lbben-feb.de\/wp-content\/uploads\/2012\/06\/P1040019-.jpg\"><img loading=\"lazy\" decoding=\"async\" title=\"P1040019\" src=\"https:\/\/xn--judo-lbben-feb.de\/wp-content\/uploads\/2012\/06\/P1040019--225x300.jpg\" alt=\"\" width=\"93\" height=\"125\" \/><\/a><\/p>\n<p>Ebenfalls Silber holte \u00fcberraschend Lucian Roscheck, der einzige L\u00fcbbener Junge.\u00a0 Angelina erk\u00e4mpfte sich nach gro\u00dfer Steigerung und mit drei gewonnen K\u00e4mpfen in der Trostrunde einen ausgezeichneten 5. Platz.\u00a0 Dieses Ergebnis mit 3 Medaillen \u00fcbertraf alle Erwartungen und ist das <strong>beste Resultat<\/strong> f\u00fcr unseren Verein <strong>seit vielen Jahren<\/strong>.<\/p>\n<p style=\"text-align: center;\"><strong>Landesmeisterin 2012 Sarah Rudnik!<\/strong><\/p>\n<p style=\"text-align: center;\"><a href=\"https:\/\/xn--judo-lbben-feb.de\/wp-content\/uploads\/2012\/06\/P1040004-.jpg\"><img loading=\"lazy\" decoding=\"async\" title=\"P1040004\" src=\"https:\/\/xn--judo-lbben-feb.de\/wp-content\/uploads\/2012\/06\/P1040004--225x300.jpg\" alt=\"\" width=\"139\" height=\"186\" \/><\/a> <a href=\"https:\/\/xn--judo-lbben-feb.de\/wp-content\/uploads\/2012\/06\/P1040008-.jpg\"><img loading=\"lazy\" decoding=\"async\" title=\"P1040008\" src=\"https:\/\/xn--judo-lbben-feb.de\/wp-content\/uploads\/2012\/06\/P1040008--300x225.jpg\" alt=\"\" width=\"249\" height=\"187\" \/><\/a><\/p>\n<p style=\"text-align: center;\"><a href=\"https:\/\/xn--judo-lbben-feb.de\/wp-content\/uploads\/2012\/06\/P1040009-.jpg\"><img loading=\"lazy\" decoding=\"async\" class=\"alignnone size-medium wp-image-698\" title=\"P1040009\" src=\"https:\/\/xn--judo-lbben-feb.de\/wp-content\/uploads\/2012\/06\/P1040009--225x300.jpg\" alt=\"\" width=\"225\" height=\"300\" \/><\/a> <a href=\"https:\/\/xn--judo-lbben-feb.de\/wp-content\/uploads\/2012\/06\/P1040011-.jpg\"><img loading=\"lazy\" decoding=\"async\" class=\"alignnone size-medium wp-image-699\" title=\"P1040011\" src=\"https:\/\/xn--judo-lbben-feb.de\/wp-content\/uploads\/2012\/06\/P1040011--225x300.jpg\" alt=\"\" width=\"225\" height=\"300\" \/><\/a><\/p>\n<p style=\"text-align: center;\"><strong>Vizelandesmeisterin 2012 Miriam Stoye!<\/strong><\/p>\n<p style=\"text-align: center;\"><a href=\"https:\/\/xn--judo-lbben-feb.de\/wp-content\/uploads\/2012\/06\/P1040007-.jpg\"><img loading=\"lazy\" decoding=\"async\" title=\"P1040007\" src=\"https:\/\/xn--judo-lbben-feb.de\/wp-content\/uploads\/2012\/06\/P1040007--225x300.jpg\" alt=\"\" width=\"94\" height=\"125\" \/><\/a> <a href=\"https:\/\/xn--judo-lbben-feb.de\/wp-content\/uploads\/2012\/06\/P1040015-.jpg\"><img loading=\"lazy\" decoding=\"async\" class=\"alignnone size-medium wp-image-705\" title=\"P1040015\" src=\"https:\/\/xn--judo-lbben-feb.de\/wp-content\/uploads\/2012\/06\/P1040015--300x225.jpg\" alt=\"\" width=\"165\" height=\"124\" \/><\/a> <a href=\"https:\/\/xn--judo-lbben-feb.de\/wp-content\/uploads\/2012\/06\/P1040016-.jpg\"><img loading=\"lazy\" decoding=\"async\" class=\"alignnone size-medium wp-image-706\" title=\"P1040016\" src=\"https:\/\/xn--judo-lbben-feb.de\/wp-content\/uploads\/2012\/06\/P1040016--300x225.jpg\" alt=\"\" width=\"165\" height=\"125\" \/><\/a> <a href=\"https:\/\/xn--judo-lbben-feb.de\/wp-content\/uploads\/2012\/06\/P1040017-.jpg\"><img loading=\"lazy\" decoding=\"async\" class=\"alignnone size-medium wp-image-707\" title=\"P1040017\" src=\"https:\/\/xn--judo-lbben-feb.de\/wp-content\/uploads\/2012\/06\/P1040017--225x300.jpg\" alt=\"\" width=\"94\" height=\"126\" \/><\/a><\/p>\n<p style=\"text-align: center;\"><a href=\"https:\/\/xn--judo-lbben-feb.de\/wp-content\/uploads\/2012\/06\/P1040020-.jpg\"><img loading=\"lazy\" decoding=\"async\" class=\"alignnone size-medium wp-image-708\" title=\"P1040020\" src=\"https:\/\/xn--judo-lbben-feb.de\/wp-content\/uploads\/2012\/06\/P1040020--225x300.jpg\" alt=\"\" width=\"225\" height=\"300\" \/><\/a> <a href=\"https:\/\/xn--judo-lbben-feb.de\/wp-content\/uploads\/2012\/06\/P1040022-.jpg\"><img loading=\"lazy\" decoding=\"async\" class=\"alignnone size-medium wp-image-709\" title=\"P1040022\" src=\"https:\/\/xn--judo-lbben-feb.de\/wp-content\/uploads\/2012\/06\/P1040022--225x300.jpg\" alt=\"\" width=\"225\" height=\"300\" \/><\/a><\/p>\n<p style=\"text-align: center;\"><strong>Vizelandesmeister 2012 Lucian Roscheck!<\/strong><\/p>\n<p style=\"text-align: center;\"><strong><a href=\"https:\/\/xn--judo-lbben-feb.de\/wp-content\/uploads\/2012\/06\/P1040014-.jpg\"><img loading=\"lazy\" decoding=\"async\" class=\"alignnone size-medium wp-image-711\" title=\"P1040014\" src=\"https:\/\/xn--judo-lbben-feb.de\/wp-content\/uploads\/2012\/06\/P1040014--300x225.jpg\" alt=\"\" width=\"283\" height=\"213\" \/> <\/a><a href=\"https:\/\/xn--judo-lbben-feb.de\/wp-content\/uploads\/2012\/06\/P1040024-.jpg\"><img loading=\"lazy\" decoding=\"async\" class=\"alignnone size-medium wp-image-712\" title=\"P1040024\" src=\"https:\/\/xn--judo-lbben-feb.de\/wp-content\/uploads\/2012\/06\/P1040024--300x225.jpg\" alt=\"\" width=\"285\" height=\"214\" \/><\/a><\/strong><\/p>\n<p style=\"text-align: center;\"><strong>5. Platz 2012 Angelina Wilke!<\/strong><\/p>\n<p style=\"text-align: center;\"><strong><a href=\"https:\/\/xn--judo-lbben-feb.de\/wp-content\/uploads\/2012\/06\/P1040019-1.jpg\"><img loading=\"lazy\" decoding=\"async\" class=\"alignnone size-medium wp-image-716\" title=\"P1040019\" src=\"https:\/\/xn--judo-lbben-feb.de\/wp-content\/uploads\/2012\/06\/P1040019-1-225x300.jpg\" alt=\"\" width=\"169\" height=\"226\" \/><\/a> <a href=\"https:\/\/xn--judo-lbben-feb.de\/wp-content\/uploads\/2012\/06\/P1040023-.jpg\"><img loading=\"lazy\" decoding=\"async\" class=\"alignnone size-medium wp-image-717\" title=\"P1040023\" src=\"https:\/\/xn--judo-lbben-feb.de\/wp-content\/uploads\/2012\/06\/P1040023--300x225.jpg\" alt=\"\" width=\"300\" height=\"225\" \/><\/a><br \/>\n<\/strong><\/p>\n","protected":false},"excerpt":{"rendered":"<p>Am 16. Juni 2012 war es dann soweit, nach 2 Wochen hartem Training fuhren wir zu den Landesjugendspielen der U12 nach Brandenburg. Unsere Teilnehmer gingen mit viel Siegeswille in ihre K\u00e4mpfe und so erreichten drei unserer K\u00e4mpfer nach \u00fcberzeugenden Siegen das Finale.\u00a0 Sarah,\u00a0 die als erste im Finale antrat, konnte ihre Kontrahentin mit einer Haltetechnik [&hellip;]<\/p>\n","protected":false},"author":1,"featured_media":4399,"comment_status":"closed","ping_status":"open","sticky":false,"template":"","format":"standard","meta":{"_et_pb_use_builder":"","_et_pb_old_content":"","_et_gb_content_width":"","footnotes":""},"categories":[2],"tags":[],"class_list":["post-683","post","type-post","status-publish","format-standard","has-post-thumbnail","hentry","category-news"],"_links":{"self":[{"href":"https:\/\/xn--judo-lbben-feb.de\/index.php?rest_route=\/wp\/v2\/posts\/683","targetHints":{"allow":["GET"]}}],"collection":[{"href":"https:\/\/xn--judo-lbben-feb.de\/index.php?rest_route=\/wp\/v2\/posts"}],"about":[{"href":"https:\/\/xn--judo-lbben-feb.de\/index.php?rest_route=\/wp\/v2\/types\/post"}],"author":[{"embeddable":true,"href":"https:\/\/xn--judo-lbben-feb.de\/index.php?rest_route=\/wp\/v2\/users\/1"}],"replies":[{"embeddable":true,"href":"https:\/\/xn--judo-lbben-feb.de\/index.php?rest_route=%2Fwp%2Fv2%2Fcomments&post=683"}],"version-history":[{"count":0,"href":"https:\/\/xn--judo-lbben-feb.de\/index.php?rest_route=\/wp\/v2\/posts\/683\/revisions"}],"wp:featuredmedia":[{"embeddable":true,"href":"https:\/\/xn--judo-lbben-feb.de\/index.php?rest_route=\/"}],"wp:attachment":[{"href":"https:\/\/xn--judo-lbben-feb.de\/index.php?rest_route=%2Fwp%2Fv2%2Fmedia&parent=683"}],"wp:term":[{"taxonomy":"category","embeddable":true,"href":"https:\/\/xn--judo-lbben-feb.de\/index.php?rest_route=%2Fwp%2Fv2%2Fcategories&post=683"},{"taxonomy":"post_tag","embeddable":true,"href":"https:\/\/xn--judo-lbben-feb.de\/index.php?rest_route=%2Fwp%2Fv2%2Ftags&post=683"}],"curies":[{"name":"wp","href":"https:\/\/api.w.org\/{rel}","templated":true}]}}