{"id":512,"date":"2012-06-06T08:00:13","date_gmt":"2012-06-06T08:00:13","guid":{"rendered":"http:\/\/xn--judo-lbben-feb.de\/?p=512"},"modified":"2012-06-06T08:00:13","modified_gmt":"2012-06-06T08:00:13","slug":"regionalmeisterschaft-senftenberg","status":"publish","type":"post","link":"https:\/\/xn--judo-lbben-feb.de\/?p=512","title":{"rendered":"S\u00fcd-Ost-Brandenburgische Meisterschaften in Senftenberg"},"content":{"rendered":"<p>Drei erste Pl\u00e4tze f\u00fcr Kuzushi L\u00fcbben bei Regionalmeisterschaft<\/p>\n<p>Mit einer kleinen Truppe starteten wir am Samstag, dem 2. Juni\u00a0 2012 bei den S\u00fcd-Ost-Brandenburgischen Meisterschaften der U10\/U12 in Senftenberg. 18 Vereine mit rund 130 K\u00e4mpfern nahmen teil. Sehr gut lief es f\u00fcr unsere Teilnehmer.<\/p>\n<p>Alle 4 L\u00fcbbener qualifizierten sich f\u00fcr die Landesmeisterschaften der U12 in Brandenburg. Vorraussetzung war daf\u00fcr ein Platz unter den ersten Drei.<\/p>\n<p>Besonders hervorzuheben sind die Leistungen von Miriam Stoye und Sarah Rudnik. Beide sicherten sich nach schnellen Siegen jeweils Platz 1. Ein weiteres Mal Gold holte sich Igor Bekker in der U10, wo erstmalig in diesem Jahr\u00a0 Meisterschaften ausgetragen wurden.<\/p>\n<p>Weitere dritte Pl\u00e4tze erreichten Angelina Wilke und Lucian Roscheck.<\/p>\n<p><a title=\"2012\" href=\"https:\/\/xn--judo-lbben-feb.de\/?page_id=426\">hier<\/a> der Bericht der Lausitzer Rundschau<\/p>\n","protected":false},"excerpt":{"rendered":"<p>Drei erste Pl\u00e4tze f\u00fcr Kuzushi L\u00fcbben bei Regionalmeisterschaft Mit einer kleinen Truppe starteten wir am Samstag, dem 2. Juni\u00a0 2012 bei den S\u00fcd-Ost-Brandenburgischen Meisterschaften der U10\/U12 in Senftenberg. 18 Vereine mit rund 130 K\u00e4mpfern nahmen teil. Sehr gut lief es f\u00fcr unsere Teilnehmer. Alle 4 L\u00fcbbener qualifizierten sich f\u00fcr die Landesmeisterschaften der U12 in Brandenburg. [&hellip;]<\/p>\n","protected":false},"author":1,"featured_media":4400,"comment_status":"closed","ping_status":"open","sticky":false,"template":"","format":"standard","meta":{"_et_pb_use_builder":"","_et_pb_old_content":"","_et_gb_content_width":"","footnotes":""},"categories":[2],"tags":[],"class_list":["post-512","post","type-post","status-publish","format-standard","has-post-thumbnail","hentry","category-news"],"_links":{"self":[{"href":"https:\/\/xn--judo-lbben-feb.de\/index.php?rest_route=\/wp\/v2\/posts\/512","targetHints":{"allow":["GET"]}}],"collection":[{"href":"https:\/\/xn--judo-lbben-feb.de\/index.php?rest_route=\/wp\/v2\/posts"}],"about":[{"href":"https:\/\/xn--judo-lbben-feb.de\/index.php?rest_route=\/wp\/v2\/types\/post"}],"author":[{"embeddable":true,"href":"https:\/\/xn--judo-lbben-feb.de\/index.php?rest_route=\/wp\/v2\/users\/1"}],"replies":[{"embeddable":true,"href":"https:\/\/xn--judo-lbben-feb.de\/index.php?rest_route=%2Fwp%2Fv2%2Fcomments&post=512"}],"version-history":[{"count":0,"href":"https:\/\/xn--judo-lbben-feb.de\/index.php?rest_route=\/wp\/v2\/posts\/512\/revisions"}],"wp:featuredmedia":[{"embeddable":true,"href":"https:\/\/xn--judo-lbben-feb.de\/index.php?rest_route=\/"}],"wp:attachment":[{"href":"https:\/\/xn--judo-lbben-feb.de\/index.php?rest_route=%2Fwp%2Fv2%2Fmedia&parent=512"}],"wp:term":[{"taxonomy":"category","embeddable":true,"href":"https:\/\/xn--judo-lbben-feb.de\/index.php?rest_route=%2Fwp%2Fv2%2Fcategories&post=512"},{"taxonomy":"post_tag","embeddable":true,"href":"https:\/\/xn--judo-lbben-feb.de\/index.php?rest_route=%2Fwp%2Fv2%2Ftags&post=512"}],"curies":[{"name":"wp","href":"https:\/\/api.w.org\/{rel}","templated":true}]}}