{"id":494,"date":"2011-05-28T10:09:06","date_gmt":"2011-05-28T10:09:06","guid":{"rendered":"http:\/\/xn--judo-lbben-feb.de\/?p=494"},"modified":"2011-05-28T10:09:06","modified_gmt":"2011-05-28T10:09:06","slug":"kreisunionseinzelmeisterschaften-der-u12u14-2","status":"publish","type":"post","link":"https:\/\/xn--judo-lbben-feb.de\/?p=494","title":{"rendered":"Kreisunionseinzelmeisterschaften der U12\/U14"},"content":{"rendered":"<p>Am 28. Mai 2011, starteten wir mit einer kleinen Truppe bei den Kreisunionsmeisterschaften der U12\/U14 in Senftenberg. Auch dieses Mal konnten unsere M\u00e4dchen, wie schon in den vergangenen Monaten,\u00a0mit\u00a0ausgezeichneten Resultaten \u00fcberzeugen.\u00a0Das Topergebnis erreichte mit vier gewonnen K\u00e4mpfen und Platz 1 Antonia Wagner. Ebenfalls konnte Isabell H\u00fchn sich mit ihrem 3. Platz f\u00fcr die Landesmeisterschaften qualifizieren. Knapp an der Qualifikation, mit ihren 5. Pl\u00e4tzen, scheiterten\u00a0Charlotte Britze, Lucian Roscheck und Paul Nitsch.<\/p>\n","protected":false},"excerpt":{"rendered":"<p>Am 28. Mai 2011, starteten wir mit einer kleinen Truppe bei den Kreisunionsmeisterschaften der U12\/U14 in Senftenberg. Auch dieses Mal konnten unsere M\u00e4dchen, wie schon in den vergangenen Monaten,\u00a0mit\u00a0ausgezeichneten Resultaten \u00fcberzeugen.\u00a0Das Topergebnis erreichte mit vier gewonnen K\u00e4mpfen und Platz 1 Antonia Wagner. Ebenfalls konnte Isabell H\u00fchn sich mit ihrem 3. Platz f\u00fcr die Landesmeisterschaften qualifizieren. [&hellip;]<\/p>\n","protected":false},"author":1,"featured_media":4383,"comment_status":"closed","ping_status":"open","sticky":false,"template":"","format":"standard","meta":{"_et_pb_use_builder":"","_et_pb_old_content":"","_et_gb_content_width":"","footnotes":""},"categories":[2],"tags":[],"class_list":["post-494","post","type-post","status-publish","format-standard","has-post-thumbnail","hentry","category-news"],"_links":{"self":[{"href":"https:\/\/xn--judo-lbben-feb.de\/index.php?rest_route=\/wp\/v2\/posts\/494","targetHints":{"allow":["GET"]}}],"collection":[{"href":"https:\/\/xn--judo-lbben-feb.de\/index.php?rest_route=\/wp\/v2\/posts"}],"about":[{"href":"https:\/\/xn--judo-lbben-feb.de\/index.php?rest_route=\/wp\/v2\/types\/post"}],"author":[{"embeddable":true,"href":"https:\/\/xn--judo-lbben-feb.de\/index.php?rest_route=\/wp\/v2\/users\/1"}],"replies":[{"embeddable":true,"href":"https:\/\/xn--judo-lbben-feb.de\/index.php?rest_route=%2Fwp%2Fv2%2Fcomments&post=494"}],"version-history":[{"count":0,"href":"https:\/\/xn--judo-lbben-feb.de\/index.php?rest_route=\/wp\/v2\/posts\/494\/revisions"}],"wp:featuredmedia":[{"embeddable":true,"href":"https:\/\/xn--judo-lbben-feb.de\/index.php?rest_route=\/"}],"wp:attachment":[{"href":"https:\/\/xn--judo-lbben-feb.de\/index.php?rest_route=%2Fwp%2Fv2%2Fmedia&parent=494"}],"wp:term":[{"taxonomy":"category","embeddable":true,"href":"https:\/\/xn--judo-lbben-feb.de\/index.php?rest_route=%2Fwp%2Fv2%2Fcategories&post=494"},{"taxonomy":"post_tag","embeddable":true,"href":"https:\/\/xn--judo-lbben-feb.de\/index.php?rest_route=%2Fwp%2Fv2%2Ftags&post=494"}],"curies":[{"name":"wp","href":"https:\/\/api.w.org\/{rel}","templated":true}]}}