{"id":367,"date":"2012-08-11T11:03:10","date_gmt":"2012-08-11T11:03:10","guid":{"rendered":"http:\/\/xn--judo-lbben-feb.de\/?p=367"},"modified":"2012-08-11T11:03:10","modified_gmt":"2012-08-11T11:03:10","slug":"anfangerturnier-in-vetschau","status":"publish","type":"post","link":"https:\/\/xn--judo-lbben-feb.de\/?p=367","title":{"rendered":"Anf\u00e4ngerturnier in Vetschau"},"content":{"rendered":"<p><strong>1. Pl\u00e4tze<\/strong><\/p>\n<p>Josefine H\u00fchn, Igor Bekker<\/p>\n<p><strong>2.Pl\u00e4tze<\/strong><\/p>\n<p>Valeria Bekker, Melissa Stoye, Elisa Rudnik, Maximilian Knorr, Matthew Wilke, Maximilian Huhn, Max Lachmann<\/p>\n<p><strong>3. Platz<\/strong><\/p>\n<p>Felix Kahl<\/p>\n","protected":false},"excerpt":{"rendered":"<p>1. Pl\u00e4tze Josefine H\u00fchn, Igor Bekker 2.Pl\u00e4tze Valeria Bekker, Melissa Stoye, Elisa Rudnik, Maximilian Knorr, Matthew Wilke, Maximilian Huhn, Max Lachmann 3. Platz Felix Kahl<\/p>\n","protected":false},"author":1,"featured_media":4383,"comment_status":"closed","ping_status":"open","sticky":false,"template":"","format":"standard","meta":{"_et_pb_use_builder":"","_et_pb_old_content":"","_et_gb_content_width":"","footnotes":""},"categories":[2],"tags":[],"class_list":["post-367","post","type-post","status-publish","format-standard","has-post-thumbnail","hentry","category-news"],"_links":{"self":[{"href":"https:\/\/xn--judo-lbben-feb.de\/index.php?rest_route=\/wp\/v2\/posts\/367","targetHints":{"allow":["GET"]}}],"collection":[{"href":"https:\/\/xn--judo-lbben-feb.de\/index.php?rest_route=\/wp\/v2\/posts"}],"about":[{"href":"https:\/\/xn--judo-lbben-feb.de\/index.php?rest_route=\/wp\/v2\/types\/post"}],"author":[{"embeddable":true,"href":"https:\/\/xn--judo-lbben-feb.de\/index.php?rest_route=\/wp\/v2\/users\/1"}],"replies":[{"embeddable":true,"href":"https:\/\/xn--judo-lbben-feb.de\/index.php?rest_route=%2Fwp%2Fv2%2Fcomments&post=367"}],"version-history":[{"count":0,"href":"https:\/\/xn--judo-lbben-feb.de\/index.php?rest_route=\/wp\/v2\/posts\/367\/revisions"}],"wp:featuredmedia":[{"embeddable":true,"href":"https:\/\/xn--judo-lbben-feb.de\/index.php?rest_route=\/"}],"wp:attachment":[{"href":"https:\/\/xn--judo-lbben-feb.de\/index.php?rest_route=%2Fwp%2Fv2%2Fmedia&parent=367"}],"wp:term":[{"taxonomy":"category","embeddable":true,"href":"https:\/\/xn--judo-lbben-feb.de\/index.php?rest_route=%2Fwp%2Fv2%2Fcategories&post=367"},{"taxonomy":"post_tag","embeddable":true,"href":"https:\/\/xn--judo-lbben-feb.de\/index.php?rest_route=%2Fwp%2Fv2%2Ftags&post=367"}],"curies":[{"name":"wp","href":"https:\/\/api.w.org\/{rel}","templated":true}]}}