{"id":3395,"date":"2014-04-03T08:18:30","date_gmt":"2014-04-03T07:18:30","guid":{"rendered":"http:\/\/xn--judo-lbben-feb.de\/?p=3395"},"modified":"2014-04-03T08:18:30","modified_gmt":"2014-04-03T07:18:30","slug":"hohe-ehrungen-bei-der-sportlerwahl-in-unserem-landkreis","status":"publish","type":"post","link":"https:\/\/xn--judo-lbben-feb.de\/?p=3395","title":{"rendered":"Hohe Ehrungen bei der Sportlerwahl in unserem Landkreis"},"content":{"rendered":"<p style=\"text-align: center;\">Heute Abend nahmen Miriam und unser Vereinsvorsitzender zgl. Trainer J\u00f6rg Rudnik im Beisein des amtierenden B\u00fcrgermeisters von L\u00fcbben, Herrn Frank Neumannan, an der Sportlerwahl 2013 in unserem Landkreis Dahme Spreewald teil.<\/p>\n<p style=\"text-align: right;\"><a href=\"http:\/\/www.lr-online.de\/regionen\/luebben\/Vier-Luebbener-Sportler-fuer-ihre-Leistungen-geehrt;art1058,4552751\">Artikel in der lr-online<\/a><\/p>\n<p style=\"text-align: center;\"><a href=\"https:\/\/xn--judo-lbben-feb.de\/wp-content\/uploads\/2014\/04\/DSC03635-.jpg\"><img loading=\"lazy\" decoding=\"async\" class=\"alignnone size-large wp-image-3427\" alt=\"DSC03635\" src=\"https:\/\/xn--judo-lbben-feb.de\/wp-content\/uploads\/2014\/04\/DSC03635--1024x225.jpg\" width=\"598\" height=\"131\" \/><\/a><\/p>\n<p style=\"text-align: center;\">Schon allein die Nominierung durch den Kreissportbund war eine Anerkennung f\u00fcr die gezeigten Leistungen im letzten Jahr.<\/p>\n<pre style=\"text-align: center;\"><a href=\"https:\/\/xn--judo-lbben-feb.de\/wp-content\/uploads\/2014\/04\/DSC03665-.jpg\"><img loading=\"lazy\" decoding=\"async\" class=\"alignnone size-medium wp-image-3396\" alt=\"DSC03665\" src=\"https:\/\/xn--judo-lbben-feb.de\/wp-content\/uploads\/2014\/04\/DSC03665--300x225.jpg\" width=\"300\" height=\"225\" \/><\/a>\n(J\u00f6rg Rudnik, Mario Selbitz, Dr. Georg Schaper, Frank Neumann, Miriam Stoye v.l.)<\/pre>\n<p style=\"text-align: center;\">Gegen 15:30 Uhr ging die\u00a0 gemeinsame Fahrt nach Blossin los, besonders Miriam war die Aufregung anzumerken.<\/p>\n<p style=\"text-align: center;\">P\u00fcnktlich um 17:00 Uhr wurde die Veranstaltung durch den Vorsitzenden des KSB er\u00f6ffnet, f\u00fcr die musikalische Unterhaltung sorgte die Sportband Stressfrei.<\/p>\n<p style=\"text-align: center;\"><a href=\"https:\/\/xn--judo-lbben-feb.de\/wp-content\/uploads\/2014\/04\/DSC03636-.jpg\"><img loading=\"lazy\" decoding=\"async\" class=\"alignnone size-medium wp-image-3401\" alt=\"DSC03636\" src=\"https:\/\/xn--judo-lbben-feb.de\/wp-content\/uploads\/2014\/04\/DSC03636--300x225.jpg\" width=\"300\" height=\"225\" \/><\/a><\/p>\n<p style=\"text-align: center;\">Kurz vor den ersten Ehrungen stellte Landrat Stephan Loge in seiner Laudatio die tollen sportlichen Ergebnisse der Nominierten heraus.<\/p>\n<p style=\"text-align: center;\"><a href=\"https:\/\/xn--judo-lbben-feb.de\/wp-content\/uploads\/2014\/04\/DSC03612-.jpg\"><img loading=\"lazy\" decoding=\"async\" class=\"alignnone size-medium wp-image-3403\" alt=\"DSC03612\" src=\"https:\/\/xn--judo-lbben-feb.de\/wp-content\/uploads\/2014\/04\/DSC03612--300x225.jpg\" width=\"300\" height=\"225\" \/><\/a><\/p>\n<p style=\"text-align: center;\">Jetz ging es aber mit den Auszeichnungen los, zuerst waren die Funktion\u00e4re dran. Nach Ausz\u00e4hlung der abgegebenen Stimme wurde unser J\u00f6rg Rudnik auf den 2. Platz gew\u00e4hlt, <strong>HERZLICHEN GL\u00dcCKWUNSCH!<\/strong><\/p>\n<p style=\"text-align: center;\">\u00a0 <a href=\"https:\/\/xn--judo-lbben-feb.de\/wp-content\/uploads\/2014\/04\/DSC03615-.jpg\"><img loading=\"lazy\" decoding=\"async\" class=\"alignnone size-thumbnail wp-image-3406\" alt=\"DSC03615\" src=\"https:\/\/xn--judo-lbben-feb.de\/wp-content\/uploads\/2014\/04\/DSC03615--150x150.jpg\" width=\"150\" height=\"150\" \/><\/a> \u00a0<a href=\"https:\/\/xn--judo-lbben-feb.de\/wp-content\/uploads\/2014\/04\/DSC03617-.jpg\"><img loading=\"lazy\" decoding=\"async\" class=\"alignnone size-thumbnail wp-image-3407\" alt=\"DSC03617\" src=\"https:\/\/xn--judo-lbben-feb.de\/wp-content\/uploads\/2014\/04\/DSC03617--150x150.jpg\" width=\"150\" height=\"150\" \/><\/a>\u00a0 <a href=\"https:\/\/xn--judo-lbben-feb.de\/wp-content\/uploads\/2014\/04\/DSC03620-.jpg\"><img loading=\"lazy\" decoding=\"async\" class=\"alignnone size-thumbnail wp-image-3409\" alt=\"DSC03620\" src=\"https:\/\/xn--judo-lbben-feb.de\/wp-content\/uploads\/2014\/04\/DSC03620--150x150.jpg\" width=\"150\" height=\"150\" \/><\/a><\/p>\n<p style=\"text-align: center;\"><a href=\"https:\/\/xn--judo-lbben-feb.de\/wp-content\/uploads\/2014\/04\/DSC03623-.jpg\"><img loading=\"lazy\" decoding=\"async\" class=\"alignnone size-medium wp-image-3405\" alt=\"DSC03623\" src=\"https:\/\/xn--judo-lbben-feb.de\/wp-content\/uploads\/2014\/04\/DSC03623--300x225.jpg\" width=\"300\" height=\"225\" \/><\/a><\/p>\n<p style=\"text-align: center;\">Auf die Wahl zur der Sportlerin des Jahres musste Miriam noch eine weitere Stunde warten, <em>eine nicht enden wollende Stunde<\/em>!<\/p>\n<p style=\"text-align: center;\">Gegen 18:35 Uhr waren die Sportlerinnen dran, Miriam wurde wie ihr Trainer auf den 2. Platz gew\u00e4hlt, auch an dich,<\/p>\n<p style=\"text-align: center;\"><strong>HERZLICHEN GL\u00dcCKWUNSCH!<\/strong><\/p>\n<p style=\"text-align: center;\"><a href=\"https:\/\/xn--judo-lbben-feb.de\/wp-content\/uploads\/2014\/04\/DSC03640-.jpg\"><img loading=\"lazy\" decoding=\"async\" class=\"alignnone size-thumbnail wp-image-3419\" alt=\"DSC03640\" src=\"https:\/\/xn--judo-lbben-feb.de\/wp-content\/uploads\/2014\/04\/DSC03640--150x150.jpg\" width=\"150\" height=\"150\" \/><\/a>\u00a0 <a href=\"https:\/\/xn--judo-lbben-feb.de\/wp-content\/uploads\/2014\/04\/DSC03643-.jpg\"><img loading=\"lazy\" decoding=\"async\" class=\"alignnone size-thumbnail wp-image-3420\" alt=\"DSC03643\" src=\"https:\/\/xn--judo-lbben-feb.de\/wp-content\/uploads\/2014\/04\/DSC03643--150x150.jpg\" width=\"150\" height=\"150\" \/><\/a>\u00a0 <a href=\"https:\/\/xn--judo-lbben-feb.de\/wp-content\/uploads\/2014\/04\/DSC03649-.jpg\"><img loading=\"lazy\" decoding=\"async\" class=\"alignnone size-thumbnail wp-image-3421\" alt=\"DSC03649\" src=\"https:\/\/xn--judo-lbben-feb.de\/wp-content\/uploads\/2014\/04\/DSC03649--150x150.jpg\" width=\"150\" height=\"150\" \/><\/a><\/p>\n<p style=\"text-align: center;\"><a href=\"https:\/\/xn--judo-lbben-feb.de\/wp-content\/uploads\/2014\/04\/DSC03652-.jpg\"><img loading=\"lazy\" decoding=\"async\" class=\"alignnone size-thumbnail wp-image-3422\" alt=\"DSC03652\" src=\"https:\/\/xn--judo-lbben-feb.de\/wp-content\/uploads\/2014\/04\/DSC03652--150x150.jpg\" width=\"150\" height=\"150\" \/><\/a>\u00a0 <a href=\"https:\/\/xn--judo-lbben-feb.de\/wp-content\/uploads\/2014\/04\/DSC03653-.jpg\"><img loading=\"lazy\" decoding=\"async\" class=\"alignnone size-thumbnail wp-image-3423\" alt=\"DSC03653\" src=\"https:\/\/xn--judo-lbben-feb.de\/wp-content\/uploads\/2014\/04\/DSC03653--150x150.jpg\" width=\"150\" height=\"150\" \/><\/a>\u00a0 <a href=\"https:\/\/xn--judo-lbben-feb.de\/wp-content\/uploads\/2014\/04\/DSC03654-.jpg\"><img loading=\"lazy\" decoding=\"async\" class=\"alignnone size-thumbnail wp-image-3424\" alt=\"DSC03654\" src=\"https:\/\/xn--judo-lbben-feb.de\/wp-content\/uploads\/2014\/04\/DSC03654--150x150.jpg\" width=\"150\" height=\"150\" \/><\/a><\/p>\n<p style=\"text-align: center;\">\u00a0\u00a0\u00a0\u00a0\u00a0 <a href=\"https:\/\/xn--judo-lbben-feb.de\/wp-content\/uploads\/2014\/04\/DSC03655-.jpg\"><img loading=\"lazy\" decoding=\"async\" class=\"alignnone size-medium wp-image-3425\" alt=\"DSC03655\" src=\"https:\/\/xn--judo-lbben-feb.de\/wp-content\/uploads\/2014\/04\/DSC03655--300x225.jpg\" width=\"300\" height=\"225\" \/><\/a><\/p>\n<p style=\"text-align: center;\">Im Anschluss an die Auszeichnungen wurde der Abend mit einem leckeren Buffet abgerundet.<\/p>\n<p style=\"text-align: center;\"><a href=\"https:\/\/xn--judo-lbben-feb.de\/wp-content\/uploads\/2014\/04\/DSC03658-.jpg\"><img loading=\"lazy\" decoding=\"async\" class=\"alignnone size-medium wp-image-3437\" alt=\"DSC03658\" src=\"https:\/\/xn--judo-lbben-feb.de\/wp-content\/uploads\/2014\/04\/DSC03658--300x225.jpg\" width=\"300\" height=\"225\" \/><\/a><\/p>\n","protected":false},"excerpt":{"rendered":"<p>Heute Abend nahmen Miriam und unser Vereinsvorsitzender zgl. Trainer J\u00f6rg Rudnik im Beisein des amtierenden B\u00fcrgermeisters von L\u00fcbben, Herrn Frank Neumannan, an der Sportlerwahl 2013 in unserem Landkreis Dahme Spreewald teil. Artikel in der lr-online Schon allein die Nominierung durch den Kreissportbund war eine Anerkennung f\u00fcr die gezeigten Leistungen im letzten Jahr. (J\u00f6rg Rudnik, Mario [&hellip;]<\/p>\n","protected":false},"author":1,"featured_media":4319,"comment_status":"closed","ping_status":"open","sticky":false,"template":"","format":"standard","meta":{"_et_pb_use_builder":"","_et_pb_old_content":"","_et_gb_content_width":"","footnotes":""},"categories":[2],"tags":[],"class_list":["post-3395","post","type-post","status-publish","format-standard","has-post-thumbnail","hentry","category-news"],"_links":{"self":[{"href":"https:\/\/xn--judo-lbben-feb.de\/index.php?rest_route=\/wp\/v2\/posts\/3395","targetHints":{"allow":["GET"]}}],"collection":[{"href":"https:\/\/xn--judo-lbben-feb.de\/index.php?rest_route=\/wp\/v2\/posts"}],"about":[{"href":"https:\/\/xn--judo-lbben-feb.de\/index.php?rest_route=\/wp\/v2\/types\/post"}],"author":[{"embeddable":true,"href":"https:\/\/xn--judo-lbben-feb.de\/index.php?rest_route=\/wp\/v2\/users\/1"}],"replies":[{"embeddable":true,"href":"https:\/\/xn--judo-lbben-feb.de\/index.php?rest_route=%2Fwp%2Fv2%2Fcomments&post=3395"}],"version-history":[{"count":0,"href":"https:\/\/xn--judo-lbben-feb.de\/index.php?rest_route=\/wp\/v2\/posts\/3395\/revisions"}],"wp:featuredmedia":[{"embeddable":true,"href":"https:\/\/xn--judo-lbben-feb.de\/index.php?rest_route=\/"}],"wp:attachment":[{"href":"https:\/\/xn--judo-lbben-feb.de\/index.php?rest_route=%2Fwp%2Fv2%2Fmedia&parent=3395"}],"wp:term":[{"taxonomy":"category","embeddable":true,"href":"https:\/\/xn--judo-lbben-feb.de\/index.php?rest_route=%2Fwp%2Fv2%2Fcategories&post=3395"},{"taxonomy":"post_tag","embeddable":true,"href":"https:\/\/xn--judo-lbben-feb.de\/index.php?rest_route=%2Fwp%2Fv2%2Ftags&post=3395"}],"curies":[{"name":"wp","href":"https:\/\/api.w.org\/{rel}","templated":true}]}}