{"id":3347,"date":"2014-03-12T16:53:50","date_gmt":"2014-03-12T15:53:50","guid":{"rendered":"http:\/\/xn--judo-lbben-feb.de\/?p=3347"},"modified":"2014-03-12T16:53:50","modified_gmt":"2014-03-12T15:53:50","slug":"spreewaldpokal-am-wochenende-in-den-medien","status":"publish","type":"post","link":"https:\/\/xn--judo-lbben-feb.de\/?p=3347","title":{"rendered":"Spreewaldpokal am Wochenende in den Medien"},"content":{"rendered":"<p style=\"text-align: center;\">Die Spannung steigt, am kommenden Wochenende findet in L\u00fcbben der Spreewaldpokal 2014 statt. Bereits heute ist zu diesem Turnier ein gro\u00dfer Artikel im Wochenkurier erschienen, den ihr <a href=\"http:\/\/www.wochenkurier.info\/suedbrandenburg\/staedte-gemeinden\/spreewald\/luebben\/nachrichtendetails\/obj\/2014\/03\/10\/judoverein-kuzushi-laedt-nach-luebben-zum-spreewaldpokal-ein\/\">hier<\/a> nachlesen k\u00f6nnt.<\/p>\n","protected":false},"excerpt":{"rendered":"<p>Die Spannung steigt, am kommenden Wochenende findet in L\u00fcbben der Spreewaldpokal 2014 statt. Bereits heute ist zu diesem Turnier ein gro\u00dfer Artikel im Wochenkurier erschienen, den ihr hier nachlesen k\u00f6nnt.<\/p>\n","protected":false},"author":1,"featured_media":4322,"comment_status":"closed","ping_status":"open","sticky":false,"template":"","format":"standard","meta":{"_et_pb_use_builder":"","_et_pb_old_content":"","_et_gb_content_width":"","footnotes":""},"categories":[2],"tags":[],"class_list":["post-3347","post","type-post","status-publish","format-standard","has-post-thumbnail","hentry","category-news"],"_links":{"self":[{"href":"https:\/\/xn--judo-lbben-feb.de\/index.php?rest_route=\/wp\/v2\/posts\/3347","targetHints":{"allow":["GET"]}}],"collection":[{"href":"https:\/\/xn--judo-lbben-feb.de\/index.php?rest_route=\/wp\/v2\/posts"}],"about":[{"href":"https:\/\/xn--judo-lbben-feb.de\/index.php?rest_route=\/wp\/v2\/types\/post"}],"author":[{"embeddable":true,"href":"https:\/\/xn--judo-lbben-feb.de\/index.php?rest_route=\/wp\/v2\/users\/1"}],"replies":[{"embeddable":true,"href":"https:\/\/xn--judo-lbben-feb.de\/index.php?rest_route=%2Fwp%2Fv2%2Fcomments&post=3347"}],"version-history":[{"count":0,"href":"https:\/\/xn--judo-lbben-feb.de\/index.php?rest_route=\/wp\/v2\/posts\/3347\/revisions"}],"wp:featuredmedia":[{"embeddable":true,"href":"https:\/\/xn--judo-lbben-feb.de\/index.php?rest_route=\/"}],"wp:attachment":[{"href":"https:\/\/xn--judo-lbben-feb.de\/index.php?rest_route=%2Fwp%2Fv2%2Fmedia&parent=3347"}],"wp:term":[{"taxonomy":"category","embeddable":true,"href":"https:\/\/xn--judo-lbben-feb.de\/index.php?rest_route=%2Fwp%2Fv2%2Fcategories&post=3347"},{"taxonomy":"post_tag","embeddable":true,"href":"https:\/\/xn--judo-lbben-feb.de\/index.php?rest_route=%2Fwp%2Fv2%2Ftags&post=3347"}],"curies":[{"name":"wp","href":"https:\/\/api.w.org\/{rel}","templated":true}]}}