{"id":3205,"date":"2014-02-16T22:13:19","date_gmt":"2014-02-16T21:13:19","guid":{"rendered":"http:\/\/xn--judo-lbben-feb.de\/?p=3205"},"modified":"2014-02-16T22:13:19","modified_gmt":"2014-02-16T21:13:19","slug":"wettkampfauftakt-fuer-unsere-u11-u13","status":"publish","type":"post","link":"https:\/\/xn--judo-lbben-feb.de\/?p=3205","title":{"rendered":"Wettkampfauftakt f\u00fcr unsere  U11 &#038; U13"},"content":{"rendered":"<p>Stadtwerkepokal Frankfurt\/Oder\u00a0 16.02.2014<\/p>\n<p style=\"text-align: justify;\">241 Teilnehmer, 28 Vereine aus Sachsen, Sachsen -Anhalt, Brandenburg, Berlin, Mecklenburg Vorpommern und Polen k\u00e4mpften in den Altersklassen U11 und U13 um die begehrten Medaillen und Mannschaftspokale. Von den 9 angereisten L\u00fcbbener setzte sich Sarah am besten in Szene. Mit 4 Siegen sicherte sie sich Gold in der Gewichtsklasse bis 30kg (U13). \u00c4hnlich erfolgreich k\u00e4mpften Igor und Max, die in der Gewichtsklasse bis 40kg(U11) antraten. Beide verloren nur gegen den Sieger ihrer Gruppe und gewannen Silber beziehungsweise Bronze. Eine weitere Bronzemedaille sicherte sich Miriam in der Klasse bis 36kg(U13), die im ersten Kampf zu passiv k\u00e4mpfend knapp verlor, dann aber sich im Verlauf des Turniers steigern konnte. Ebenfalls Platz 3 errangen Jasmin in der niedrigsten Gewichtsklasse der U13 und Matthew Wilke eine Klasse tiefer wie Igor und Max.\u00a0 Einen 5. Platz, nach einem Sieg und zwei knappen Niederlagen belegte Elisa. Besonders schwer hatten es Maximilian und Theo. Ihre Gruppen waren mit knapp 20 Teilnehmern sehr stark besetzt. Theo schied trotz starker K\u00e4mpfe gegen erfahrene Gegner vorzeitig aus. Maximilian hatte gro\u00dfes Pech. Nach der Auftaktniederlage verga\u00df man ihn in die Trostrunde zu setzen und so war sein Wettkampftag damit beendet. Kopf hoch!<\/p>\n<p>&nbsp;<\/p>\n<p>&nbsp;<\/p>\n<p><a href=\"https:\/\/xn--judo-lbben-feb.de\/wp-content\/uploads\/2014\/02\/P1010354-.jpg\">\u00a0 \u00a0 \u00a0 \u00a0\u00a0 \u00a0\u00a0 \u00a0 <img loading=\"lazy\" decoding=\"async\" class=\"alignnone size-thumbnail wp-image-3207\" src=\"https:\/\/xn--judo-lbben-feb.de\/wp-content\/uploads\/2014\/02\/P1010354--150x150.jpg\" alt=\"P1010354\" width=\"150\" height=\"150\" \/><\/a> \u00a0\u00a0 \u00a0 <a href=\"https:\/\/xn--judo-lbben-feb.de\/wp-content\/uploads\/2014\/02\/P1010356-.jpg\"><img loading=\"lazy\" decoding=\"async\" class=\"alignnone size-thumbnail wp-image-3208\" src=\"https:\/\/xn--judo-lbben-feb.de\/wp-content\/uploads\/2014\/02\/P1010356--150x150.jpg\" alt=\"P1010356\" width=\"150\" height=\"150\" \/><\/a> \u00a0\u00a0 \u00a0 <a href=\"https:\/\/xn--judo-lbben-feb.de\/wp-content\/uploads\/2014\/02\/P1010363-.jpg\"><img loading=\"lazy\" decoding=\"async\" class=\"alignnone size-thumbnail wp-image-3212\" src=\"https:\/\/xn--judo-lbben-feb.de\/wp-content\/uploads\/2014\/02\/P1010363--150x150.jpg\" alt=\"P1010363\" width=\"150\" height=\"150\" \/><\/a><\/p>\n<p><a href=\"https:\/\/xn--judo-lbben-feb.de\/wp-content\/uploads\/2014\/02\/P1010377-.jpg\">\u00a0 \u00a0 \u00a0 \u00a0 \u00a0\u00a0 \u00a0\u00a0 <img loading=\"lazy\" decoding=\"async\" class=\"alignnone size-thumbnail wp-image-3215\" src=\"https:\/\/xn--judo-lbben-feb.de\/wp-content\/uploads\/2014\/02\/P1010377--150x150.jpg\" alt=\"P1010377\" width=\"150\" height=\"150\" \/><\/a>\u00a0 \u00a0 \u00a0 <a href=\"https:\/\/xn--judo-lbben-feb.de\/wp-content\/uploads\/2014\/02\/P1010365-.jpg\"><img loading=\"lazy\" decoding=\"async\" class=\"alignnone size-thumbnail wp-image-3214\" src=\"https:\/\/xn--judo-lbben-feb.de\/wp-content\/uploads\/2014\/02\/P1010365--150x150.jpg\" alt=\"P1010365\" width=\"150\" height=\"150\" \/><\/a> \u00a0 \u00a0\u00a0 <a href=\"https:\/\/xn--judo-lbben-feb.de\/wp-content\/uploads\/2014\/02\/P1010383-.jpg\"><img loading=\"lazy\" decoding=\"async\" class=\"alignnone size-thumbnail wp-image-3216\" src=\"https:\/\/xn--judo-lbben-feb.de\/wp-content\/uploads\/2014\/02\/P1010383--150x150.jpg\" alt=\"P1010383\" width=\"150\" height=\"150\" \/><\/a><\/p>\n<p><a href=\"https:\/\/xn--judo-lbben-feb.de\/wp-content\/uploads\/2014\/02\/P1010384-.jpg\">\u00a0\u00a0\u00a0\u00a0\u00a0\u00a0 \u00a0 \u00a0 \u00a0\u00a0 <img loading=\"lazy\" decoding=\"async\" class=\"alignnone size-thumbnail wp-image-3217\" src=\"https:\/\/xn--judo-lbben-feb.de\/wp-content\/uploads\/2014\/02\/P1010384--150x150.jpg\" alt=\"P1010384\" width=\"150\" height=\"150\" \/><\/a> \u00a0 \u00a0\u00a0 <a href=\"https:\/\/xn--judo-lbben-feb.de\/wp-content\/uploads\/2014\/02\/P1010389-.jpg\"><img loading=\"lazy\" decoding=\"async\" class=\"alignnone size-thumbnail wp-image-3218\" src=\"https:\/\/xn--judo-lbben-feb.de\/wp-content\/uploads\/2014\/02\/P1010389--150x150.jpg\" alt=\"P1010389\" width=\"150\" height=\"150\" \/><\/a> \u00a0 \u00a0\u00a0 <a href=\"https:\/\/xn--judo-lbben-feb.de\/wp-content\/uploads\/2014\/02\/P1010390-.jpg\"><img loading=\"lazy\" decoding=\"async\" class=\"alignnone size-thumbnail wp-image-3219\" src=\"https:\/\/xn--judo-lbben-feb.de\/wp-content\/uploads\/2014\/02\/P1010390--150x150.jpg\" alt=\"P1010390\" width=\"150\" height=\"150\" \/><\/a><\/p>\n<p><a href=\"https:\/\/xn--judo-lbben-feb.de\/wp-content\/uploads\/2014\/02\/P1010392-.jpg\">\u00a0\u00a0 \u00a0 \u00a0\u00a0 \u00a0 \u00a0 \u00a0 <img loading=\"lazy\" decoding=\"async\" class=\"alignnone size-thumbnail wp-image-3220\" src=\"https:\/\/xn--judo-lbben-feb.de\/wp-content\/uploads\/2014\/02\/P1010392--150x150.jpg\" alt=\"P1010392\" width=\"150\" height=\"150\" \/><\/a> \u00a0\u00a0 \u00a0 <a href=\"https:\/\/xn--judo-lbben-feb.de\/wp-content\/uploads\/2014\/02\/P1010357-.jpg\"><img loading=\"lazy\" decoding=\"async\" class=\"alignnone size-thumbnail wp-image-3209\" src=\"https:\/\/xn--judo-lbben-feb.de\/wp-content\/uploads\/2014\/02\/P1010357--150x150.jpg\" alt=\"P1010357\" width=\"150\" height=\"150\" \/><\/a> \u00a0 \u00a0\u00a0 <a href=\"https:\/\/xn--judo-lbben-feb.de\/wp-content\/uploads\/2014\/02\/P1010358-.jpg\"><img loading=\"lazy\" decoding=\"async\" class=\"alignnone size-thumbnail wp-image-3210\" src=\"https:\/\/xn--judo-lbben-feb.de\/wp-content\/uploads\/2014\/02\/P1010358--150x150.jpg\" alt=\"P1010358\" width=\"150\" height=\"150\" \/><\/a><\/p>\n<p><a href=\"https:\/\/xn--judo-lbben-feb.de\/wp-content\/uploads\/2014\/02\/P1010406-.jpg\">\u00a0\u00a0\u00a0\u00a0\u00a0\u00a0\u00a0\u00a0\u00a0\u00a0\u00a0\u00a0\u00a0 <img loading=\"lazy\" decoding=\"async\" class=\"alignnone size-thumbnail wp-image-3225\" src=\"https:\/\/xn--judo-lbben-feb.de\/wp-content\/uploads\/2014\/02\/P1010406--150x150.jpg\" alt=\"P1010406\" width=\"150\" height=\"150\" \/><\/a>\u00a0\u00a0\u00a0\u00a0\u00a0 <a href=\"https:\/\/xn--judo-lbben-feb.de\/wp-content\/uploads\/2014\/02\/P1010403-.jpg\"><img loading=\"lazy\" decoding=\"async\" class=\"alignnone size-thumbnail wp-image-3223\" src=\"https:\/\/xn--judo-lbben-feb.de\/wp-content\/uploads\/2014\/02\/P1010403--150x150.jpg\" alt=\"P1010403\" width=\"150\" height=\"150\" \/><\/a> \u00a0 \u00a0 \u00a0<a href=\"https:\/\/xn--judo-lbben-feb.de\/wp-content\/uploads\/2014\/02\/P1010402-.jpg\"><img loading=\"lazy\" decoding=\"async\" class=\"alignnone size-thumbnail wp-image-3222\" src=\"https:\/\/xn--judo-lbben-feb.de\/wp-content\/uploads\/2014\/02\/P1010402--150x150.jpg\" alt=\"P1010402\" width=\"150\" height=\"150\" \/><\/a><\/p>\n<p><a href=\"https:\/\/xn--judo-lbben-feb.de\/wp-content\/uploads\/2014\/02\/P1010409-.jpg\">\u00a0 \u00a0 \u00a0 \u00a0\u00a0 \u00a0\u00a0\u00a0\u00a0 <img loading=\"lazy\" decoding=\"async\" class=\"alignnone size-thumbnail wp-image-3228\" src=\"https:\/\/xn--judo-lbben-feb.de\/wp-content\/uploads\/2014\/02\/P1010409--150x150.jpg\" alt=\"P1010409\" width=\"150\" height=\"150\" \/><\/a><a href=\"https:\/\/xn--judo-lbben-feb.de\/wp-content\/uploads\/2014\/02\/P1010408-.jpg\"> \u00a0 \u00a0\u00a0 <img loading=\"lazy\" decoding=\"async\" class=\"alignnone size-thumbnail wp-image-3227\" src=\"https:\/\/xn--judo-lbben-feb.de\/wp-content\/uploads\/2014\/02\/P1010408--150x150.jpg\" alt=\"P1010408\" width=\"150\" height=\"150\" \/><\/a> \u00a0 \u00a0\u00a0 <a href=\"https:\/\/xn--judo-lbben-feb.de\/wp-content\/uploads\/2014\/02\/P1010407-.jpg\"><img loading=\"lazy\" decoding=\"async\" class=\"alignnone size-thumbnail wp-image-3226\" src=\"https:\/\/xn--judo-lbben-feb.de\/wp-content\/uploads\/2014\/02\/P1010407--150x150.jpg\" alt=\"P1010407\" width=\"150\" height=\"150\" \/><\/a><br \/>\n<span style=\"color: #ff9900;\">Ergebnisse Stadtwerkepokal Frankfurt\/Oder <\/span><br \/>\n<span style=\"color: #ff0000;\">1.Pl\u00e4tze<\/span><br \/>\nSarah Rudnik bis 30kg(U13)<br \/>\n<span style=\"color: #ff0000;\">2. Pl\u00e4tze<\/span><br \/>\nIgor Bekker bis 40kg(U11)<br \/>\n<span style=\"color: #ff0000;\">3. Pl\u00e4tz<\/span>e<br \/>\nMatthew Wilke bis 37kg(U11), Max Lachmann bis 40kg(U11), Jasmin Richter bis 28kg(U13), Miriam Stoye bis 36kg(U13)<br \/>\n<span style=\"color: #ff0000;\">5. Pl\u00e4tze<\/span><br \/>\nElisa Rudnik bis 36kg(U11)<br \/>\n<span style=\"color: #ff0000;\">Weitere L\u00fcbbener K\u00e4mpfer:<\/span><br \/>\nMaximilian Huhn, Theo Cal<\/p>\n","protected":false},"excerpt":{"rendered":"<p>Stadtwerkepokal Frankfurt\/Oder\u00a0 16.02.2014 241 Teilnehmer, 28 Vereine aus Sachsen, Sachsen -Anhalt, Brandenburg, Berlin, Mecklenburg Vorpommern und Polen k\u00e4mpften in den Altersklassen U11 und U13 um die begehrten Medaillen und Mannschaftspokale. Von den 9 angereisten L\u00fcbbener setzte sich Sarah am besten in Szene. Mit 4 Siegen sicherte sie sich Gold in der Gewichtsklasse bis 30kg (U13). [&hellip;]<\/p>\n","protected":false},"author":1,"featured_media":4328,"comment_status":"closed","ping_status":"open","sticky":false,"template":"","format":"standard","meta":{"_et_pb_use_builder":"","_et_pb_old_content":"","_et_gb_content_width":"","footnotes":""},"categories":[2],"tags":[],"class_list":["post-3205","post","type-post","status-publish","format-standard","has-post-thumbnail","hentry","category-news"],"_links":{"self":[{"href":"https:\/\/xn--judo-lbben-feb.de\/index.php?rest_route=\/wp\/v2\/posts\/3205","targetHints":{"allow":["GET"]}}],"collection":[{"href":"https:\/\/xn--judo-lbben-feb.de\/index.php?rest_route=\/wp\/v2\/posts"}],"about":[{"href":"https:\/\/xn--judo-lbben-feb.de\/index.php?rest_route=\/wp\/v2\/types\/post"}],"author":[{"embeddable":true,"href":"https:\/\/xn--judo-lbben-feb.de\/index.php?rest_route=\/wp\/v2\/users\/1"}],"replies":[{"embeddable":true,"href":"https:\/\/xn--judo-lbben-feb.de\/index.php?rest_route=%2Fwp%2Fv2%2Fcomments&post=3205"}],"version-history":[{"count":0,"href":"https:\/\/xn--judo-lbben-feb.de\/index.php?rest_route=\/wp\/v2\/posts\/3205\/revisions"}],"wp:featuredmedia":[{"embeddable":true,"href":"https:\/\/xn--judo-lbben-feb.de\/index.php?rest_route=\/"}],"wp:attachment":[{"href":"https:\/\/xn--judo-lbben-feb.de\/index.php?rest_route=%2Fwp%2Fv2%2Fmedia&parent=3205"}],"wp:term":[{"taxonomy":"category","embeddable":true,"href":"https:\/\/xn--judo-lbben-feb.de\/index.php?rest_route=%2Fwp%2Fv2%2Fcategories&post=3205"},{"taxonomy":"post_tag","embeddable":true,"href":"https:\/\/xn--judo-lbben-feb.de\/index.php?rest_route=%2Fwp%2Fv2%2Ftags&post=3205"}],"curies":[{"name":"wp","href":"https:\/\/api.w.org\/{rel}","templated":true}]}}