{"id":3169,"date":"2014-01-25T20:51:06","date_gmt":"2014-01-25T19:51:06","guid":{"rendered":"http:\/\/xn--judo-lbben-feb.de\/?p=3169"},"modified":"2014-01-25T20:51:06","modified_gmt":"2014-01-25T19:51:06","slug":"jakob-ist-vize-landesmeister","status":"publish","type":"post","link":"https:\/\/xn--judo-lbben-feb.de\/?p=3169","title":{"rendered":"Jakob ist Vize-Landesmeister"},"content":{"rendered":"<p>Bei den diesj\u00e4hren Landesmeisterschaften der U18 am 25. Januar in Strausberg, erk\u00e4mpfte sich Jakob Liesegang einen ausgezeichnten 2. Platz und qualifizierte sich damit f\u00fcr die Nord-Ost-Deutschen Meisterschaften am 15. Februar in Frankfurt\/Oder.\u00a0 In der gut besetzten Gewichteklasse bis 81kg, zeigte sich Jakob in Top-Form. Nach zwei \u00fcberzeugenen Siegen erreichte er das Finale,\u00a0 nur dort musste sich Jakob leider einem besseren Gegener geschlagen geben. Herzlichen Gl\u00fcckwunsch und viel Erfolg bei den Nord-Ost-Deutschen Meisterschaften.<\/p>\n<p><a title=\"Landesmeisterschaften der U18\/U21\" href=\"http:\/\/www.bjv-judo.de\/startseite\/aktuelles\/article\/landesmeisterschaften-der-u18-und-u21-in-strausberg-1.html\">Hier ein Bericht vom BJV<\/a><\/p>\n","protected":false},"excerpt":{"rendered":"<p>Bei den diesj\u00e4hren Landesmeisterschaften der U18 am 25. Januar in Strausberg, erk\u00e4mpfte sich Jakob Liesegang einen ausgezeichnten 2. Platz und qualifizierte sich damit f\u00fcr die Nord-Ost-Deutschen Meisterschaften am 15. Februar in Frankfurt\/Oder.\u00a0 In der gut besetzten Gewichteklasse bis 81kg, zeigte sich Jakob in Top-Form. Nach zwei \u00fcberzeugenen Siegen erreichte er das Finale,\u00a0 nur dort musste [&hellip;]<\/p>\n","protected":false},"author":1,"featured_media":0,"comment_status":"closed","ping_status":"open","sticky":false,"template":"","format":"standard","meta":{"_et_pb_use_builder":"","_et_pb_old_content":"","_et_gb_content_width":"","footnotes":""},"categories":[2],"tags":[],"class_list":["post-3169","post","type-post","status-publish","format-standard","hentry","category-news"],"_links":{"self":[{"href":"https:\/\/xn--judo-lbben-feb.de\/index.php?rest_route=\/wp\/v2\/posts\/3169","targetHints":{"allow":["GET"]}}],"collection":[{"href":"https:\/\/xn--judo-lbben-feb.de\/index.php?rest_route=\/wp\/v2\/posts"}],"about":[{"href":"https:\/\/xn--judo-lbben-feb.de\/index.php?rest_route=\/wp\/v2\/types\/post"}],"author":[{"embeddable":true,"href":"https:\/\/xn--judo-lbben-feb.de\/index.php?rest_route=\/wp\/v2\/users\/1"}],"replies":[{"embeddable":true,"href":"https:\/\/xn--judo-lbben-feb.de\/index.php?rest_route=%2Fwp%2Fv2%2Fcomments&post=3169"}],"version-history":[{"count":0,"href":"https:\/\/xn--judo-lbben-feb.de\/index.php?rest_route=\/wp\/v2\/posts\/3169\/revisions"}],"wp:attachment":[{"href":"https:\/\/xn--judo-lbben-feb.de\/index.php?rest_route=%2Fwp%2Fv2%2Fmedia&parent=3169"}],"wp:term":[{"taxonomy":"category","embeddable":true,"href":"https:\/\/xn--judo-lbben-feb.de\/index.php?rest_route=%2Fwp%2Fv2%2Fcategories&post=3169"},{"taxonomy":"post_tag","embeddable":true,"href":"https:\/\/xn--judo-lbben-feb.de\/index.php?rest_route=%2Fwp%2Fv2%2Ftags&post=3169"}],"curies":[{"name":"wp","href":"https:\/\/api.w.org\/{rel}","templated":true}]}}