{"id":312,"date":"2012-03-18T18:21:19","date_gmt":"2012-03-18T18:21:19","guid":{"rendered":"http:\/\/xn--judo-lbben-feb.de\/?p=312"},"modified":"2012-03-18T18:21:19","modified_gmt":"2012-03-18T18:21:19","slug":"spreewaldpokal-2012","status":"publish","type":"post","link":"https:\/\/xn--judo-lbben-feb.de\/?p=312","title":{"rendered":"Spreewaldpokal 2012"},"content":{"rendered":"<p>Am 17. und 18.03.2012 k\u00e4mpften wieder ca. 270 Sportler aus 25 Vereinen auf 4 Matten um den begehrten L\u00fcbbener \u201eSpreewaldpokal\u201c in der Mehrzweckhalle Wettiner Stra\u00dfe. Erstmals, seit Einf\u00fchrung des Pokalwettkampfes, ging der 1.Platz in der Mannschaftswertung an unseren Verein und die Troph\u00e4e, gef\u00fcllt mit Gummib\u00e4rchen, wurde den 31 teilgenommenen Kuzushis \u00fcbergeben.<\/p>\n<p>Eine tolle Mannschaftsleistung die nach Wiederholung ruft. Der Termin steht bereits.<\/p>\n<p>Um den Pokal 2013 wird am 16.\/17.03.2013 gek\u00e4mpft.<\/p>\n<p>Ein herzliches Dankesch\u00f6n an alle Helfer vor und hinter den Kulissen. Selten wurde dem Verein eine so gro\u00dfe Hilfsbereitschaft zu teil wie in den vergangenen Jahren.<\/p>\n<p><a href=\"https:\/\/xn--judo-lbben-feb.de\/wp-content\/uploads\/2012\/03\/01-web.jpg\"><img loading=\"lazy\" decoding=\"async\" class=\"alignnone size-thumbnail wp-image-961\" title=\"01-web\" src=\"https:\/\/xn--judo-lbben-feb.de\/wp-content\/uploads\/2012\/03\/01-web-150x150.jpg\" alt=\"\" width=\"150\" height=\"150\" \/><\/a> <a href=\"https:\/\/xn--judo-lbben-feb.de\/wp-content\/uploads\/2012\/03\/02-web.jpg\"><img loading=\"lazy\" decoding=\"async\" class=\"alignnone size-thumbnail wp-image-962\" title=\"02-web\" src=\"https:\/\/xn--judo-lbben-feb.de\/wp-content\/uploads\/2012\/03\/02-web-150x150.jpg\" alt=\"\" width=\"150\" height=\"150\" \/><\/a> <a href=\"https:\/\/xn--judo-lbben-feb.de\/wp-content\/uploads\/2012\/03\/04-web.jpg\"><img loading=\"lazy\" decoding=\"async\" class=\"alignnone size-thumbnail wp-image-963\" title=\"04-web\" src=\"https:\/\/xn--judo-lbben-feb.de\/wp-content\/uploads\/2012\/03\/04-web-150x150.jpg\" alt=\"\" width=\"150\" height=\"150\" \/><\/a> <a href=\"https:\/\/xn--judo-lbben-feb.de\/wp-content\/uploads\/2012\/03\/06-web.jpg\"><img loading=\"lazy\" decoding=\"async\" class=\"alignnone size-thumbnail wp-image-964\" title=\"06-web\" src=\"https:\/\/xn--judo-lbben-feb.de\/wp-content\/uploads\/2012\/03\/06-web-150x150.jpg\" alt=\"\" width=\"150\" height=\"150\" \/><\/a> <a href=\"https:\/\/xn--judo-lbben-feb.de\/wp-content\/uploads\/2012\/03\/9-web.jpg\"><img loading=\"lazy\" decoding=\"async\" class=\"alignnone size-thumbnail wp-image-966\" title=\"9-web\" src=\"https:\/\/xn--judo-lbben-feb.de\/wp-content\/uploads\/2012\/03\/9-web-150x150.jpg\" alt=\"\" width=\"145\" height=\"145\" \/><\/a> <a href=\"https:\/\/xn--judo-lbben-feb.de\/wp-content\/uploads\/2012\/03\/10-web.jpg\"><img loading=\"lazy\" decoding=\"async\" class=\"alignnone size-thumbnail wp-image-967\" title=\"10-web\" src=\"https:\/\/xn--judo-lbben-feb.de\/wp-content\/uploads\/2012\/03\/10-web-150x150.jpg\" alt=\"\" width=\"150\" height=\"150\" \/><\/a><\/p>\n<p><a href=\"https:\/\/xn--judo-lbben-feb.de\/wp-content\/uploads\/2012\/03\/11-web.jpg\"><img loading=\"lazy\" decoding=\"async\" class=\"alignnone size-thumbnail wp-image-968\" title=\"11-web\" src=\"https:\/\/xn--judo-lbben-feb.de\/wp-content\/uploads\/2012\/03\/11-web-150x150.jpg\" alt=\"\" width=\"146\" height=\"146\" \/><\/a> <a href=\"https:\/\/xn--judo-lbben-feb.de\/wp-content\/uploads\/2012\/03\/12-web.jpg\"><img loading=\"lazy\" decoding=\"async\" class=\"alignnone size-thumbnail wp-image-969\" title=\"12-web\" src=\"https:\/\/xn--judo-lbben-feb.de\/wp-content\/uploads\/2012\/03\/12-web-150x150.jpg\" alt=\"\" width=\"150\" height=\"150\" \/><\/a> <a href=\"https:\/\/xn--judo-lbben-feb.de\/wp-content\/uploads\/2012\/03\/13-web.jpg\"><img loading=\"lazy\" decoding=\"async\" class=\"alignnone size-thumbnail wp-image-970\" title=\"13-web\" src=\"https:\/\/xn--judo-lbben-feb.de\/wp-content\/uploads\/2012\/03\/13-web-150x150.jpg\" alt=\"\" width=\"150\" height=\"150\" \/><\/a> <a href=\"https:\/\/xn--judo-lbben-feb.de\/wp-content\/uploads\/2012\/03\/14-web.jpg\"><img loading=\"lazy\" decoding=\"async\" class=\"alignnone size-thumbnail wp-image-971\" title=\"14-web\" src=\"https:\/\/xn--judo-lbben-feb.de\/wp-content\/uploads\/2012\/03\/14-web-150x150.jpg\" alt=\"\" width=\"150\" height=\"150\" \/><\/a> <a href=\"https:\/\/xn--judo-lbben-feb.de\/wp-content\/uploads\/2012\/03\/29-web.jpg\"><img loading=\"lazy\" decoding=\"async\" class=\"alignnone size-thumbnail wp-image-979\" title=\"29-web\" src=\"https:\/\/xn--judo-lbben-feb.de\/wp-content\/uploads\/2012\/03\/29-web-150x150.jpg\" alt=\"\" width=\"150\" height=\"150\" \/><\/a> <a href=\"https:\/\/xn--judo-lbben-feb.de\/wp-content\/uploads\/2012\/03\/18-web.jpg\"><img loading=\"lazy\" decoding=\"async\" class=\"alignnone size-thumbnail wp-image-973\" title=\"18-web\" src=\"https:\/\/xn--judo-lbben-feb.de\/wp-content\/uploads\/2012\/03\/18-web-150x150.jpg\" alt=\"\" width=\"150\" height=\"150\" \/><\/a> <a href=\"https:\/\/xn--judo-lbben-feb.de\/wp-content\/uploads\/2012\/03\/19-web.jpg\"><img loading=\"lazy\" decoding=\"async\" class=\"alignnone size-thumbnail wp-image-974\" title=\"19-web\" src=\"https:\/\/xn--judo-lbben-feb.de\/wp-content\/uploads\/2012\/03\/19-web-150x150.jpg\" alt=\"\" width=\"150\" height=\"150\" \/><\/a><a href=\"https:\/\/xn--judo-lbben-feb.de\/wp-content\/uploads\/2012\/03\/22-web.jpg\"><img loading=\"lazy\" decoding=\"async\" class=\"alignnone size-thumbnail wp-image-975\" title=\"22-web\" src=\"https:\/\/xn--judo-lbben-feb.de\/wp-content\/uploads\/2012\/03\/22-web-150x150.jpg\" alt=\"\" width=\"150\" height=\"150\" \/><\/a> <a href=\"https:\/\/xn--judo-lbben-feb.de\/wp-content\/uploads\/2012\/03\/24-web.jpg\"><img loading=\"lazy\" decoding=\"async\" class=\"alignnone size-thumbnail wp-image-976\" title=\"24-web\" src=\"https:\/\/xn--judo-lbben-feb.de\/wp-content\/uploads\/2012\/03\/24-web-150x150.jpg\" alt=\"\" width=\"150\" height=\"150\" \/><\/a> <a href=\"https:\/\/xn--judo-lbben-feb.de\/wp-content\/uploads\/2012\/03\/26-web.jpg\"><img loading=\"lazy\" decoding=\"async\" class=\"alignnone size-thumbnail wp-image-977\" title=\"26-web\" src=\"https:\/\/xn--judo-lbben-feb.de\/wp-content\/uploads\/2012\/03\/26-web-150x150.jpg\" alt=\"\" width=\"150\" height=\"150\" \/><\/a> <a href=\"https:\/\/xn--judo-lbben-feb.de\/wp-content\/uploads\/2012\/03\/28-web.jpg\"><img loading=\"lazy\" decoding=\"async\" class=\"alignnone size-thumbnail wp-image-978\" title=\"28-web\" src=\"https:\/\/xn--judo-lbben-feb.de\/wp-content\/uploads\/2012\/03\/28-web-150x150.jpg\" alt=\"\" width=\"150\" height=\"150\" \/><\/a> <a href=\"https:\/\/xn--judo-lbben-feb.de\/wp-content\/uploads\/2012\/03\/30-web.jpg\"><img loading=\"lazy\" decoding=\"async\" class=\"alignnone size-thumbnail wp-image-980\" title=\"30-web\" src=\"https:\/\/xn--judo-lbben-feb.de\/wp-content\/uploads\/2012\/03\/30-web-150x150.jpg\" alt=\"\" width=\"150\" height=\"150\" \/><\/a><\/p>\n<p>&nbsp;<\/p>\n<p><strong>Ergebnisse der Kuzushis \/ Spreewaldpokal L\u00fcbben <a title=\"Wettkampfergebnisse\" href=\"https:\/\/xn--judo-lbben-feb.de\/?page_id=395\">hier<\/a><\/strong><\/p>\n<p><strong> <\/strong><\/p>\n","protected":false},"excerpt":{"rendered":"<p>Am 17. und 18.03.2012 k\u00e4mpften wieder ca. 270 Sportler aus 25 Vereinen auf 4 Matten um den begehrten L\u00fcbbener \u201eSpreewaldpokal\u201c in der Mehrzweckhalle Wettiner Stra\u00dfe. Erstmals, seit Einf\u00fchrung des Pokalwettkampfes, ging der 1.Platz in der Mannschaftswertung an unseren Verein und die Troph\u00e4e, gef\u00fcllt mit Gummib\u00e4rchen, wurde den 31 teilgenommenen Kuzushis \u00fcbergeben. Eine tolle Mannschaftsleistung die [&hellip;]<\/p>\n","protected":false},"author":1,"featured_media":4403,"comment_status":"closed","ping_status":"open","sticky":false,"template":"","format":"standard","meta":{"_et_pb_use_builder":"","_et_pb_old_content":"","_et_gb_content_width":"","footnotes":""},"categories":[2],"tags":[],"class_list":["post-312","post","type-post","status-publish","format-standard","has-post-thumbnail","hentry","category-news"],"_links":{"self":[{"href":"https:\/\/xn--judo-lbben-feb.de\/index.php?rest_route=\/wp\/v2\/posts\/312","targetHints":{"allow":["GET"]}}],"collection":[{"href":"https:\/\/xn--judo-lbben-feb.de\/index.php?rest_route=\/wp\/v2\/posts"}],"about":[{"href":"https:\/\/xn--judo-lbben-feb.de\/index.php?rest_route=\/wp\/v2\/types\/post"}],"author":[{"embeddable":true,"href":"https:\/\/xn--judo-lbben-feb.de\/index.php?rest_route=\/wp\/v2\/users\/1"}],"replies":[{"embeddable":true,"href":"https:\/\/xn--judo-lbben-feb.de\/index.php?rest_route=%2Fwp%2Fv2%2Fcomments&post=312"}],"version-history":[{"count":0,"href":"https:\/\/xn--judo-lbben-feb.de\/index.php?rest_route=\/wp\/v2\/posts\/312\/revisions"}],"wp:featuredmedia":[{"embeddable":true,"href":"https:\/\/xn--judo-lbben-feb.de\/index.php?rest_route=\/"}],"wp:attachment":[{"href":"https:\/\/xn--judo-lbben-feb.de\/index.php?rest_route=%2Fwp%2Fv2%2Fmedia&parent=312"}],"wp:term":[{"taxonomy":"category","embeddable":true,"href":"https:\/\/xn--judo-lbben-feb.de\/index.php?rest_route=%2Fwp%2Fv2%2Fcategories&post=312"},{"taxonomy":"post_tag","embeddable":true,"href":"https:\/\/xn--judo-lbben-feb.de\/index.php?rest_route=%2Fwp%2Fv2%2Ftags&post=312"}],"curies":[{"name":"wp","href":"https:\/\/api.w.org\/{rel}","templated":true}]}}