{"id":3103,"date":"2014-01-24T13:04:32","date_gmt":"2014-01-24T12:04:32","guid":{"rendered":"http:\/\/xn--judo-lbben-feb.de\/?p=3103"},"modified":"2014-01-24T13:04:32","modified_gmt":"2014-01-24T12:04:32","slug":"engagement-belohnt","status":"publish","type":"post","link":"https:\/\/xn--judo-lbben-feb.de\/?p=3103","title":{"rendered":"Engagement belohnt"},"content":{"rendered":"<p style=\"text-align: center;\">Sylvia und Karsten Hoffmann wurden am heutigen Abend im Schloss L\u00fcbben in der Kategorie Trainer\/\u00dcbungsleiter\/Kampfrichter als verdiente Sportler unserer Stadt geehrt.<\/p>\n<p style=\"text-align: center;\"><a href=\"https:\/\/xn--judo-lbben-feb.de\/wp-content\/uploads\/2014\/01\/Sylvia-und-Karsten.jpg\"><img loading=\"lazy\" decoding=\"async\" class=\"alignnone size-medium wp-image-3104\" src=\"https:\/\/xn--judo-lbben-feb.de\/wp-content\/uploads\/2014\/01\/Sylvia-und-Karsten-300x225.jpg\" alt=\"Sylvia und Karsten\" width=\"300\" height=\"225\" \/><\/a><\/p>\n<p style=\"text-align: center;\"><em>Der ganze Verein ist Stolz und sagt<\/em> <strong>HERZLICHEN GL\u00dcCKWUNSCH!<\/strong><\/p>\n<p style=\"text-align: center;\">Mit der Auszeichnung wurden die beliebten Trainer f\u00fcr ihren unerm\u00fcdlichen Einsatz zum Wohle unseres Verein&#8217;s ausgezeichnet. Da das Jahr 2013 eines der erfogreichsten in unserer Vereinsgeschichte war, ist ein gro\u00dfer Verdienst der Beiden.<\/p>\n<p style=\"text-align: right;\"><a href=\"http:\/\/www.lr-online.de\/regionen\/luebben\/Luebben-ehrt-verdiente-Sportler;art1058,4462005\"><em>Artikel in der Lausitzer Rundschau<\/em><\/a><\/p>\n","protected":false},"excerpt":{"rendered":"<p>Sylvia und Karsten Hoffmann wurden am heutigen Abend im Schloss L\u00fcbben in der Kategorie Trainer\/\u00dcbungsleiter\/Kampfrichter als verdiente Sportler unserer Stadt geehrt. Der ganze Verein ist Stolz und sagt HERZLICHEN GL\u00dcCKWUNSCH! Mit der Auszeichnung wurden die beliebten Trainer f\u00fcr ihren unerm\u00fcdlichen Einsatz zum Wohle unseres Verein&#8217;s ausgezeichnet. Da das Jahr 2013 eines der erfogreichsten in unserer [&hellip;]<\/p>\n","protected":false},"author":1,"featured_media":4338,"comment_status":"closed","ping_status":"open","sticky":false,"template":"","format":"standard","meta":{"_et_pb_use_builder":"","_et_pb_old_content":"","_et_gb_content_width":"","footnotes":""},"categories":[2],"tags":[],"class_list":["post-3103","post","type-post","status-publish","format-standard","has-post-thumbnail","hentry","category-news"],"_links":{"self":[{"href":"https:\/\/xn--judo-lbben-feb.de\/index.php?rest_route=\/wp\/v2\/posts\/3103","targetHints":{"allow":["GET"]}}],"collection":[{"href":"https:\/\/xn--judo-lbben-feb.de\/index.php?rest_route=\/wp\/v2\/posts"}],"about":[{"href":"https:\/\/xn--judo-lbben-feb.de\/index.php?rest_route=\/wp\/v2\/types\/post"}],"author":[{"embeddable":true,"href":"https:\/\/xn--judo-lbben-feb.de\/index.php?rest_route=\/wp\/v2\/users\/1"}],"replies":[{"embeddable":true,"href":"https:\/\/xn--judo-lbben-feb.de\/index.php?rest_route=%2Fwp%2Fv2%2Fcomments&post=3103"}],"version-history":[{"count":0,"href":"https:\/\/xn--judo-lbben-feb.de\/index.php?rest_route=\/wp\/v2\/posts\/3103\/revisions"}],"wp:featuredmedia":[{"embeddable":true,"href":"https:\/\/xn--judo-lbben-feb.de\/index.php?rest_route=\/"}],"wp:attachment":[{"href":"https:\/\/xn--judo-lbben-feb.de\/index.php?rest_route=%2Fwp%2Fv2%2Fmedia&parent=3103"}],"wp:term":[{"taxonomy":"category","embeddable":true,"href":"https:\/\/xn--judo-lbben-feb.de\/index.php?rest_route=%2Fwp%2Fv2%2Fcategories&post=3103"},{"taxonomy":"post_tag","embeddable":true,"href":"https:\/\/xn--judo-lbben-feb.de\/index.php?rest_route=%2Fwp%2Fv2%2Ftags&post=3103"}],"curies":[{"name":"wp","href":"https:\/\/api.w.org\/{rel}","templated":true}]}}