{"id":2902,"date":"2013-11-23T18:50:18","date_gmt":"2013-11-23T17:50:18","guid":{"rendered":"http:\/\/xn--judo-lbben-feb.de\/?p=2902"},"modified":"2013-11-23T18:50:18","modified_gmt":"2013-11-23T17:50:18","slug":"ein-langer-tag-beim-btu-cup-in-cottbus","status":"publish","type":"post","link":"https:\/\/xn--judo-lbben-feb.de\/?p=2902","title":{"rendered":"Ein langer Tag beim BTU-Cup in Cottbus"},"content":{"rendered":"<p style=\"text-align: center;\" align=\"JUSTIFY\">In dem vom Ausrichter HSV Cottbus durchgef\u00fchrten Turnier in der Sporthalle der Universit\u00e4t Cottbus trafen sich 24 Vereine mit 239 (davon 17 aus L\u00fcbben) Startern in den Altersklassen U 9, U 11, U 13 und U 15. Neben Vereinen aus Berlin, Sachen und Brandenburg waren auch vier polnische Vereine angereist. Auf vier Matten konnten die m\u00e4nnlichen und weiblichen Judoka ihre Kr\u00e4fte messen.<\/p>\n<p style=\"text-align: center;\" align=\"JUSTIFY\">Da der Start des Turniers immer wieder verschoben wurde, hatten unsere Judoka neben der \u00fcblichen Erw\u00e4rmung auch mal die Gelegenheit sich mit anderen sportlichen Bet\u00e4tigungen bei Laune zu halten.<\/p>\n<p style=\"text-align: center;\" align=\"JUSTIFY\"><a href=\"https:\/\/xn--judo-lbben-feb.de\/wp-content\/uploads\/2013\/11\/DSC03100-.jpg\"><img loading=\"lazy\" decoding=\"async\" class=\"alignnone size-thumbnail wp-image-2905\" src=\"https:\/\/xn--judo-lbben-feb.de\/wp-content\/uploads\/2013\/11\/DSC03100--150x150.jpg\" alt=\"DSC03100\" width=\"150\" height=\"150\" \/><\/a> <a href=\"https:\/\/xn--judo-lbben-feb.de\/wp-content\/uploads\/2013\/11\/DSC03108-.jpg\"><img loading=\"lazy\" decoding=\"async\" class=\"alignnone size-thumbnail wp-image-2906\" src=\"https:\/\/xn--judo-lbben-feb.de\/wp-content\/uploads\/2013\/11\/DSC03108--150x150.jpg\" alt=\"DSC03108\" width=\"150\" height=\"150\" \/><\/a> <a href=\"https:\/\/xn--judo-lbben-feb.de\/wp-content\/uploads\/2013\/11\/DSC03109-.jpg\"><img loading=\"lazy\" decoding=\"async\" class=\"alignnone size-thumbnail wp-image-2907\" src=\"https:\/\/xn--judo-lbben-feb.de\/wp-content\/uploads\/2013\/11\/DSC03109--150x150.jpg\" alt=\"DSC03109\" width=\"150\" height=\"150\" \/><\/a><\/p>\n<p style=\"text-align: center;\" align=\"JUSTIFY\">Zun\u00e4chst wurde in den Altersklassen U 9 und U 11 gek\u00e4mpft.<\/p>\n<p style=\"text-align: center;\" align=\"JUSTIFY\">Gleich den ersten Kampf des BTU-Cups sollte Melissa beschreiten, die sich in ihrer Gewichtsklasse ausschlie\u00dflich mit Jungen messen sollte. Der 1. Kampf ging leider auch gleich verloren, aber der Wille war da, so das sie den 2. Kampf f\u00fcr sich entscheiden konnte. Leider ging der dritte Fight wieder verloren, so blieb ihr nur Platz 5.<\/p>\n<p style=\"text-align: center;\" align=\"JUSTIFY\"><a href=\"https:\/\/xn--judo-lbben-feb.de\/wp-content\/uploads\/2013\/11\/DSC03132-.jpg\"><img loading=\"lazy\" decoding=\"async\" class=\"alignnone size-thumbnail wp-image-2914\" src=\"https:\/\/xn--judo-lbben-feb.de\/wp-content\/uploads\/2013\/11\/DSC03132--150x150.jpg\" alt=\"DSC03132\" width=\"150\" height=\"150\" \/><\/a> <a href=\"https:\/\/xn--judo-lbben-feb.de\/wp-content\/uploads\/2013\/11\/DSC03118-.jpg\"><img loading=\"lazy\" decoding=\"async\" class=\"alignnone size-thumbnail wp-image-2915\" src=\"https:\/\/xn--judo-lbben-feb.de\/wp-content\/uploads\/2013\/11\/DSC03118--150x150.jpg\" alt=\"DSC03118\" width=\"150\" height=\"150\" \/><\/a> <a href=\"https:\/\/xn--judo-lbben-feb.de\/wp-content\/uploads\/2013\/11\/DSC03123-.jpg\"><img loading=\"lazy\" decoding=\"async\" class=\"alignnone size-thumbnail wp-image-2916\" src=\"https:\/\/xn--judo-lbben-feb.de\/wp-content\/uploads\/2013\/11\/DSC03123--150x150.jpg\" alt=\"DSC03123\" width=\"150\" height=\"150\" \/><\/a><\/p>\n<p style=\"text-align: center;\" align=\"JUSTIFY\">Theo Cal wurde als n\u00e4chster K\u00e4mpfer aufgerufen, er hatte 2 K\u00e4mpfe zu beschreiten, beide gingen verloren und am Ende belegte er ebenfalls den 5. Platz.<\/p>\n<p style=\"text-align: center;\" align=\"JUSTIFY\"><a href=\"https:\/\/xn--judo-lbben-feb.de\/wp-content\/uploads\/2013\/11\/DSC03135-.jpg\"><img loading=\"lazy\" decoding=\"async\" class=\"alignnone size-thumbnail wp-image-2918\" src=\"https:\/\/xn--judo-lbben-feb.de\/wp-content\/uploads\/2013\/11\/DSC03135--150x150.jpg\" alt=\"DSC03135\" width=\"150\" height=\"150\" \/><\/a> <a href=\"https:\/\/xn--judo-lbben-feb.de\/wp-content\/uploads\/2013\/11\/DSC03240-.jpg\"><img loading=\"lazy\" decoding=\"async\" class=\"alignnone size-thumbnail wp-image-2919\" src=\"https:\/\/xn--judo-lbben-feb.de\/wp-content\/uploads\/2013\/11\/DSC03240--150x150.jpg\" alt=\"DSC03240\" width=\"150\" height=\"150\" \/><\/a><\/p>\n<p style=\"text-align: center;\" align=\"JUSTIFY\">Jetzt ging es Schalg auf Schlag, zun\u00e4chst trat Igor an, er bestritt 3 K\u00e4mpfe, diemal 2 Niederlagen und 1 Sieg, damit holte sich Igor aber noch den 3. Platz, somit Bronze und die erste Medaille an diesem Tag.<\/p>\n<p style=\"text-align: center;\" align=\"JUSTIFY\"><a href=\"https:\/\/xn--judo-lbben-feb.de\/wp-content\/uploads\/2013\/11\/DSC03139-.jpg\"><img loading=\"lazy\" decoding=\"async\" class=\"alignnone size-thumbnail wp-image-2922\" src=\"https:\/\/xn--judo-lbben-feb.de\/wp-content\/uploads\/2013\/11\/DSC03139--150x150.jpg\" alt=\"DSC03139\" width=\"150\" height=\"150\" \/><\/a> <a href=\"https:\/\/xn--judo-lbben-feb.de\/wp-content\/uploads\/2013\/11\/DSC03166-.jpg\"><img loading=\"lazy\" decoding=\"async\" class=\"alignnone size-thumbnail wp-image-2923\" src=\"https:\/\/xn--judo-lbben-feb.de\/wp-content\/uploads\/2013\/11\/DSC03166--150x150.jpg\" alt=\"DSC03166\" width=\"150\" height=\"150\" \/><\/a> <a href=\"https:\/\/xn--judo-lbben-feb.de\/wp-content\/uploads\/2013\/11\/DSC03245-.jpg\"><img loading=\"lazy\" decoding=\"async\" class=\"alignnone size-thumbnail wp-image-2924\" src=\"https:\/\/xn--judo-lbben-feb.de\/wp-content\/uploads\/2013\/11\/DSC03245--150x150.jpg\" alt=\"DSC03245\" width=\"150\" height=\"150\" \/><\/a><\/p>\n<p style=\"text-align: center;\" align=\"JUSTIFY\">Zeitgleich mit Igor betrat jetzt auch Elisa die Matte, und sie war an diesem Tag einfach nicht zu schlagen, 4 K\u00e4mpfe = 4 Siege. Elisa das war eine ganz starke Leistung an diesem Tag, die Goldmedaille hast du dir wirklich verdient. KLASSE!<\/p>\n<p style=\"text-align: center;\" align=\"JUSTIFY\"><a href=\"https:\/\/xn--judo-lbben-feb.de\/wp-content\/uploads\/2013\/11\/DSC03145-.jpg\"><img loading=\"lazy\" decoding=\"async\" class=\"alignnone size-thumbnail wp-image-2926\" src=\"https:\/\/xn--judo-lbben-feb.de\/wp-content\/uploads\/2013\/11\/DSC03145--150x150.jpg\" alt=\"DSC03145\" width=\"150\" height=\"150\" \/><\/a> <a href=\"https:\/\/xn--judo-lbben-feb.de\/wp-content\/uploads\/2013\/11\/DSC03148-.jpg\"><img loading=\"lazy\" decoding=\"async\" class=\"alignnone size-thumbnail wp-image-2927\" src=\"https:\/\/xn--judo-lbben-feb.de\/wp-content\/uploads\/2013\/11\/DSC03148--150x150.jpg\" alt=\"DSC03148\" width=\"150\" height=\"150\" \/><\/a> <a href=\"https:\/\/xn--judo-lbben-feb.de\/wp-content\/uploads\/2013\/11\/DSC03149-.jpg\"><img loading=\"lazy\" decoding=\"async\" class=\"alignnone size-thumbnail wp-image-2928\" src=\"https:\/\/xn--judo-lbben-feb.de\/wp-content\/uploads\/2013\/11\/DSC03149--150x150.jpg\" alt=\"DSC03149\" width=\"150\" height=\"150\" \/><\/a><\/p>\n<p style=\"text-align: center;\" align=\"JUSTIFY\">Paul und Maximilian traten beide in einer Gewichtsklasse an, und bestritten gleich den ersten Kampf gegeneinander, den Vereinsinternen Kampf konnte Maximilian f\u00fcr sich entscheiden. Das war aber kein Grund f\u00fcr Paul den Kopf in den Sand zu stecken, er steigerte sich stark und konnte noch 2 K\u00e4mpfe f\u00fcr sich entscheiden, am Ende Platz 3., Maximilian jubelte am Ende \u00fcber Silber, Gratulation.<\/p>\n<p style=\"text-align: center;\" align=\"JUSTIFY\"><a href=\"https:\/\/xn--judo-lbben-feb.de\/wp-content\/uploads\/2013\/11\/DSC03156-.jpg\"><img loading=\"lazy\" decoding=\"async\" class=\"alignnone size-thumbnail wp-image-2930\" src=\"https:\/\/xn--judo-lbben-feb.de\/wp-content\/uploads\/2013\/11\/DSC03156--150x150.jpg\" alt=\"DSC03156\" width=\"150\" height=\"150\" \/><\/a> <a href=\"https:\/\/xn--judo-lbben-feb.de\/wp-content\/uploads\/2013\/11\/DSC03157-.jpg\"><img loading=\"lazy\" decoding=\"async\" class=\"alignnone size-thumbnail wp-image-2931\" src=\"https:\/\/xn--judo-lbben-feb.de\/wp-content\/uploads\/2013\/11\/DSC03157--150x150.jpg\" alt=\"DSC03157\" width=\"150\" height=\"150\" \/><\/a> <a href=\"https:\/\/xn--judo-lbben-feb.de\/wp-content\/uploads\/2013\/11\/DSC03170-.jpg\"><img loading=\"lazy\" decoding=\"async\" class=\"alignnone size-thumbnail wp-image-2932\" src=\"https:\/\/xn--judo-lbben-feb.de\/wp-content\/uploads\/2013\/11\/DSC03170--150x150.jpg\" alt=\"DSC03170\" width=\"150\" height=\"150\" \/><\/a> <a href=\"https:\/\/xn--judo-lbben-feb.de\/wp-content\/uploads\/2013\/11\/DSC03171-.jpg\"><img loading=\"lazy\" decoding=\"async\" class=\"alignnone size-thumbnail wp-image-2933\" src=\"https:\/\/xn--judo-lbben-feb.de\/wp-content\/uploads\/2013\/11\/DSC03171--150x150.jpg\" alt=\"DSC03171\" width=\"150\" height=\"150\" \/><\/a> <a href=\"https:\/\/xn--judo-lbben-feb.de\/wp-content\/uploads\/2013\/11\/DSC03177-.jpg\"><img loading=\"lazy\" decoding=\"async\" class=\"alignnone size-thumbnail wp-image-2934\" src=\"https:\/\/xn--judo-lbben-feb.de\/wp-content\/uploads\/2013\/11\/DSC03177--150x150.jpg\" alt=\"DSC03177\" width=\"150\" height=\"150\" \/><\/a><\/p>\n<p style=\"text-align: center;\" align=\"JUSTIFY\"><a href=\"https:\/\/xn--judo-lbben-feb.de\/wp-content\/uploads\/2013\/11\/DSC03183-.jpg\"><img loading=\"lazy\" decoding=\"async\" class=\"alignnone size-thumbnail wp-image-2935\" src=\"https:\/\/xn--judo-lbben-feb.de\/wp-content\/uploads\/2013\/11\/DSC03183--150x150.jpg\" alt=\"DSC03183\" width=\"150\" height=\"150\" \/><\/a> <a href=\"https:\/\/xn--judo-lbben-feb.de\/wp-content\/uploads\/2013\/11\/DSC03184-.jpg\"><img loading=\"lazy\" decoding=\"async\" class=\"alignnone size-thumbnail wp-image-2936\" src=\"https:\/\/xn--judo-lbben-feb.de\/wp-content\/uploads\/2013\/11\/DSC03184--150x150.jpg\" alt=\"DSC03184\" width=\"150\" height=\"150\" \/><\/a> <a href=\"https:\/\/xn--judo-lbben-feb.de\/wp-content\/uploads\/2013\/11\/DSC03190-.jpg\"><img loading=\"lazy\" decoding=\"async\" class=\"alignnone size-thumbnail wp-image-2937\" src=\"https:\/\/xn--judo-lbben-feb.de\/wp-content\/uploads\/2013\/11\/DSC03190--150x150.jpg\" alt=\"DSC03190\" width=\"150\" height=\"150\" \/><\/a><\/p>\n<p style=\"text-align: center;\" align=\"JUSTIFY\">Jasmin bestritt zun\u00e4chst einen Freundschaftskampf, da sie zum ersten Aushang der Liste keine Gegnerin gehabt h\u00e4tte. Den Kampf konnte Jasmin f\u00fcr sich entscheiden. Die Liste wurde im laufenden Turnier erneuert und jetzt hatte sie eine Gegnerin, leider verlor sie diesen Kampf, aber immerhin gab es eine Silbermedaille.<\/p>\n<p style=\"text-align: center;\" align=\"JUSTIFY\"><a href=\"https:\/\/xn--judo-lbben-feb.de\/wp-content\/uploads\/2013\/11\/DSC03196-.jpg\"><img loading=\"lazy\" decoding=\"async\" class=\"alignnone size-thumbnail wp-image-2939\" src=\"https:\/\/xn--judo-lbben-feb.de\/wp-content\/uploads\/2013\/11\/DSC03196--150x150.jpg\" alt=\"DSC03196\" width=\"150\" height=\"150\" \/><\/a> <a href=\"https:\/\/xn--judo-lbben-feb.de\/wp-content\/uploads\/2013\/11\/DSC03198-.jpg\"><img loading=\"lazy\" decoding=\"async\" class=\"alignnone size-thumbnail wp-image-2940\" src=\"https:\/\/xn--judo-lbben-feb.de\/wp-content\/uploads\/2013\/11\/DSC03198--150x150.jpg\" alt=\"DSC03198\" width=\"150\" height=\"150\" \/><\/a> <a href=\"https:\/\/xn--judo-lbben-feb.de\/wp-content\/uploads\/2013\/11\/DSC03203-.jpg\"><img loading=\"lazy\" decoding=\"async\" class=\"alignnone size-thumbnail wp-image-2941\" src=\"https:\/\/xn--judo-lbben-feb.de\/wp-content\/uploads\/2013\/11\/DSC03203--150x150.jpg\" alt=\"DSC03203\" width=\"150\" height=\"150\" \/><\/a><\/p>\n<p style=\"text-align: center;\" align=\"JUSTIFY\">Zur gleichen Zeit auf Matte 4, Max k\u00e4mpfte und wie, die ersten beiden K\u00e4mpfe souver\u00e4n gewonnen, dass Finale war erreicht. In diesem Finale konnte sich Max nicht durchsetzen und verlor, aber auch hier wurde \u00fcber seine Silbermedaille gejubelt.<\/p>\n<p style=\"text-align: center;\" align=\"JUSTIFY\"><a href=\"https:\/\/xn--judo-lbben-feb.de\/wp-content\/uploads\/2013\/11\/DSC03195-.jpg\"><img loading=\"lazy\" decoding=\"async\" class=\"alignnone size-thumbnail wp-image-2945\" src=\"https:\/\/xn--judo-lbben-feb.de\/wp-content\/uploads\/2013\/11\/DSC03195--150x150.jpg\" alt=\"DSC03195\" width=\"150\" height=\"150\" \/><\/a> <a href=\"https:\/\/xn--judo-lbben-feb.de\/wp-content\/uploads\/2013\/11\/DSC03199-.jpg\"><img loading=\"lazy\" decoding=\"async\" class=\"alignnone size-thumbnail wp-image-2946\" src=\"https:\/\/xn--judo-lbben-feb.de\/wp-content\/uploads\/2013\/11\/DSC03199--150x150.jpg\" alt=\"DSC03199\" width=\"150\" height=\"150\" \/><\/a> <a href=\"https:\/\/xn--judo-lbben-feb.de\/wp-content\/uploads\/2013\/11\/DSC03201-.jpg\"><img loading=\"lazy\" decoding=\"async\" class=\"alignnone size-thumbnail wp-image-2947\" src=\"https:\/\/xn--judo-lbben-feb.de\/wp-content\/uploads\/2013\/11\/DSC03201--150x150.jpg\" alt=\"DSC03201\" width=\"150\" height=\"150\" \/><\/a><\/p>\n<p style=\"text-align: center;\" align=\"JUSTIFY\"><a href=\"https:\/\/xn--judo-lbben-feb.de\/wp-content\/uploads\/2013\/11\/DSC03243-.jpg\"><img loading=\"lazy\" decoding=\"async\" class=\"alignnone size-medium wp-image-2948\" src=\"https:\/\/xn--judo-lbben-feb.de\/wp-content\/uploads\/2013\/11\/DSC03243--300x225.jpg\" alt=\"DSC03243\" width=\"300\" height=\"225\" \/><\/a><\/p>\n<p style=\"text-align: center;\" align=\"JUSTIFY\">In der U13 w bis 36kg traten 4 Judoka an, mit Anne, Lea und Miriam leider gleich drei aus unserem Verein. Zun\u00e4chst gewann Miriam den ersten Kampf gegen Lea, im n\u00e4chsten Kampf verlor Anne gegen die sp\u00e4tere Siegerin aus Polen. Vereinsintern ging es weiter, Anne gewann gegen Lea, im weitern Verlauf verlor Miriam gegen die Polin. Miriam gewann dann gegen Anne und die polnische Judoka setzte ihre Siegesserie gegen Lea fort. Zum Ende holte somit Miriam Silber sowie Anne und Lea Bronze.<\/p>\n<p style=\"text-align: center;\" align=\"JUSTIFY\"><a href=\"https:\/\/xn--judo-lbben-feb.de\/wp-content\/uploads\/2013\/11\/DSC03208-.jpg\"><img loading=\"lazy\" decoding=\"async\" class=\"alignnone size-thumbnail wp-image-2950\" src=\"https:\/\/xn--judo-lbben-feb.de\/wp-content\/uploads\/2013\/11\/DSC03208--150x150.jpg\" alt=\"DSC03208\" width=\"150\" height=\"150\" \/><\/a> <a href=\"https:\/\/xn--judo-lbben-feb.de\/wp-content\/uploads\/2013\/11\/DSC03221-.jpg\"><img loading=\"lazy\" decoding=\"async\" class=\"alignnone size-thumbnail wp-image-2951\" src=\"https:\/\/xn--judo-lbben-feb.de\/wp-content\/uploads\/2013\/11\/DSC03221--150x150.jpg\" alt=\"DSC03221\" width=\"150\" height=\"150\" \/><\/a><\/p>\n<p style=\"text-align: center;\" align=\"JUSTIFY\">Vor der ersten gro\u00dfen Pause im Turnier stieg Sarah in das Wettkampfgeschehen ein, den ersten Kampf konnte sie noch gewinnen, die beiden weiteren gingen gegen starke Gegnerinnen verloren, am Ende reichte es zu Platz 3.<\/p>\n<p style=\"text-align: center;\" align=\"JUSTIFY\"><a href=\"https:\/\/xn--judo-lbben-feb.de\/wp-content\/uploads\/2013\/11\/DSC03225-.jpg\"><img loading=\"lazy\" decoding=\"async\" class=\"alignnone size-thumbnail wp-image-2953\" src=\"https:\/\/xn--judo-lbben-feb.de\/wp-content\/uploads\/2013\/11\/DSC03225--150x150.jpg\" alt=\"DSC03225\" width=\"150\" height=\"150\" \/><\/a> <a href=\"https:\/\/xn--judo-lbben-feb.de\/wp-content\/uploads\/2013\/11\/DSC03229-.jpg\"><img loading=\"lazy\" decoding=\"async\" class=\"alignnone size-thumbnail wp-image-2954\" src=\"https:\/\/xn--judo-lbben-feb.de\/wp-content\/uploads\/2013\/11\/DSC03229--150x150.jpg\" alt=\"DSC03229\" width=\"150\" height=\"150\" \/><\/a><\/p>\n<p style=\"text-align: center;\" align=\"JUSTIFY\">Gegen 14:30 Uhr wurden die ersten Siegerehrungen vorgenommen.<\/p>\n<p style=\"text-align: center;\" align=\"JUSTIFY\"><a href=\"https:\/\/xn--judo-lbben-feb.de\/wp-content\/uploads\/2013\/11\/DSC03250-.jpg\"><img loading=\"lazy\" decoding=\"async\" class=\"alignnone size-medium wp-image-2956\" src=\"https:\/\/xn--judo-lbben-feb.de\/wp-content\/uploads\/2013\/11\/DSC03250--300x225.jpg\" alt=\"DSC03250\" width=\"300\" height=\"225\" \/><\/a><\/p>\n<p style=\"text-align: center;\" align=\"JUSTIFY\">Nach langer Wartezeit ging es erst um 15:45 Uhr mit den K\u00e4mpfen weiter. Angelina ging zuerst an den Start, 2 K\u00e4mpfe = 2 verloren, leider nur Platz 5 f\u00fcr Angelina.<\/p>\n<p style=\"text-align: center;\" align=\"JUSTIFY\"><a href=\"https:\/\/xn--judo-lbben-feb.de\/wp-content\/uploads\/2013\/11\/P1010048-.jpg\"><img loading=\"lazy\" decoding=\"async\" class=\"alignnone size-medium wp-image-2957\" src=\"https:\/\/xn--judo-lbben-feb.de\/wp-content\/uploads\/2013\/11\/P1010048--300x225.jpg\" alt=\"P1010048\" width=\"300\" height=\"225\" \/><\/a><\/p>\n<p style=\"text-align: center;\" align=\"JUSTIFY\">Noch etwas sp\u00e4ter konnten nun auch Fabian, Lucian und Leon auf die Matte. Fabian bestritt 4 K\u00e4mpfe, dabei 2 gewonnen und 2 verloren, f\u00fcr Fabian gab es Bronze. Lucian hatte ebenfalls 4 K\u00e4mpfe, leider konnte er davon nur einen gewinnen, aber es reichte noch f\u00fcr die bronzene Medaille. Und Leon, 2 K\u00e4mpfe, beide gewonnen, die 2 Goldmedaille des Tages war perfekt. SUPER Leon!<\/p>\n<p style=\"text-align: center;\" align=\"JUSTIFY\"><a href=\"https:\/\/xn--judo-lbben-feb.de\/wp-content\/uploads\/2013\/11\/P1010033-.jpg\"><img loading=\"lazy\" decoding=\"async\" class=\"alignnone size-thumbnail wp-image-2958\" src=\"https:\/\/xn--judo-lbben-feb.de\/wp-content\/uploads\/2013\/11\/P1010033--150x150.jpg\" alt=\"P1010033\" width=\"150\" height=\"150\" \/><\/a> <a href=\"https:\/\/xn--judo-lbben-feb.de\/wp-content\/uploads\/2013\/11\/P1010034-.jpg\"><img loading=\"lazy\" decoding=\"async\" class=\"alignnone size-thumbnail wp-image-2959\" src=\"https:\/\/xn--judo-lbben-feb.de\/wp-content\/uploads\/2013\/11\/P1010034--150x150.jpg\" alt=\"P1010034\" width=\"150\" height=\"150\" \/><\/a><\/p>\n<p style=\"text-align: center;\" align=\"JUSTIFY\"><a href=\"https:\/\/xn--judo-lbben-feb.de\/wp-content\/uploads\/2013\/11\/P1010035-.jpg\"><img loading=\"lazy\" decoding=\"async\" class=\"alignnone size-thumbnail wp-image-2960\" src=\"https:\/\/xn--judo-lbben-feb.de\/wp-content\/uploads\/2013\/11\/P1010035--150x150.jpg\" alt=\"P1010035\" width=\"150\" height=\"150\" \/><\/a> <a href=\"https:\/\/xn--judo-lbben-feb.de\/wp-content\/uploads\/2013\/11\/P1010040-.jpg\"><img loading=\"lazy\" decoding=\"async\" class=\"alignnone size-thumbnail wp-image-2961\" src=\"https:\/\/xn--judo-lbben-feb.de\/wp-content\/uploads\/2013\/11\/P1010040--150x150.jpg\" alt=\"P1010040\" width=\"150\" height=\"150\" \/><\/a><\/p>\n<p style=\"text-align: center;\" align=\"JUSTIFY\">Zum Schluss noch ein gro\u00dfes Lob an Jakob, der diesen ganzen Tag tadellos als Kampfrichter im Einsatz war, das war bestimmt nicht einfach.<\/p>\n<p style=\"text-align: center;\" align=\"JUSTIFY\"><a href=\"https:\/\/xn--judo-lbben-feb.de\/wp-content\/uploads\/2013\/11\/DSC03137-.jpg\"><img loading=\"lazy\" decoding=\"async\" class=\"alignnone size-medium wp-image-2963\" src=\"https:\/\/xn--judo-lbben-feb.de\/wp-content\/uploads\/2013\/11\/DSC03137--300x225.jpg\" alt=\"DSC03137\" width=\"300\" height=\"225\" \/><\/a><\/p>\n","protected":false},"excerpt":{"rendered":"<p>In dem vom Ausrichter HSV Cottbus durchgef\u00fchrten Turnier in der Sporthalle der Universit\u00e4t Cottbus trafen sich 24 Vereine mit 239 (davon 17 aus L\u00fcbben) Startern in den Altersklassen U 9, U 11, U 13 und U 15. Neben Vereinen aus Berlin, Sachen und Brandenburg waren auch vier polnische Vereine angereist. Auf vier Matten konnten die [&hellip;]<\/p>\n","protected":false},"author":1,"featured_media":4352,"comment_status":"closed","ping_status":"open","sticky":false,"template":"","format":"standard","meta":{"_et_pb_use_builder":"","_et_pb_old_content":"","_et_gb_content_width":"","footnotes":""},"categories":[2],"tags":[],"class_list":["post-2902","post","type-post","status-publish","format-standard","has-post-thumbnail","hentry","category-news"],"_links":{"self":[{"href":"https:\/\/xn--judo-lbben-feb.de\/index.php?rest_route=\/wp\/v2\/posts\/2902","targetHints":{"allow":["GET"]}}],"collection":[{"href":"https:\/\/xn--judo-lbben-feb.de\/index.php?rest_route=\/wp\/v2\/posts"}],"about":[{"href":"https:\/\/xn--judo-lbben-feb.de\/index.php?rest_route=\/wp\/v2\/types\/post"}],"author":[{"embeddable":true,"href":"https:\/\/xn--judo-lbben-feb.de\/index.php?rest_route=\/wp\/v2\/users\/1"}],"replies":[{"embeddable":true,"href":"https:\/\/xn--judo-lbben-feb.de\/index.php?rest_route=%2Fwp%2Fv2%2Fcomments&post=2902"}],"version-history":[{"count":0,"href":"https:\/\/xn--judo-lbben-feb.de\/index.php?rest_route=\/wp\/v2\/posts\/2902\/revisions"}],"wp:featuredmedia":[{"embeddable":true,"href":"https:\/\/xn--judo-lbben-feb.de\/index.php?rest_route=\/"}],"wp:attachment":[{"href":"https:\/\/xn--judo-lbben-feb.de\/index.php?rest_route=%2Fwp%2Fv2%2Fmedia&parent=2902"}],"wp:term":[{"taxonomy":"category","embeddable":true,"href":"https:\/\/xn--judo-lbben-feb.de\/index.php?rest_route=%2Fwp%2Fv2%2Fcategories&post=2902"},{"taxonomy":"post_tag","embeddable":true,"href":"https:\/\/xn--judo-lbben-feb.de\/index.php?rest_route=%2Fwp%2Fv2%2Ftags&post=2902"}],"curies":[{"name":"wp","href":"https:\/\/api.w.org\/{rel}","templated":true}]}}