{"id":2676,"date":"2013-11-03T21:13:09","date_gmt":"2013-11-03T20:13:09","guid":{"rendered":"http:\/\/xn--judo-lbben-feb.de\/?p=2676"},"modified":"2013-11-03T21:13:09","modified_gmt":"2013-11-03T20:13:09","slug":"internationaler-kodokan-cup-berlin-u12","status":"publish","type":"post","link":"https:\/\/xn--judo-lbben-feb.de\/?p=2676","title":{"rendered":"Internationaler Kodokan-Cup Berlin U12"},"content":{"rendered":"<p>Am Sonntag dem 3. November 2013 reisten Miriam und Sarah zum internationalen Kodokan-Cup, das gleichzeitig auch als Sichtungsturnier des Berliner Verbandes durchgef\u00fchrt wurde, nach Berlin-Neu-K\u00f6ln. Beide k\u00e4mpften im doppelten Ko-System. Durch Losgl\u00fcck und \u00fcberzeugenden Auftaktsiegen mit Ippon, standen die M\u00e4dchen in der 2. Runde schon im Halbfinale. Miriam die als erste um den Einzug ins Finale auf die Matte musste, tat sich schwer und verlor mit 1:2 im Hantei gegen die sp\u00e4tere Siegerin in dieser Gewichtsklasse. Dann war Sarah dran. Nach anf\u00e4nglichen abtasten, zog sie eine Seoi-Nage-Technik durch und stand im Finale. Dort geriet sie mit Yuko in R\u00fcckstand. Trotz Steigerung erzielte Sarah keine Wertung mehr und wurde somit zweite in der Klasse bis 30kg. Miriam die nun im kleinen Finale stand, begann mit einem Wazari, wurde dann aber zu passiv und musste einen Yuko einstecken. Trotzdem rette sie die F\u00fchrung \u00fcber die Zeit und holte Bronze in der Klasse bis 33kg!<\/p>\n<p><a href=\"https:\/\/xn--judo-lbben-feb.de\/wp-content\/uploads\/2013\/11\/P1000911-.jpg\">\u00a0 \u00a0 \u00a0 \u00a0\u00a0 \u00a0 \u00a0 <img loading=\"lazy\" decoding=\"async\" class=\"alignnone size-thumbnail wp-image-2678\" src=\"https:\/\/xn--judo-lbben-feb.de\/wp-content\/uploads\/2013\/11\/P1000911--150x150.jpg\" alt=\"P1000911\" width=\"150\" height=\"150\" \/><\/a> \u00a0 \u00a0 \u00a0 <a href=\"https:\/\/xn--judo-lbben-feb.de\/wp-content\/uploads\/2013\/11\/P1000914-.jpg\"><img loading=\"lazy\" decoding=\"async\" class=\"alignnone size-thumbnail wp-image-2679\" src=\"https:\/\/xn--judo-lbben-feb.de\/wp-content\/uploads\/2013\/11\/P1000914--150x150.jpg\" alt=\"P1000914\" width=\"150\" height=\"150\" \/><\/a> \u00a0 \u00a0 \u00a0 <a href=\"https:\/\/xn--judo-lbben-feb.de\/wp-content\/uploads\/2013\/11\/P1000916-.jpg\"><img loading=\"lazy\" decoding=\"async\" class=\"alignnone size-thumbnail wp-image-2680\" src=\"https:\/\/xn--judo-lbben-feb.de\/wp-content\/uploads\/2013\/11\/P1000916--150x150.jpg\" alt=\"P1000916\" width=\"150\" height=\"150\" \/><\/a><\/p>\n<p><a href=\"https:\/\/xn--judo-lbben-feb.de\/wp-content\/uploads\/2013\/11\/P1000918-.jpg\">\u00a0\u00a0\u00a0 \u00a0\u00a0 \u00a0 \u00a0\u00a0\u00a0 <img loading=\"lazy\" decoding=\"async\" class=\"alignnone size-thumbnail wp-image-2681\" src=\"https:\/\/xn--judo-lbben-feb.de\/wp-content\/uploads\/2013\/11\/P1000918--150x150.jpg\" alt=\"P1000918\" width=\"150\" height=\"150\" \/><\/a> \u00a0 \u00a0 \u00a0 <a href=\"https:\/\/xn--judo-lbben-feb.de\/wp-content\/uploads\/2013\/11\/P1000923-.jpg\"><img loading=\"lazy\" decoding=\"async\" class=\"alignnone size-thumbnail wp-image-2682\" src=\"https:\/\/xn--judo-lbben-feb.de\/wp-content\/uploads\/2013\/11\/P1000923--150x150.jpg\" alt=\"P1000923\" width=\"150\" height=\"150\" \/><\/a> \u00a0 \u00a0 \u00a0 <a href=\"https:\/\/xn--judo-lbben-feb.de\/wp-content\/uploads\/2013\/11\/P1000934-.jpg\"><img loading=\"lazy\" decoding=\"async\" class=\"alignnone size-thumbnail wp-image-2677\" src=\"https:\/\/xn--judo-lbben-feb.de\/wp-content\/uploads\/2013\/11\/P1000934--150x150.jpg\" alt=\"P1000934\" width=\"150\" height=\"150\" \/>\u00a0<\/a><\/p>\n<p><a href=\"https:\/\/xn--judo-lbben-feb.de\/wp-content\/uploads\/2013\/11\/P1000953-.jpg\">\u00a0 \u00a0 \u00a0 \u00a0\u00a0 \u00a0 \u00a0 <img loading=\"lazy\" decoding=\"async\" class=\"alignnone size-thumbnail wp-image-2683\" src=\"https:\/\/xn--judo-lbben-feb.de\/wp-content\/uploads\/2013\/11\/P1000953--150x150.jpg\" alt=\"P1000953\" width=\"150\" height=\"150\" \/><\/a> \u00a0 \u00a0 \u00a0 <a href=\"https:\/\/xn--judo-lbben-feb.de\/wp-content\/uploads\/2013\/11\/P1000958-.jpg\"><img loading=\"lazy\" decoding=\"async\" class=\"alignnone size-thumbnail wp-image-2684\" src=\"https:\/\/xn--judo-lbben-feb.de\/wp-content\/uploads\/2013\/11\/P1000958--150x150.jpg\" alt=\"P1000958\" width=\"150\" height=\"150\" \/><\/a> \u00a0 \u00a0 \u00a0 <a href=\"https:\/\/xn--judo-lbben-feb.de\/wp-content\/uploads\/2013\/11\/P1000963-.jpg\"><img loading=\"lazy\" decoding=\"async\" class=\"alignnone size-thumbnail wp-image-2685\" src=\"https:\/\/xn--judo-lbben-feb.de\/wp-content\/uploads\/2013\/11\/P1000963--150x150.jpg\" alt=\"P1000963\" width=\"150\" height=\"150\" \/><\/a><\/p>\n","protected":false},"excerpt":{"rendered":"<p>Am Sonntag dem 3. November 2013 reisten Miriam und Sarah zum internationalen Kodokan-Cup, das gleichzeitig auch als Sichtungsturnier des Berliner Verbandes durchgef\u00fchrt wurde, nach Berlin-Neu-K\u00f6ln. Beide k\u00e4mpften im doppelten Ko-System. Durch Losgl\u00fcck und \u00fcberzeugenden Auftaktsiegen mit Ippon, standen die M\u00e4dchen in der 2. Runde schon im Halbfinale. Miriam die als erste um den Einzug ins [&hellip;]<\/p>\n","protected":false},"author":1,"featured_media":4356,"comment_status":"closed","ping_status":"open","sticky":false,"template":"","format":"standard","meta":{"_et_pb_use_builder":"","_et_pb_old_content":"","_et_gb_content_width":"","footnotes":""},"categories":[2],"tags":[],"class_list":["post-2676","post","type-post","status-publish","format-standard","has-post-thumbnail","hentry","category-news"],"_links":{"self":[{"href":"https:\/\/xn--judo-lbben-feb.de\/index.php?rest_route=\/wp\/v2\/posts\/2676","targetHints":{"allow":["GET"]}}],"collection":[{"href":"https:\/\/xn--judo-lbben-feb.de\/index.php?rest_route=\/wp\/v2\/posts"}],"about":[{"href":"https:\/\/xn--judo-lbben-feb.de\/index.php?rest_route=\/wp\/v2\/types\/post"}],"author":[{"embeddable":true,"href":"https:\/\/xn--judo-lbben-feb.de\/index.php?rest_route=\/wp\/v2\/users\/1"}],"replies":[{"embeddable":true,"href":"https:\/\/xn--judo-lbben-feb.de\/index.php?rest_route=%2Fwp%2Fv2%2Fcomments&post=2676"}],"version-history":[{"count":0,"href":"https:\/\/xn--judo-lbben-feb.de\/index.php?rest_route=\/wp\/v2\/posts\/2676\/revisions"}],"wp:featuredmedia":[{"embeddable":true,"href":"https:\/\/xn--judo-lbben-feb.de\/index.php?rest_route=\/"}],"wp:attachment":[{"href":"https:\/\/xn--judo-lbben-feb.de\/index.php?rest_route=%2Fwp%2Fv2%2Fmedia&parent=2676"}],"wp:term":[{"taxonomy":"category","embeddable":true,"href":"https:\/\/xn--judo-lbben-feb.de\/index.php?rest_route=%2Fwp%2Fv2%2Fcategories&post=2676"},{"taxonomy":"post_tag","embeddable":true,"href":"https:\/\/xn--judo-lbben-feb.de\/index.php?rest_route=%2Fwp%2Fv2%2Ftags&post=2676"}],"curies":[{"name":"wp","href":"https:\/\/api.w.org\/{rel}","templated":true}]}}