{"id":2525,"date":"2013-10-19T18:12:33","date_gmt":"2013-10-19T18:12:33","guid":{"rendered":"http:\/\/xn--judo-lbben-feb.de\/?p=2525"},"modified":"2013-10-19T18:12:33","modified_gmt":"2013-10-19T18:12:33","slug":"mammut-cup-in-spremberg","status":"publish","type":"post","link":"https:\/\/xn--judo-lbben-feb.de\/?p=2525","title":{"rendered":"Mammut Cup in Spremberg"},"content":{"rendered":"<p style=\"text-align: center;\">Samstag morgen 08:00 Uhr am Treffpunkt waren leider nicht alle geplanten Sportler anwesend. Mit -7- Sportlern und Jakob Liesegang als Kampfrichter ging es los.<\/p>\n<p style=\"text-align: center;\">\u00a0<a href=\"https:\/\/xn--judo-lbben-feb.de\/wp-content\/uploads\/2013\/10\/DSC02912-.jpg\"><img loading=\"lazy\" decoding=\"async\" class=\"alignnone size-thumbnail wp-image-2530\" src=\"https:\/\/xn--judo-lbben-feb.de\/wp-content\/uploads\/2013\/10\/DSC02912--150x150.jpg\" alt=\"DSC02912\" width=\"150\" height=\"150\" \/><\/a> <a href=\"https:\/\/xn--judo-lbben-feb.de\/wp-content\/uploads\/2013\/10\/DSC02914-.jpg\"><img loading=\"lazy\" decoding=\"async\" class=\"alignnone size-thumbnail wp-image-2531\" src=\"https:\/\/xn--judo-lbben-feb.de\/wp-content\/uploads\/2013\/10\/DSC02914--150x150.jpg\" alt=\"DSC02914\" width=\"150\" height=\"150\" \/><\/a> <a href=\"https:\/\/xn--judo-lbben-feb.de\/wp-content\/uploads\/2013\/10\/DSC02915-.jpg\"><img loading=\"lazy\" decoding=\"async\" class=\"alignnone size-thumbnail wp-image-2532\" src=\"https:\/\/xn--judo-lbben-feb.de\/wp-content\/uploads\/2013\/10\/DSC02915--150x150.jpg\" alt=\"DSC02915\" width=\"150\" height=\"150\" \/><\/a> <a href=\"https:\/\/xn--judo-lbben-feb.de\/wp-content\/uploads\/2013\/10\/DSC02916-.jpg\"><img loading=\"lazy\" decoding=\"async\" class=\"alignnone size-thumbnail wp-image-2533\" src=\"https:\/\/xn--judo-lbben-feb.de\/wp-content\/uploads\/2013\/10\/DSC02916--150x150.jpg\" alt=\"DSC02916\" width=\"150\" height=\"150\" \/><\/a> <a href=\"https:\/\/xn--judo-lbben-feb.de\/wp-content\/uploads\/2013\/10\/DSC02918-.jpg\"><img loading=\"lazy\" decoding=\"async\" class=\"alignnone size-thumbnail wp-image-2534\" src=\"https:\/\/xn--judo-lbben-feb.de\/wp-content\/uploads\/2013\/10\/DSC02918--150x150.jpg\" alt=\"DSC02918\" width=\"150\" height=\"150\" \/><\/a><\/p>\n<div style=\"text-align: center;\">Der Mammut Cup wird vom Spielwarenhersteller Mammut gesponsert. Als Preise standen f\u00fcr jeden Teilnehmer Mal- und Bastelsachen in Aussicht. Ca. -120- Kinder aus -15- Vereinen standen am Start. Darunter auch -4- Vereine aus Tschechien.<\/div>\n<p style=\"text-align: center;\">\u00a0<a href=\"https:\/\/xn--judo-lbben-feb.de\/wp-content\/uploads\/2013\/10\/DSC02919-.jpg\"><img loading=\"lazy\" decoding=\"async\" class=\"alignnone size-thumbnail wp-image-2536\" src=\"https:\/\/xn--judo-lbben-feb.de\/wp-content\/uploads\/2013\/10\/DSC02919--150x150.jpg\" alt=\"DSC02919\" width=\"150\" height=\"150\" \/><\/a> <a href=\"https:\/\/xn--judo-lbben-feb.de\/wp-content\/uploads\/2013\/10\/DSC02920-.jpg\"><img loading=\"lazy\" decoding=\"async\" class=\"alignnone size-thumbnail wp-image-2537\" src=\"https:\/\/xn--judo-lbben-feb.de\/wp-content\/uploads\/2013\/10\/DSC02920--150x150.jpg\" alt=\"DSC02920\" width=\"150\" height=\"150\" \/><\/a> <a href=\"https:\/\/xn--judo-lbben-feb.de\/wp-content\/uploads\/2013\/10\/DSC02921-.jpg\"><img loading=\"lazy\" decoding=\"async\" class=\"alignnone size-thumbnail wp-image-2538\" src=\"https:\/\/xn--judo-lbben-feb.de\/wp-content\/uploads\/2013\/10\/DSC02921--150x150.jpg\" alt=\"DSC02921\" width=\"150\" height=\"150\" \/><\/a> <a href=\"https:\/\/xn--judo-lbben-feb.de\/wp-content\/uploads\/2013\/10\/DSC02922-.jpg\"><img loading=\"lazy\" decoding=\"async\" class=\"alignnone size-thumbnail wp-image-2539\" src=\"https:\/\/xn--judo-lbben-feb.de\/wp-content\/uploads\/2013\/10\/DSC02922--150x150.jpg\" alt=\"DSC02922\" width=\"150\" height=\"150\" \/><\/a> <a href=\"https:\/\/xn--judo-lbben-feb.de\/wp-content\/uploads\/2013\/10\/DSC02923-.jpg\"><img loading=\"lazy\" decoding=\"async\" class=\"alignnone size-thumbnail wp-image-2540\" src=\"https:\/\/xn--judo-lbben-feb.de\/wp-content\/uploads\/2013\/10\/DSC02923--150x150.jpg\" alt=\"DSC02923\" width=\"150\" height=\"150\" \/><\/a><\/p>\n<div style=\"text-align: center;\">Die K\u00e4mpfe begannen p\u00fcnktlich um 10:00 Uhr. Es k\u00e4mpften je -4- gewichtsnahe Judoka in einer Liste. Die jeweils 1. und 2. k\u00e4mpften in Freundschaftsk\u00e4mpfen gewichtsnah anschlie\u00dfend gegeneinander. So konnten alle Teilnehmer Kampferfahrung sammeln.<\/div>\n<p style=\"text-align: center;\">\u00a0<a href=\"https:\/\/xn--judo-lbben-feb.de\/wp-content\/uploads\/2013\/10\/DSC02924-.jpg\"><img loading=\"lazy\" decoding=\"async\" class=\"alignnone size-thumbnail wp-image-2542\" src=\"https:\/\/xn--judo-lbben-feb.de\/wp-content\/uploads\/2013\/10\/DSC02924--150x150.jpg\" alt=\"DSC02924\" width=\"150\" height=\"150\" \/><\/a> <a href=\"https:\/\/xn--judo-lbben-feb.de\/wp-content\/uploads\/2013\/10\/DSC02925-.jpg\"><img loading=\"lazy\" decoding=\"async\" class=\"alignnone size-thumbnail wp-image-2543\" src=\"https:\/\/xn--judo-lbben-feb.de\/wp-content\/uploads\/2013\/10\/DSC02925--150x150.jpg\" alt=\"DSC02925\" width=\"150\" height=\"150\" \/> <\/a><a href=\"https:\/\/xn--judo-lbben-feb.de\/wp-content\/uploads\/2013\/10\/DSC02926-.jpg\"><img loading=\"lazy\" decoding=\"async\" class=\"alignnone size-thumbnail wp-image-2544\" src=\"https:\/\/xn--judo-lbben-feb.de\/wp-content\/uploads\/2013\/10\/DSC02926--150x150.jpg\" alt=\"DSC02926\" width=\"150\" height=\"150\" \/><\/a> <a href=\"https:\/\/xn--judo-lbben-feb.de\/wp-content\/uploads\/2013\/10\/DSC02927-.jpg\"><img loading=\"lazy\" decoding=\"async\" class=\"alignnone size-thumbnail wp-image-2545\" src=\"https:\/\/xn--judo-lbben-feb.de\/wp-content\/uploads\/2013\/10\/DSC02927--150x150.jpg\" alt=\"DSC02927\" width=\"150\" height=\"150\" \/><\/a> <a href=\"https:\/\/xn--judo-lbben-feb.de\/wp-content\/uploads\/2013\/10\/DSC02928-.jpg\"><img loading=\"lazy\" decoding=\"async\" class=\"alignnone size-thumbnail wp-image-2547\" src=\"https:\/\/xn--judo-lbben-feb.de\/wp-content\/uploads\/2013\/10\/DSC02928--150x150.jpg\" alt=\"DSC02928\" width=\"150\" height=\"150\" \/><\/a> <a href=\"https:\/\/xn--judo-lbben-feb.de\/wp-content\/uploads\/2013\/10\/DSC02929-.jpg\"><img loading=\"lazy\" decoding=\"async\" class=\"alignnone size-thumbnail wp-image-2548\" src=\"https:\/\/xn--judo-lbben-feb.de\/wp-content\/uploads\/2013\/10\/DSC02929--150x150.jpg\" alt=\"DSC02929\" width=\"150\" height=\"150\" \/><\/a><\/p>\n<div style=\"text-align: center;\">Melissa konnte in der U9 bis 24kg leider nur einen Kampf f\u00fcr sich entscheiden und wurde damit 3.. Nach den erfolgreichen K\u00e4mpfen der letzten Tuniere war sie damit nicht zufrieden. Elisa trat bis 26kg in der U9 an. Souver\u00e4n gewann sie alle drei K\u00e4mpfe. Anschlie\u00dfend trat sie gegen die 1. und 2. von der parallelen Liste in Freundschaftsk\u00e4mpfen an. Auch diese gewann sie \u00fcberlegen. Sie wurde damit 1. in der U9 bis 26kg.<\/div>\n<p style=\"text-align: center;\">\u00a0<a href=\"https:\/\/xn--judo-lbben-feb.de\/wp-content\/uploads\/2013\/10\/DSC02930-.jpg\"><img loading=\"lazy\" decoding=\"async\" class=\"alignnone size-thumbnail wp-image-2550\" src=\"https:\/\/xn--judo-lbben-feb.de\/wp-content\/uploads\/2013\/10\/DSC02930--150x150.jpg\" alt=\"DSC02930\" width=\"150\" height=\"150\" \/><\/a> <a href=\"https:\/\/xn--judo-lbben-feb.de\/wp-content\/uploads\/2013\/10\/DSC02932-.jpg\"><img loading=\"lazy\" decoding=\"async\" class=\"alignnone size-thumbnail wp-image-2551\" src=\"https:\/\/xn--judo-lbben-feb.de\/wp-content\/uploads\/2013\/10\/DSC02932--150x150.jpg\" alt=\"DSC02932\" width=\"150\" height=\"150\" \/><\/a> <a href=\"https:\/\/xn--judo-lbben-feb.de\/wp-content\/uploads\/2013\/10\/DSC02937-.jpg\"><img loading=\"lazy\" decoding=\"async\" class=\"alignnone size-thumbnail wp-image-2553\" src=\"https:\/\/xn--judo-lbben-feb.de\/wp-content\/uploads\/2013\/10\/DSC02937--150x150.jpg\" alt=\"DSC02937\" width=\"150\" height=\"150\" \/><\/a><\/p>\n<div style=\"text-align: center;\">Nach den K\u00e4mpfen der M\u00e4dchen startete Paul. Er musste sich nur einmal geschlagen geben und wurde 2..<\/div>\n<p style=\"text-align: center;\">Matthew und Dominik starteten in einer Liste. Bereits vor dem Wettk\u00e4mpf zog sich Matthew ein dickes H\u00f6rnchen zu. Er war nicht in seiner besten Form. Dennoch gewann er zweimal und wurde damit 2. in der U9 bis 33kg. F\u00fcr Dominik war es sein erstes Tunier. Gegen Matthew mit seiner Kampferfahrung konnte er nicht gewinnen. Leider musste er auch seinen 2. Kampf verloren geben. Aber in seinem 3. Kampf setzte er sich mit einer sch\u00f6nen Festhaltetechnik durch. Dominik wurde damit 3.<\/p>\n<p style=\"text-align: center;\">Max und Igor k\u00e4mpften in der U11 bis 36kg, jeder auf einer anderen Liste. Igor hatte in seinem 1. Kampf das Quentchen Gl\u00fcck, was eben auch dazu geh\u00f6rt. Seine weiteren K\u00e4mpfe gewann er gewohnt souver\u00e4n und wurde. 1. in der U11 bis 36kg. Anschlie\u00dfen gewann er auch die Freundschaftsk\u00e4mpfe gegen den 1. und 2. der Parallelliste. Max war heute gar nicht bei der Sache. Ihm fehlte der n\u00f6tige Ernst. Er konnte nur einen Kampf gewinnen. Damit 3. Platz in der U11 bis 36kg.<\/p>\n<p style=\"text-align: center;\">F\u00fcr Jakob war der Tag anstrengend. Leider waren zu Beginn nur -4- Kampfrichter anwesend. Ab Mittag wurden sie durch -2- weitere Kollegen verst\u00e4rkt, sodass auch mal eine Pause f\u00fcr ihn drin war.<\/p>\n<p style=\"text-align: center;\">P\u00fcnktlich 14:00 Uhr standen alle f\u00fcr die ersehnte Siegerehrung bereit und nahmen neben Medailien die Geschenke entgegen. Mit -31- Punkten wurden wir 4. in der Mannschaftswertung. Stolz nahm Elisa den Pokal entgegen.<\/p>\n<p style=\"text-align: center;\"><a href=\"https:\/\/xn--judo-lbben-feb.de\/wp-content\/uploads\/2013\/10\/DSC02935-.jpg\"><img loading=\"lazy\" decoding=\"async\" class=\"alignnone size-thumbnail wp-image-2552\" src=\"https:\/\/xn--judo-lbben-feb.de\/wp-content\/uploads\/2013\/10\/DSC02935--150x150.jpg\" alt=\"DSC02935\" width=\"150\" height=\"150\" \/><\/a> <a href=\"https:\/\/xn--judo-lbben-feb.de\/wp-content\/uploads\/2013\/10\/DSC02939-.jpg\"><img loading=\"lazy\" decoding=\"async\" class=\"alignnone size-thumbnail wp-image-2554\" src=\"https:\/\/xn--judo-lbben-feb.de\/wp-content\/uploads\/2013\/10\/DSC02939--150x150.jpg\" alt=\"DSC02939\" width=\"150\" height=\"150\" \/><\/a> <a href=\"https:\/\/xn--judo-lbben-feb.de\/wp-content\/uploads\/2013\/10\/DSC02940-.jpg\"><img loading=\"lazy\" decoding=\"async\" class=\"alignnone size-thumbnail wp-image-2555\" src=\"https:\/\/xn--judo-lbben-feb.de\/wp-content\/uploads\/2013\/10\/DSC02940--150x150.jpg\" alt=\"DSC02940\" width=\"150\" height=\"150\" \/><\/a><\/p>\n<p style=\"text-align: center;\"><a href=\"https:\/\/xn--judo-lbben-feb.de\/wp-content\/uploads\/2013\/10\/DSC02941-.jpg\"><img loading=\"lazy\" decoding=\"async\" class=\"alignnone size-thumbnail wp-image-2556\" src=\"https:\/\/xn--judo-lbben-feb.de\/wp-content\/uploads\/2013\/10\/DSC02941--150x150.jpg\" alt=\"DSC02941\" width=\"150\" height=\"150\" \/><\/a> <a href=\"https:\/\/xn--judo-lbben-feb.de\/wp-content\/uploads\/2013\/10\/DSC02942-.jpg\"><img loading=\"lazy\" decoding=\"async\" class=\"alignnone size-thumbnail wp-image-2557\" src=\"https:\/\/xn--judo-lbben-feb.de\/wp-content\/uploads\/2013\/10\/DSC02942--150x150.jpg\" alt=\"DSC02942\" width=\"150\" height=\"150\" \/><\/a> <a href=\"https:\/\/xn--judo-lbben-feb.de\/wp-content\/uploads\/2013\/10\/DSC02943-.jpg\"><img loading=\"lazy\" decoding=\"async\" class=\"alignnone size-thumbnail wp-image-2558\" src=\"https:\/\/xn--judo-lbben-feb.de\/wp-content\/uploads\/2013\/10\/DSC02943--150x150.jpg\" alt=\"DSC02943\" width=\"150\" height=\"150\" \/><\/a> <a href=\"https:\/\/xn--judo-lbben-feb.de\/wp-content\/uploads\/2013\/10\/DSC02945-.jpg\"><img loading=\"lazy\" decoding=\"async\" class=\"alignnone size-thumbnail wp-image-2559\" src=\"https:\/\/xn--judo-lbben-feb.de\/wp-content\/uploads\/2013\/10\/DSC02945--150x150.jpg\" alt=\"DSC02945\" width=\"150\" height=\"150\" \/><\/a> <a href=\"https:\/\/xn--judo-lbben-feb.de\/wp-content\/uploads\/2013\/10\/DSC02946-.jpg\"><img loading=\"lazy\" decoding=\"async\" class=\"alignnone size-thumbnail wp-image-2560\" src=\"https:\/\/xn--judo-lbben-feb.de\/wp-content\/uploads\/2013\/10\/DSC02946--150x150.jpg\" alt=\"DSC02946\" width=\"150\" height=\"150\" \/><\/a> <a href=\"https:\/\/xn--judo-lbben-feb.de\/wp-content\/uploads\/2013\/10\/DSC02947-.jpg\"><img loading=\"lazy\" decoding=\"async\" class=\"alignnone size-thumbnail wp-image-2561\" src=\"https:\/\/xn--judo-lbben-feb.de\/wp-content\/uploads\/2013\/10\/DSC02947--150x150.jpg\" alt=\"DSC02947\" width=\"150\" height=\"150\" \/><\/a> <a href=\"https:\/\/xn--judo-lbben-feb.de\/wp-content\/uploads\/2013\/10\/DSC02948-.jpg\"><img loading=\"lazy\" decoding=\"async\" class=\"alignnone size-thumbnail wp-image-2562\" src=\"https:\/\/xn--judo-lbben-feb.de\/wp-content\/uploads\/2013\/10\/DSC02948--150x150.jpg\" alt=\"DSC02948\" width=\"150\" height=\"150\" \/><\/a> <a href=\"https:\/\/xn--judo-lbben-feb.de\/wp-content\/uploads\/2013\/10\/DSC02949-.jpg\"><img loading=\"lazy\" decoding=\"async\" class=\"alignnone size-thumbnail wp-image-2563\" src=\"https:\/\/xn--judo-lbben-feb.de\/wp-content\/uploads\/2013\/10\/DSC02949--150x150.jpg\" alt=\"DSC02949\" width=\"150\" height=\"150\" \/><\/a> <a href=\"https:\/\/xn--judo-lbben-feb.de\/wp-content\/uploads\/2013\/10\/DSC02950-.jpg\"><img loading=\"lazy\" decoding=\"async\" class=\"alignnone size-thumbnail wp-image-2564\" src=\"https:\/\/xn--judo-lbben-feb.de\/wp-content\/uploads\/2013\/10\/DSC02950--150x150.jpg\" alt=\"DSC02950\" width=\"150\" height=\"150\" \/><\/a> <a href=\"https:\/\/xn--judo-lbben-feb.de\/wp-content\/uploads\/2013\/10\/DSC02953-.jpg\"><img loading=\"lazy\" decoding=\"async\" class=\"alignnone size-thumbnail wp-image-2565\" src=\"https:\/\/xn--judo-lbben-feb.de\/wp-content\/uploads\/2013\/10\/DSC02953--150x150.jpg\" alt=\"DSC02953\" width=\"150\" height=\"150\" \/><\/a> <a href=\"https:\/\/xn--judo-lbben-feb.de\/wp-content\/uploads\/2013\/10\/DSC02954-.jpg\"><img loading=\"lazy\" decoding=\"async\" class=\"alignnone size-thumbnail wp-image-2566\" src=\"https:\/\/xn--judo-lbben-feb.de\/wp-content\/uploads\/2013\/10\/DSC02954--150x150.jpg\" alt=\"DSC02954\" width=\"150\" height=\"150\" \/><\/a> <a href=\"https:\/\/xn--judo-lbben-feb.de\/wp-content\/uploads\/2013\/10\/DSC02955-.jpg\"><img loading=\"lazy\" decoding=\"async\" class=\"alignnone size-thumbnail wp-image-2567\" src=\"https:\/\/xn--judo-lbben-feb.de\/wp-content\/uploads\/2013\/10\/DSC02955--150x150.jpg\" alt=\"DSC02955\" width=\"150\" height=\"150\" \/><\/a> <a href=\"https:\/\/xn--judo-lbben-feb.de\/wp-content\/uploads\/2013\/10\/DSC02958-.jpg\"><img loading=\"lazy\" decoding=\"async\" class=\"alignnone size-thumbnail wp-image-2568\" src=\"https:\/\/xn--judo-lbben-feb.de\/wp-content\/uploads\/2013\/10\/DSC02958--150x150.jpg\" alt=\"DSC02958\" width=\"150\" height=\"150\" \/><\/a> <a href=\"https:\/\/xn--judo-lbben-feb.de\/wp-content\/uploads\/2013\/10\/DSC02960-.jpg\"><img loading=\"lazy\" decoding=\"async\" class=\"alignnone size-thumbnail wp-image-2569\" src=\"https:\/\/xn--judo-lbben-feb.de\/wp-content\/uploads\/2013\/10\/DSC02960--150x150.jpg\" alt=\"DSC02960\" width=\"150\" height=\"150\" \/><\/a><\/p>\n","protected":false},"excerpt":{"rendered":"<p>Samstag morgen 08:00 Uhr am Treffpunkt waren leider nicht alle geplanten Sportler anwesend. Mit -7- Sportlern und Jakob Liesegang als Kampfrichter ging es los. \u00a0 Der Mammut Cup wird vom Spielwarenhersteller Mammut gesponsert. Als Preise standen f\u00fcr jeden Teilnehmer Mal- und Bastelsachen in Aussicht. Ca. -120- Kinder aus -15- Vereinen standen am Start. Darunter auch [&hellip;]<\/p>\n","protected":false},"author":1,"featured_media":4360,"comment_status":"closed","ping_status":"open","sticky":false,"template":"","format":"standard","meta":{"_et_pb_use_builder":"","_et_pb_old_content":"","_et_gb_content_width":"","footnotes":""},"categories":[2],"tags":[],"class_list":["post-2525","post","type-post","status-publish","format-standard","has-post-thumbnail","hentry","category-news"],"_links":{"self":[{"href":"https:\/\/xn--judo-lbben-feb.de\/index.php?rest_route=\/wp\/v2\/posts\/2525","targetHints":{"allow":["GET"]}}],"collection":[{"href":"https:\/\/xn--judo-lbben-feb.de\/index.php?rest_route=\/wp\/v2\/posts"}],"about":[{"href":"https:\/\/xn--judo-lbben-feb.de\/index.php?rest_route=\/wp\/v2\/types\/post"}],"author":[{"embeddable":true,"href":"https:\/\/xn--judo-lbben-feb.de\/index.php?rest_route=\/wp\/v2\/users\/1"}],"replies":[{"embeddable":true,"href":"https:\/\/xn--judo-lbben-feb.de\/index.php?rest_route=%2Fwp%2Fv2%2Fcomments&post=2525"}],"version-history":[{"count":0,"href":"https:\/\/xn--judo-lbben-feb.de\/index.php?rest_route=\/wp\/v2\/posts\/2525\/revisions"}],"wp:featuredmedia":[{"embeddable":true,"href":"https:\/\/xn--judo-lbben-feb.de\/index.php?rest_route=\/"}],"wp:attachment":[{"href":"https:\/\/xn--judo-lbben-feb.de\/index.php?rest_route=%2Fwp%2Fv2%2Fmedia&parent=2525"}],"wp:term":[{"taxonomy":"category","embeddable":true,"href":"https:\/\/xn--judo-lbben-feb.de\/index.php?rest_route=%2Fwp%2Fv2%2Fcategories&post=2525"},{"taxonomy":"post_tag","embeddable":true,"href":"https:\/\/xn--judo-lbben-feb.de\/index.php?rest_route=%2Fwp%2Fv2%2Ftags&post=2525"}],"curies":[{"name":"wp","href":"https:\/\/api.w.org\/{rel}","templated":true}]}}