{"id":2275,"date":"2013-09-01T19:37:12","date_gmt":"2013-09-01T19:37:12","guid":{"rendered":"http:\/\/xn--judo-lbben-feb.de\/?p=2275"},"modified":"2013-09-01T19:37:12","modified_gmt":"2013-09-01T19:37:12","slug":"bambiniturnier-in-hoppegarten","status":"publish","type":"post","link":"https:\/\/xn--judo-lbben-feb.de\/?p=2275","title":{"rendered":"Bambiniturnier in Hoppegarten"},"content":{"rendered":"<p>F\u00fcr unsere J\u00fcngsten begann das 2. Wettkampfhalbjahr am 1. September 2013 in Hoppegarten. Dort veranstaltete der Budoverein \u201c Dynamo\u201c Hoppegarten ein Anf\u00e4ngerturnier f\u00fcr die U9 und U11. Das Teilnehmerfeld war sehr gro\u00df und besonders viele Berliner Vereine waren angereist.\u00a0 Es wurde in gewichtsnahen\u00a0 4er Pools gek\u00e4mpft.<\/p>\n<p><a href=\"https:\/\/xn--judo-lbben-feb.de\/wp-content\/uploads\/2013\/09\/P1000371-3.jpg\"><img loading=\"lazy\" decoding=\"async\" class=\"aligncenter size-medium wp-image-2283\" title=\"P1000371\" src=\"https:\/\/xn--judo-lbben-feb.de\/wp-content\/uploads\/2013\/09\/P1000371-3-300x66.jpg\" alt=\"\" width=\"300\" height=\"66\" \/><\/a><\/p>\n<p>So erhielt jeder Teilnehmer eine Medaille. Die 10 L\u00fcbbener erk\u00e4mpften 6mal Gold und 4mal Bronze-ein starkes Ergebnis und ein sch\u00f6nes Turnier nach langer Wettkampfpause f\u00fcr die Kuzushi\u00b4s.<\/p>\n<p>&nbsp;<\/p>\n<p><a href=\"https:\/\/xn--judo-lbben-feb.de\/wp-content\/uploads\/2013\/09\/P1000370-.jpg\">\u00a0 \u00a0 \u00a0 \u00a0 \u00a0 \u00a0 \u00a0\u00a0\u00a0 \u00a0\u00a0 <img loading=\"lazy\" decoding=\"async\" class=\"alignnone size-thumbnail wp-image-2284\" title=\"P1000370\" src=\"https:\/\/xn--judo-lbben-feb.de\/wp-content\/uploads\/2013\/09\/P1000370--150x150.jpg\" alt=\"\" width=\"150\" height=\"150\" \/><\/a>\u00a0\u00a0 <a href=\"https:\/\/xn--judo-lbben-feb.de\/wp-content\/uploads\/2013\/09\/P1000365-.jpg\"><img loading=\"lazy\" decoding=\"async\" class=\"alignnone size-thumbnail wp-image-2285\" title=\"P1000365\" src=\"https:\/\/xn--judo-lbben-feb.de\/wp-content\/uploads\/2013\/09\/P1000365--150x150.jpg\" alt=\"\" width=\"150\" height=\"150\" \/><\/a> \u00a0 <a href=\"https:\/\/xn--judo-lbben-feb.de\/wp-content\/uploads\/2013\/09\/P1000367-.jpg\"><img loading=\"lazy\" decoding=\"async\" class=\"alignnone size-thumbnail wp-image-2286\" title=\"P1000367\" src=\"https:\/\/xn--judo-lbben-feb.de\/wp-content\/uploads\/2013\/09\/P1000367--150x150.jpg\" alt=\"\" width=\"150\" height=\"150\" \/><\/a><\/p>\n<p style=\"text-align: left;\">\u00a0 \u00a0 \u00a0 \u00a0 \u00a0 \u00a0 \u00a0 \u00a0 \u00a0\u00a0 <a href=\"https:\/\/xn--judo-lbben-feb.de\/wp-content\/uploads\/2013\/09\/P1000373-.jpg\"><img loading=\"lazy\" decoding=\"async\" class=\"alignnone size-thumbnail wp-image-2287\" title=\"P1000373\" src=\"https:\/\/xn--judo-lbben-feb.de\/wp-content\/uploads\/2013\/09\/P1000373--150x150.jpg\" alt=\"\" width=\"150\" height=\"150\" \/><\/a>\u00a0\u00a0 <a href=\"https:\/\/xn--judo-lbben-feb.de\/wp-content\/uploads\/2013\/09\/P1000374-.jpg\"><img loading=\"lazy\" decoding=\"async\" class=\"alignnone size-thumbnail wp-image-2288\" title=\"P1000374\" src=\"https:\/\/xn--judo-lbben-feb.de\/wp-content\/uploads\/2013\/09\/P1000374--150x150.jpg\" alt=\"\" width=\"150\" height=\"150\" \/><\/a>\u00a0\u00a0 <a href=\"https:\/\/xn--judo-lbben-feb.de\/wp-content\/uploads\/2013\/09\/P1000377-1.jpg\"><img loading=\"lazy\" decoding=\"async\" class=\"alignnone size-thumbnail wp-image-2300\" title=\"P1000377\" src=\"https:\/\/xn--judo-lbben-feb.de\/wp-content\/uploads\/2013\/09\/P1000377-1-150x150.jpg\" alt=\"\" width=\"150\" height=\"150\" \/><\/a><\/p>\n<p style=\"text-align: left;\">\u00a0\u00a0\u00a0\u00a0\u00a0\u00a0\u00a0\u00a0\u00a0\u00a0\u00a0\u00a0\u00a0\u00a0\u00a0\u00a0\u00a0\u00a0\u00a0\u00a0\u00a0\u00a0\u00a0\u00a0\u00a0\u00a0\u00a0\u00a0\u00a0\u00a0\u00a0\u00a0\u00a0\u00a0\u00a0\u00a0\u00a0\u00a0\u00a0\u00a0\u00a0\u00a0 \u00a0 \u00a0 \u00a0 \u00a0 \u00a0 \u00a0 \u00a0 \u00a0 \u00a0 \u00a0 \u00a0 \u00a0 \u00a0 \u00a0 \u00a0 \u00a0 \u00a0 \u00a0 \u00a0 \u00a0 Paul \u00a0 \u00a0 \u00a0 \u00a0 \u00a0 \u00a0 \u00a0 \u00a0 \u00a0 \u00a0 \u00a0 \u00a0 \u00a0 \u00a0 \u00a0\u00a0\u00a0\u00a0\u00a0\u00a0 Maximilian<\/p>\n<p><a href=\"https:\/\/xn--judo-lbben-feb.de\/wp-content\/uploads\/2013\/09\/P1000379-.jpg\">\u00a0\u00a0\u00a0 \u00a0 \u00a0 \u00a0 \u00a0\u00a0\u00a0 \u00a0 \u00a0\u00a0<\/a> <a href=\"https:\/\/xn--judo-lbben-feb.de\/wp-content\/uploads\/2013\/09\/P1000379-.jpg\"><img loading=\"lazy\" decoding=\"async\" class=\"alignnone size-thumbnail wp-image-2290\" title=\"P1000379\" src=\"https:\/\/xn--judo-lbben-feb.de\/wp-content\/uploads\/2013\/09\/P1000379--150x150.jpg\" alt=\"\" width=\"150\" height=\"150\" \/><\/a><a href=\"https:\/\/xn--judo-lbben-feb.de\/wp-content\/uploads\/2013\/09\/P1000380-.jpg\">\u00a0\u00a0<\/a> <a href=\"https:\/\/xn--judo-lbben-feb.de\/wp-content\/uploads\/2013\/09\/P1000381-.jpg\"><img loading=\"lazy\" decoding=\"async\" class=\"alignnone size-thumbnail wp-image-2292\" title=\"P1000381\" src=\"https:\/\/xn--judo-lbben-feb.de\/wp-content\/uploads\/2013\/09\/P1000381--150x150.jpg\" alt=\"\" width=\"150\" height=\"150\" \/>\u00a0\u00a0 <\/a><a href=\"https:\/\/xn--judo-lbben-feb.de\/wp-content\/uploads\/2013\/09\/P1000380-1.jpg\"><img loading=\"lazy\" decoding=\"async\" class=\"alignnone size-thumbnail wp-image-2301\" title=\"P1000380\" src=\"https:\/\/xn--judo-lbben-feb.de\/wp-content\/uploads\/2013\/09\/P1000380-1-150x150.jpg\" alt=\"\" width=\"150\" height=\"150\" \/><\/a><\/p>\n<p style=\"text-align: left;\">\u00a0 \u00a0 \u00a0 \u00a0 \u00a0 \u00a0 \u00a0 \u00a0 \u00a0 \u00a0 \u00a0 \u00a0 \u00a0 \u00a0 \u00a0 \u00a0 Matthew\u00a0\u00a0\u00a0\u00a0\u00a0\u00a0\u00a0\u00a0\u00a0\u00a0\u00a0\u00a0\u00a0\u00a0\u00a0\u00a0\u00a0\u00a0\u00a0\u00a0\u00a0\u00a0\u00a0\u00a0\u00a0\u00a0\u00a0\u00a0\u00a0\u00a0\u00a0\u00a0\u00a0\u00a0\u00a0\u00a0\u00a0 Elisa\u00a0\u00a0\u00a0\u00a0\u00a0\u00a0\u00a0\u00a0\u00a0\u00a0\u00a0\u00a0\u00a0\u00a0\u00a0\u00a0\u00a0\u00a0\u00a0\u00a0\u00a0\u00a0\u00a0\u00a0\u00a0\u00a0\u00a0\u00a0\u00a0\u00a0\u00a0\u00a0\u00a0 \u00a0\u00a0\u00a0 Melissa<\/p>\n<p><a href=\"https:\/\/xn--judo-lbben-feb.de\/wp-content\/uploads\/2013\/09\/P1000383-.jpg\">\u00a0 \u00a0\u00a0 \u00a0\u00a0 \u00a0 \u00a0\u00a0 \u00a0\u00a0 \u00a0\u00a0 <img loading=\"lazy\" decoding=\"async\" class=\"alignnone size-thumbnail wp-image-2293\" title=\"P1000383\" src=\"https:\/\/xn--judo-lbben-feb.de\/wp-content\/uploads\/2013\/09\/P1000383--150x150.jpg\" alt=\"\" width=\"150\" height=\"150\" \/><\/a>\u00a0\u00a0 <a href=\"https:\/\/xn--judo-lbben-feb.de\/wp-content\/uploads\/2013\/09\/P1000385-.jpg\"><img loading=\"lazy\" decoding=\"async\" class=\"alignnone size-thumbnail wp-image-2294\" title=\"P1000385\" src=\"https:\/\/xn--judo-lbben-feb.de\/wp-content\/uploads\/2013\/09\/P1000385--150x150.jpg\" alt=\"\" width=\"150\" height=\"150\" \/><\/a> \u00a0<a href=\"https:\/\/xn--judo-lbben-feb.de\/wp-content\/uploads\/2013\/09\/P1000391-.jpg\">\u00a0 <img loading=\"lazy\" decoding=\"async\" class=\"alignnone size-thumbnail wp-image-2296\" title=\"P1000391\" src=\"https:\/\/xn--judo-lbben-feb.de\/wp-content\/uploads\/2013\/09\/P1000391--150x150.jpg\" alt=\"\" width=\"150\" height=\"150\" \/><\/a>\u00a0 <a href=\"https:\/\/xn--judo-lbben-feb.de\/wp-content\/uploads\/2013\/09\/P1000393-.jpg\">\u00a0 \u00a0\u00a0<\/a><\/p>\n<p><a href=\"https:\/\/xn--judo-lbben-feb.de\/wp-content\/uploads\/2013\/09\/P1000393-.jpg\">\u00a0\u00a0\u00a0\u00a0\u00a0\u00a0\u00a0\u00a0\u00a0\u00a0\u00a0\u00a0\u00a0\u00a0\u00a0\u00a0\u00a0\u00a0\u00a0\u00a0\u00a0\u00a0\u00a0\u00a0\u00a0\u00a0\u00a0\u00a0\u00a0\u00a0\u00a0\u00a0\u00a0\u00a0\u00a0\u00a0\u00a0\u00a0 <\/a>Theo\u00a0\u00a0\u00a0\u00a0\u00a0\u00a0\u00a0\u00a0\u00a0\u00a0\u00a0\u00a0\u00a0\u00a0\u00a0\u00a0\u00a0\u00a0\u00a0\u00a0\u00a0\u00a0\u00a0\u00a0\u00a0\u00a0\u00a0 \u00a0 \u00a0 \u00a0 Felix\u00a0\u00a0\u00a0\u00a0 \u00a0 \u00a0 \u00a0 \u00a0 \u00a0 \u00a0 \u00a0 \u00a0 \u00a0 \u00a0 \u00a0 \u00a0 \u00a0 \u00a0 \u00a0 \u00a0\u00a0 \u00a0\u00a0 \u00a0 Igor<\/p>\n<p><a href=\"https:\/\/xn--judo-lbben-feb.de\/wp-content\/uploads\/2013\/09\/P1000393-.jpg\">\u00a0 \u00a0 \u00a0 \u00a0 \u00a0 \u00a0 \u00a0 \u00a0 \u00a0\u00a0 <\/a><a href=\"https:\/\/xn--judo-lbben-feb.de\/wp-content\/uploads\/2013\/09\/P1000386-1.jpg\"><img loading=\"lazy\" decoding=\"async\" class=\"alignnone size-thumbnail wp-image-2302\" title=\"P1000386\" src=\"https:\/\/xn--judo-lbben-feb.de\/wp-content\/uploads\/2013\/09\/P1000386-1-150x150.jpg\" alt=\"\" width=\"150\" height=\"150\" \/><\/a><a href=\"https:\/\/xn--judo-lbben-feb.de\/wp-content\/uploads\/2013\/09\/P1000393-.jpg\"> \u00a0 <\/a><a href=\"https:\/\/xn--judo-lbben-feb.de\/wp-content\/uploads\/2013\/09\/P1000393-.jpg\"><img loading=\"lazy\" decoding=\"async\" class=\"alignnone size-thumbnail wp-image-2297\" title=\"P1000393\" src=\"https:\/\/xn--judo-lbben-feb.de\/wp-content\/uploads\/2013\/09\/P1000393--150x150.jpg\" alt=\"\" width=\"150\" height=\"150\" \/>\u00a0\u00a0\u00a0 <\/a><a href=\"https:\/\/xn--judo-lbben-feb.de\/wp-content\/uploads\/2013\/09\/P1000395-1.jpg\"><img loading=\"lazy\" decoding=\"async\" class=\"alignnone size-thumbnail wp-image-2299\" title=\"P1000395\" src=\"https:\/\/xn--judo-lbben-feb.de\/wp-content\/uploads\/2013\/09\/P1000395-1-150x150.jpg\" alt=\"\" width=\"150\" height=\"150\" \/><\/a><\/p>\n<p style=\"text-align: left;\">\u00a0\u00a0\u00a0\u00a0\u00a0\u00a0\u00a0\u00a0\u00a0\u00a0\u00a0\u00a0\u00a0\u00a0\u00a0\u00a0\u00a0\u00a0\u00a0\u00a0\u00a0\u00a0\u00a0 \u00a0 \u00a0 \u00a0 \u00a0 \u00a0 \u00a0 \u00a0\u00a0\u00a0 Max\u00a0\u00a0\u00a0\u00a0\u00a0\u00a0\u00a0\u00a0\u00a0\u00a0\u00a0\u00a0\u00a0\u00a0\u00a0\u00a0\u00a0\u00a0\u00a0\u00a0\u00a0\u00a0\u00a0\u00a0\u00a0\u00a0\u00a0\u00a0\u00a0 \u00a0 \u00a0 \u00a0 \u00a0 Tim<\/p>\n<p><a href=\"https:\/\/xn--judo-lbben-feb.de\/wp-content\/uploads\/2013\/09\/P1000396-.jpg\"><img loading=\"lazy\" decoding=\"async\" class=\"aligncenter size-medium wp-image-2298\" title=\"P1000396\" src=\"https:\/\/xn--judo-lbben-feb.de\/wp-content\/uploads\/2013\/09\/P1000396--300x225.jpg\" alt=\"\" width=\"300\" height=\"225\" \/><\/a><\/p>\n<p>&nbsp;<\/p>\n<p>&nbsp;<\/p>\n<p><span style=\"color: #ff0000;\"><a href=\"https:\/\/xn--judo-lbben-feb.de\/wp-content\/uploads\/2013\/09\/P1000396-.jpg\"><span style=\"color: #ff0000;\">Ergebnisse\u00a0 B<\/span><\/a><a href=\"https:\/\/xn--judo-lbben-feb.de\/wp-content\/uploads\/2013\/09\/P1000396-.jpg\"><span style=\"color: #ff0000;\">ambini-Tu<\/span><\/a><\/span><a href=\"https:\/\/xn--judo-lbben-feb.de\/wp-content\/uploads\/2013\/09\/P1000396-.jpg\"><span style=\"color: #ff0000;\">rnier Hoppegarten<\/span><br \/>\n<\/a><span style=\"color: #c0c0c0;\"><a href=\"https:\/\/xn--judo-lbben-feb.de\/wp-content\/uploads\/2013\/09\/P1000396-.jpg\"><span style=\"color: #c0c0c0;\">1. Pl\u00e4tze<\/span><\/a><a href=\"https:\/\/xn--judo-lbben-feb.de\/wp-content\/uploads\/2013\/09\/P1000396-.jpg\"><span style=\"color: #c0c0c0;\"><br \/>\n<span style=\"color: #c0c0c0;\"> Melissa Stoye(U9), Elisa Rudnik(U9), Maximilian Huhn(U9), Matthew Wilke(U9), <\/span><br \/>\n<span style=\"color: #c0c0c0;\"> Igor Bekker(U11),Tim Pehla(U11)<\/span><br \/>\n<span style=\"color: #c0c0c0;\"> 3. Pl\u00e4tze<\/span><br \/>\n<span style=\"color: #c0c0c0;\"> Paul Pauli(U9),<\/span><\/span><\/a><a href=\"https:\/\/xn--judo-lbben-feb.de\/wp-content\/uploads\/2013\/09\/P1000396-.jpg\"><span style=\"color: #c0c0c0;\"> Felix Kahl(U11), Theo Cal(U11), Max Lachmann(U1<\/span><\/a><a href=\"https:\/\/xn--judo-lbben-feb.de\/wp-content\/uploads\/2013\/09\/P1000396-.jpg\"><span style=\"color: #c0c0c0;\">1)<\/span><\/a><\/span><\/p>\n<p><span style=\"color: #ff0000;\">\u00a0<\/span><\/p>\n<p><span style=\"color: #ff0000;\">\u00a0<\/span><\/p>\n<p><span style=\"color: #ff0000;\">\u00a0<\/span><\/p>\n","protected":false},"excerpt":{"rendered":"<p>F\u00fcr unsere J\u00fcngsten begann das 2. Wettkampfhalbjahr am 1. September 2013 in Hoppegarten. Dort veranstaltete der Budoverein \u201c Dynamo\u201c Hoppegarten ein Anf\u00e4ngerturnier f\u00fcr die U9 und U11. Das Teilnehmerfeld war sehr gro\u00df und besonders viele Berliner Vereine waren angereist.\u00a0 Es wurde in gewichtsnahen\u00a0 4er Pools gek\u00e4mpft. So erhielt jeder Teilnehmer eine Medaille. Die 10 L\u00fcbbener [&hellip;]<\/p>\n","protected":false},"author":1,"featured_media":4366,"comment_status":"closed","ping_status":"open","sticky":false,"template":"","format":"standard","meta":{"_et_pb_use_builder":"","_et_pb_old_content":"","_et_gb_content_width":"","footnotes":""},"categories":[2],"tags":[],"class_list":["post-2275","post","type-post","status-publish","format-standard","has-post-thumbnail","hentry","category-news"],"_links":{"self":[{"href":"https:\/\/xn--judo-lbben-feb.de\/index.php?rest_route=\/wp\/v2\/posts\/2275","targetHints":{"allow":["GET"]}}],"collection":[{"href":"https:\/\/xn--judo-lbben-feb.de\/index.php?rest_route=\/wp\/v2\/posts"}],"about":[{"href":"https:\/\/xn--judo-lbben-feb.de\/index.php?rest_route=\/wp\/v2\/types\/post"}],"author":[{"embeddable":true,"href":"https:\/\/xn--judo-lbben-feb.de\/index.php?rest_route=\/wp\/v2\/users\/1"}],"replies":[{"embeddable":true,"href":"https:\/\/xn--judo-lbben-feb.de\/index.php?rest_route=%2Fwp%2Fv2%2Fcomments&post=2275"}],"version-history":[{"count":0,"href":"https:\/\/xn--judo-lbben-feb.de\/index.php?rest_route=\/wp\/v2\/posts\/2275\/revisions"}],"wp:featuredmedia":[{"embeddable":true,"href":"https:\/\/xn--judo-lbben-feb.de\/index.php?rest_route=\/"}],"wp:attachment":[{"href":"https:\/\/xn--judo-lbben-feb.de\/index.php?rest_route=%2Fwp%2Fv2%2Fmedia&parent=2275"}],"wp:term":[{"taxonomy":"category","embeddable":true,"href":"https:\/\/xn--judo-lbben-feb.de\/index.php?rest_route=%2Fwp%2Fv2%2Fcategories&post=2275"},{"taxonomy":"post_tag","embeddable":true,"href":"https:\/\/xn--judo-lbben-feb.de\/index.php?rest_route=%2Fwp%2Fv2%2Ftags&post=2275"}],"curies":[{"name":"wp","href":"https:\/\/api.w.org\/{rel}","templated":true}]}}