{"id":20261,"date":"2024-07-19T20:17:15","date_gmt":"2024-07-19T19:17:15","guid":{"rendered":"https:\/\/xn--judo-lbben-feb.de\/?p=20261"},"modified":"2024-09-09T08:33:27","modified_gmt":"2024-09-09T07:33:27","slug":"tagebuch-ferienfahrt-borgwedel","status":"publish","type":"post","link":"https:\/\/xn--judo-lbben-feb.de\/?p=20261","title":{"rendered":"Tagebuch Ferienfahrt Borgwedel"},"content":{"rendered":"<p>[et_pb_section fb_built=&#8220;1&#8243; _builder_version=&#8220;4.14.1&#8243; _module_preset=&#8220;default&#8220; global_colors_info=&#8220;{}&#8220;][et_pb_row _builder_version=&#8220;4.14.1&#8243; _module_preset=&#8220;default&#8220; global_colors_info=&#8220;{}&#8220;][et_pb_column type=&#8220;4_4&#8243; _builder_version=&#8220;4.14.1&#8243; _module_preset=&#8220;default&#8220; global_colors_info=&#8220;{}&#8220;][et_pb_text _builder_version=&#8220;4.14.1&#8243; _module_preset=&#8220;default&#8220; global_colors_info=&#8220;{}&#8220;]<\/p>\n<p><span style=\"text-decoration: underline;\"><strong>Ferienfahrt Borgwedel 19.07. &#8211; 26.07.2024<\/strong><\/span><\/p>\n<p><span style=\"text-decoration: underline;\">Tag 1<\/span><\/p>\n<p>Alle Vorbereitungen wurden abgeschlossen und nun steht die Fereinfahrt an. Treffpunkt 09:30 Uhr vor unserer Halle, und alle waren da! Kurz nach 10:00 Uhr startete unsere Karawane mit 4 Autos Richtung Schleswig Holstein. Bis zur ersten Pause verlief alles reibungslos. Nachdem sich alle gest\u00e4rkt hatten und getankt wurde ging es zur zweiten Etappe. Und nat\u00fcrlich sind wir nicht an einem Stau vorbeigekommen. So wurden aus geplanten f\u00fcnf Stunden fast sieben. Nach der Ankunft wurden die Zimmer bezogen und wir mussten gleich zum Abendbrot. Nach dem Essen wurden die Betten bezogen und wir starteten zum Strand. Leider konnten wir nicht baden &#8211; Gefahr von Algen. Also wieder zur\u00fcck und es wurde Volleyball gespielt. Der Abend klang bei einem Glas Wasser \ud83d\ude42 aus.<\/p>\n<p>[\/et_pb_text][et_pb_gallery gallery_ids=&#8220;20265,20267,20268,20269,20270,20271,20272,20273,20274&#8243; posts_number=&#8220;9&#8243; show_title_and_caption=&#8220;off&#8220; _builder_version=&#8220;4.14.1&#8243; _module_preset=&#8220;default&#8220; global_colors_info=&#8220;{}&#8220;][\/et_pb_gallery][et_pb_text _builder_version=&#8220;4.14.1&#8243; _module_preset=&#8220;default&#8220; global_colors_info=&#8220;{}&#8220;]<\/p>\n<p><span style=\"text-decoration: underline;\">Tag 2<\/span><\/p>\n<p>Um 07:00 Uhr war wecken, wir vermuten mal das in dem einem oder anderen Zimmer nicht soviel geschlafen wurde. Kurze Zeit sp\u00e4ter starteten wir in Richtung Eckernf\u00f6rde. Begonnen haben wir mit einer super Stadt-Piraten-Ralley. Hier mussten auf kurzweilige Art viele R\u00e4tsel gel\u00f6st werden. Ein Team belegte in der Gesamtwertung Platz 9, dass andere Team landete weiter hinten. Bei besten Wetter wurde danach erstmal ein Eis gegessen, bevor wir in Richtung Strand aufbrachen. Hier haben wir viele sch\u00f6ne Stunden verbracht.<\/p>\n<p>[\/et_pb_text][et_pb_gallery gallery_ids=&#8220;20280,20281,20282,20283,20284,20285,20286,20287,20288,20289,20290,20291,20292,20293,20294,20295,20296,20297,20298,20299,20300,20301,20302,20303,20304,20305&#8243; posts_number=&#8220;12&#8243; show_title_and_caption=&#8220;off&#8220; _builder_version=&#8220;4.14.1&#8243; _module_preset=&#8220;default&#8220; global_colors_info=&#8220;{}&#8220;][\/et_pb_gallery][et_pb_text _builder_version=&#8220;4.14.1&#8243; _module_preset=&#8220;default&#8220; global_colors_info=&#8220;{}&#8220;]<\/p>\n<p><span style=\"text-decoration: underline;\">Tag 3<\/span><\/p>\n<p>Heute war mal wieder Kultur angesagt, nach dem Fr\u00fchst\u00fcck zog es uns zum Schloss Gottorf in der N\u00e4he von Schleswig. Ein gro\u00dfes imposantes Geb\u00e4ude dieses Schloss. Die gebuchte F\u00fchrung startete p\u00fcnktlich und war auch f\u00fcr die Kinder super interessant. Beeindruckt von den alten Booten und den ausgestellten Moorleichen machten wir ein Picknik im Schlossgarten. Da es auch heute wieder sehr warm war fuhren wir zur Ostsee, diesmal an den S\u00fcdstrand von Eckernf\u00f6rde. Hier hatten die Kinder sichtlich ihren Spa\u00df. Nach dem Abendessen wurde wieder der Volleyball bewegt.<\/p>\n<p>[\/et_pb_text][\/et_pb_column][\/et_pb_row][et_pb_row column_structure=&#8220;2_3,1_3&#8243; _builder_version=&#8220;4.14.1&#8243; _module_preset=&#8220;default&#8220; global_colors_info=&#8220;{}&#8220;][et_pb_column type=&#8220;2_3&#8243; _builder_version=&#8220;4.14.1&#8243; _module_preset=&#8220;default&#8220; global_colors_info=&#8220;{}&#8220;][et_pb_gallery gallery_ids=&#8220;20309,20310,20311,20312,20313,20314,20315,20323,20322,20321,20320,20319,20318,20317,20316,20324,20325,20326,20327,20328,20329,20330,20331,20332,20333,20334,20335,20336,20337,20338&#8243; show_title_and_caption=&#8220;off&#8220; _builder_version=&#8220;4.14.1&#8243; _module_preset=&#8220;default&#8220; global_colors_info=&#8220;{}&#8220;][\/et_pb_gallery][\/et_pb_column][et_pb_column type=&#8220;1_3&#8243; _builder_version=&#8220;4.14.1&#8243; _module_preset=&#8220;default&#8220; global_colors_info=&#8220;{}&#8220;][et_pb_video src=&#8220;https:\/\/xn--judo-lbben-feb.de\/wp-content\/uploads\/2024\/07\/IMG_5221.mp4&#8243; _builder_version=&#8220;4.14.1&#8243; _module_preset=&#8220;default&#8220; global_colors_info=&#8220;{}&#8220;][\/et_pb_video][\/et_pb_column][\/et_pb_row][et_pb_row _builder_version=&#8220;4.14.1&#8243; _module_preset=&#8220;default&#8220; global_colors_info=&#8220;{}&#8220;][et_pb_column type=&#8220;4_4&#8243; _builder_version=&#8220;4.14.1&#8243; _module_preset=&#8220;default&#8220; global_colors_info=&#8220;{}&#8220;][et_pb_text _builder_version=&#8220;4.14.1&#8243; _module_preset=&#8220;default&#8220; hover_enabled=&#8220;0&#8243; global_colors_info=&#8220;{}&#8220; sticky_enabled=&#8220;0&#8243;]<\/p>\n<p><span style=\"text-decoration: underline;\">Tag 4<\/span><\/p>\n<p>Heute stand Haitabu auf dem Plan. Das alte Wikingerdorf war in der Geschichte sehr bedeutend. Begonnen haben wir mit einem Kurzfilm \u00fcber das Leben in Haitabu. Sp\u00e4ter teilte Kathrin, die alles super vorbereitet hat, eine Art Quizz aus, wo die Antworten im Museum zu finden waren. Hier waren die Kinder flei\u00dfig am Quizzen und lernen. Nach der Mittagspause liefen wir noch den Au\u00dfenbereich von dem Dorf ab, auch hier waren wieder R\u00e4tsel zu l\u00f6sen. Insgesamt einer super Besuch. Das Wetter spielte mit und so fuhren wir nach Schleswig zu einem Wikingerspielplatz. Der Abend wurde mit einem Bad in der Schlei begonnen, bevor ein toller Tag zu Ende geht.<\/p>\n<p>[\/et_pb_text][et_pb_gallery gallery_ids=&#8220;20358,20359,20360,20361,20362,20363,20364,20365,20366,20367,20368,20369,20370,20371,20372,20373,20374,20375,20376,20377,20378,20379,20380,20381,20382,20383,20384,20385,20386,20387,20388,20389,20390,20391,20392,20393,20394,20395,20396,20397,20398,20399,20400,20401,20402&#8243; posts_number=&#8220;12&#8243; show_title_and_caption=&#8220;off&#8220; _builder_version=&#8220;4.14.1&#8243; _module_preset=&#8220;default&#8220; global_colors_info=&#8220;{}&#8220;][\/et_pb_gallery][et_pb_text _builder_version=&#8220;4.14.1&#8243; _module_preset=&#8220;default&#8220; global_colors_info=&#8220;{}&#8220;]<\/p>\n<p><span style=\"text-decoration: underline;\">Tag 5<\/span><\/p>\n<p>Mit einem st\u00e4ndigen Blick auf unterschiedliche Wetter-Apps starteten wir heute zur Schnitzeljagd rund um Borgwedel. Auf der kurzweiligen Tour mussten unterschiedlich schwere R\u00e4tsel rund um die Trolle gel\u00f6st werden, Benjamin zeichnete sich wie gestern als sehr guter R\u00e4tsell\u00f6ser aus. Zum Schluss der Tour wartete der Schatz, dieser wurde von Leo gefunden. Mit gro\u00dfen Augen wurde der gehobene Schatz realisiert, f\u00fcr alle Stand am Nachmittag eine Fahrt zum Kino an, die Minions geben den 4. Teil. Vor der Fahrt nach Schleswig haben wir noch Vesper in der Jugendherberge gemacht, dass Wetter war heute nicht auf unserer Seite. Die Minions brachten dann Nachmittags alle herzlich zum Lachen.<\/p>\n<p>[\/et_pb_text][et_pb_gallery gallery_ids=&#8220;20406,20407,20408,20409,20410,20411,20412,20413,20414,20415,20416,20417,20418,20419,20420,20421,20422,20423,20424,20425,20426,20427,20428&#8243; posts_number=&#8220;8&#8243; show_title_and_caption=&#8220;off&#8220; _builder_version=&#8220;4.14.1&#8243; _module_preset=&#8220;default&#8220; global_colors_info=&#8220;{}&#8220;][\/et_pb_gallery][et_pb_text _builder_version=&#8220;4.14.1&#8243; _module_preset=&#8220;default&#8220; global_colors_info=&#8220;{}&#8220;]<\/p>\n<p><span style=\"text-decoration: underline;\">Tag 6<\/span><\/p>\n<p>Kappeln, eine sch\u00f6ne Stadt im Norden war heute unser Ziel. Begonnen haben wir mit einer Stadtralley einmal quer durch Kappeln, dabei haben wir wieder viele R\u00e4tsel gel\u00f6st. Nach einer sch\u00f6nen Mittagspause stiegen wir auf ein Ausflugsschiff und fuhren ca. 2 Stunden die Schlei auf und ab, ein Landgang war auch dabei. Ein wirklich toller entspannter Ausflug heute. Wie gewohnt wurde nach dem Abendbrot der Volleyball durch die L\u00fcfte bewegt,<\/p>\n<p>[\/et_pb_text][et_pb_gallery gallery_ids=&#8220;20435,20436,20437,20438,20439,20440,20441,20442,20443,20444,20445,20446,20447,20448,20449,20450,20451,20452,20453,20454,20455,20456,20457,20458,20459,20460,20461,20462,20463,20464&#8243; posts_number=&#8220;12&#8243; show_title_and_caption=&#8220;off&#8220; _builder_version=&#8220;4.14.1&#8243; _module_preset=&#8220;default&#8220; global_colors_info=&#8220;{}&#8220;][\/et_pb_gallery][et_pb_text _builder_version=&#8220;4.14.1&#8243; _module_preset=&#8220;default&#8220; global_colors_info=&#8220;{}&#8220;]<\/p>\n<p><span style=\"text-decoration: underline;\">Tag 7<\/span><\/p>\n<p>Oh wie die Zeit vergeht, heute war schon der letzte Tag. Mit vollem Respekt brachen wir heute zur Kanu-Tour auf. Schnell waren die f\u00fcnf Boote besetzt und zu Wasser gelassen. Mit etwas zickzack fuhren wir zum geplanten Ziel, einem Badestrand mit Spielplatz. Schneller als gedacht waren wir da und konnten ein ausf\u00fchrliches Picknick genie\u00dfen. Gepielt und gebadet wurde nat\u00fcrlich wieder ausgiebig. Auf dem R\u00fcckweg konnten wir nochmal die Natur genie\u00dfen. Angekommen wurden die Boote zur\u00fcckgegeben und alle begaben sich auf Ihre Zimmer zum Koffer packen. Gegen 18:00 Uhr war der Grill hei\u00df und es wurden viele K\u00f6stlichkeiten zubereitet. Der Abend klang wieder mit spielen aus.<\/p>\n<p>[\/et_pb_text][et_pb_gallery gallery_ids=&#8220;20474,20475,20476,20477,20478,20479,20480,20481,20482,20483,20484,20485,20486,20487,20488,20489,20490,20491,20492,20493,20494,20495,20496,20497,20498,20499,20500,20501,20502,20503,20505,20506&#8243; posts_number=&#8220;12&#8243; show_title_and_caption=&#8220;off&#8220; _builder_version=&#8220;4.14.1&#8243; _module_preset=&#8220;default&#8220; global_colors_info=&#8220;{}&#8220;][\/et_pb_gallery][et_pb_text _builder_version=&#8220;4.14.1&#8243; _module_preset=&#8220;default&#8220; global_colors_info=&#8220;{}&#8220;]<\/p>\n<p><span style=\"text-decoration: underline;\">Tag 8=Heimreise<\/span><\/p>\n<p>Nun ist es wieder soweit, wir fahren nach Hause. Ein wirklich sch\u00f6ne Woche bei super Wetter ist vorbei.<\/p>\n<p><strong>Wir danken Kathrin f\u00fcr die hervoragende Vorbeitung, Planung, den vielen Ideen und Engagament :-).<\/strong><\/p>\n<p>[\/et_pb_text][et_pb_image src=&#8220;https:\/\/xn--judo-lbben-feb.de\/wp-content\/uploads\/2024\/07\/18-1.jpg&#8220; title_text=&#8220;18&#8243; _builder_version=&#8220;4.14.1&#8243; _module_preset=&#8220;default&#8220; global_colors_info=&#8220;{}&#8220;][\/et_pb_image][\/et_pb_column][\/et_pb_row][\/et_pb_section]<\/p>\n","protected":false},"excerpt":{"rendered":"<p>Ferienfahrt Borgwedel 19.07. &#8211; 26.07.2024 Tag 1 Alle Vorbereitungen wurden abgeschlossen und nun steht die Fereinfahrt an. Treffpunkt 09:30 Uhr vor unserer Halle, und alle waren da! Kurz nach 10:00 Uhr startete unsere Karawane mit 4 Autos Richtung Schleswig Holstein. Bis zur ersten Pause verlief alles reibungslos. Nachdem sich alle gest\u00e4rkt hatten und getankt wurde [&hellip;]<\/p>\n","protected":false},"author":1,"featured_media":20266,"comment_status":"closed","ping_status":"open","sticky":false,"template":"","format":"standard","meta":{"_et_pb_use_builder":"on","_et_pb_old_content":"","_et_gb_content_width":"","footnotes":""},"categories":[2],"tags":[],"class_list":["post-20261","post","type-post","status-publish","format-standard","has-post-thumbnail","hentry","category-news"],"_links":{"self":[{"href":"https:\/\/xn--judo-lbben-feb.de\/index.php?rest_route=\/wp\/v2\/posts\/20261","targetHints":{"allow":["GET"]}}],"collection":[{"href":"https:\/\/xn--judo-lbben-feb.de\/index.php?rest_route=\/wp\/v2\/posts"}],"about":[{"href":"https:\/\/xn--judo-lbben-feb.de\/index.php?rest_route=\/wp\/v2\/types\/post"}],"author":[{"embeddable":true,"href":"https:\/\/xn--judo-lbben-feb.de\/index.php?rest_route=\/wp\/v2\/users\/1"}],"replies":[{"embeddable":true,"href":"https:\/\/xn--judo-lbben-feb.de\/index.php?rest_route=%2Fwp%2Fv2%2Fcomments&post=20261"}],"version-history":[{"count":34,"href":"https:\/\/xn--judo-lbben-feb.de\/index.php?rest_route=\/wp\/v2\/posts\/20261\/revisions"}],"predecessor-version":[{"id":20532,"href":"https:\/\/xn--judo-lbben-feb.de\/index.php?rest_route=\/wp\/v2\/posts\/20261\/revisions\/20532"}],"wp:featuredmedia":[{"embeddable":true,"href":"https:\/\/xn--judo-lbben-feb.de\/index.php?rest_route=\/wp\/v2\/media\/20266"}],"wp:attachment":[{"href":"https:\/\/xn--judo-lbben-feb.de\/index.php?rest_route=%2Fwp%2Fv2%2Fmedia&parent=20261"}],"wp:term":[{"taxonomy":"category","embeddable":true,"href":"https:\/\/xn--judo-lbben-feb.de\/index.php?rest_route=%2Fwp%2Fv2%2Fcategories&post=20261"},{"taxonomy":"post_tag","embeddable":true,"href":"https:\/\/xn--judo-lbben-feb.de\/index.php?rest_route=%2Fwp%2Fv2%2Ftags&post=20261"}],"curies":[{"name":"wp","href":"https:\/\/api.w.org\/{rel}","templated":true}]}}