{"id":1927,"date":"2013-05-25T14:37:12","date_gmt":"2013-05-25T14:37:12","guid":{"rendered":"http:\/\/xn--judo-lbben-feb.de\/?p=1927"},"modified":"2013-05-25T14:37:12","modified_gmt":"2013-05-25T14:37:12","slug":"schulermasters-ortrand-u9u11","status":"publish","type":"post","link":"https:\/\/xn--judo-lbben-feb.de\/?p=1927","title":{"rendered":"Sch\u00fclermasters des ASHAI Spremberg in Ortrand U9\/U11"},"content":{"rendered":"<p>Ein starkes Turnier, das mit dem 6. Platz in der Mannschaftswertung der U9\/U11 belohnt wurde.<\/p>\n<p>Bereits um 07:30 Uhr trafen sich unsere 7 Teilnehmer und los ging es nach Ortrand. Dort trafen sich 170 Teilnehmern. Dabei waren in Ortrand zu Gast Vereine aus Dresden, Riesa, Teltow, Eisenh\u00fcttenstadt, Frankfurt (Oder), Berlin Hoppegarten, Vetschau, -2- Vereine aus Cottbus, -2- Vereine aus Tschechien (Teplice, Novi Bor), Lauchhammer.<\/p>\n<p>Zuerst war die U9 am Start.\u00a0 Elisa Rudnik (-24kg) und Melissa Stoye (-21kg) verloren leider gleich ihre ersten K\u00e4mpfe, aber sie gaben nicht auf und gewannen den 2. Fight beide auf die letzten Sekunden.\u00a0 Elisa hatte noch einen dritten Kampf, den sie durch Hantei gewann. Somit haben sich beide die Silbermedailie erk\u00e4mpft. Klasse!<\/p>\n<p style=\"text-align: center;\"><a href=\"https:\/\/xn--judo-lbben-feb.de\/wp-content\/uploads\/2013\/05\/DSC01875-.jpg\"><img loading=\"lazy\" decoding=\"async\" class=\"alignnone  wp-image-1934\" title=\"DSC01875\" src=\"https:\/\/xn--judo-lbben-feb.de\/wp-content\/uploads\/2013\/05\/DSC01875--300x225.jpg\" alt=\"\" width=\"140\" height=\"105\" \/><\/a>\u00a0 <a href=\"https:\/\/xn--judo-lbben-feb.de\/wp-content\/uploads\/2013\/05\/DSC01882-.jpg\"><img loading=\"lazy\" decoding=\"async\" class=\"alignnone  wp-image-1935\" title=\"DSC01882\" src=\"https:\/\/xn--judo-lbben-feb.de\/wp-content\/uploads\/2013\/05\/DSC01882--300x225.jpg\" alt=\"\" width=\"140\" height=\"106\" \/><\/a>\u00a0 <a href=\"https:\/\/xn--judo-lbben-feb.de\/wp-content\/uploads\/2013\/05\/DSC01883-.jpg\"><img loading=\"lazy\" decoding=\"async\" class=\"alignnone  wp-image-1936\" title=\"DSC01883\" src=\"https:\/\/xn--judo-lbben-feb.de\/wp-content\/uploads\/2013\/05\/DSC01883--300x225.jpg\" alt=\"\" width=\"140\" height=\"106\" \/><\/a>\u00a0 <a href=\"https:\/\/xn--judo-lbben-feb.de\/wp-content\/uploads\/2013\/05\/DSC01884-.jpg\"><img loading=\"lazy\" decoding=\"async\" class=\"alignnone  wp-image-1937\" title=\"DSC01884\" src=\"https:\/\/xn--judo-lbben-feb.de\/wp-content\/uploads\/2013\/05\/DSC01884--300x225.jpg\" alt=\"\" width=\"140\" height=\"106\" \/><\/a><\/p>\n<p style=\"text-align: center;\"><a href=\"https:\/\/xn--judo-lbben-feb.de\/wp-content\/uploads\/2013\/05\/DSC01886-.jpg\"><img loading=\"lazy\" decoding=\"async\" class=\"alignnone  wp-image-1947\" title=\"DSC01886\" src=\"https:\/\/xn--judo-lbben-feb.de\/wp-content\/uploads\/2013\/05\/DSC01886--300x225.jpg\" alt=\"\" width=\"140\" height=\"105\" \/><\/a>\u00a0 <a href=\"https:\/\/xn--judo-lbben-feb.de\/wp-content\/uploads\/2013\/05\/DSC01889-.jpg\"><img loading=\"lazy\" decoding=\"async\" class=\"alignnone  wp-image-1948\" title=\"DSC01889\" src=\"https:\/\/xn--judo-lbben-feb.de\/wp-content\/uploads\/2013\/05\/DSC01889--300x225.jpg\" alt=\"\" width=\"140\" height=\"106\" \/><\/a><\/p>\n<p>Als n\u00e4chster war Maximilian (-28kg) an der Reihe. Ihm standen 4 K\u00e4mpfe bevor. Seinen ersten Gegner schlug er mit einem Yuko. Kampf 2 gewann er mit einem Wazari. Kampf 3 ging leider verloren. Im Finale setzte er sich mit einem tollen Wurf durch. Erster Platz auch f\u00fcr Maximilian.<\/p>\n<p style=\"text-align: center;\"><a href=\"https:\/\/xn--judo-lbben-feb.de\/wp-content\/uploads\/2013\/05\/DSC01864-.jpg\"><img loading=\"lazy\" decoding=\"async\" class=\"alignnone  wp-image-1939\" title=\"DSC01864\" src=\"https:\/\/xn--judo-lbben-feb.de\/wp-content\/uploads\/2013\/05\/DSC01864--300x225.jpg\" alt=\"\" width=\"140\" height=\"106\" \/><\/a>\u00a0 <a href=\"https:\/\/xn--judo-lbben-feb.de\/wp-content\/uploads\/2013\/05\/DSC01865-.jpg\"><img loading=\"lazy\" decoding=\"async\" class=\"alignnone  wp-image-1940\" title=\"DSC01865\" src=\"https:\/\/xn--judo-lbben-feb.de\/wp-content\/uploads\/2013\/05\/DSC01865--300x225.jpg\" alt=\"\" width=\"140\" height=\"105\" \/><\/a>\u00a0 <a href=\"https:\/\/xn--judo-lbben-feb.de\/wp-content\/uploads\/2013\/05\/DSC01892-.jpg\"><img loading=\"lazy\" decoding=\"async\" class=\"alignnone  wp-image-1950\" title=\"DSC01892\" src=\"https:\/\/xn--judo-lbben-feb.de\/wp-content\/uploads\/2013\/05\/DSC01892--300x225.jpg\" alt=\"\" width=\"140\" height=\"106\" \/><\/a><\/p>\n<p>Zeitgleich begann der Wettkampf f\u00fcr Matthew (-34kg).\u00a0 Er hatte drei K\u00e4mpfe. Bei einem musste er sich leider geschlagen geben. Die anderen beide K\u00e4mpfe gewann er souver\u00e4n mit je 10 Punkten, so dass er damit den 1. Platz belegte.<\/p>\n<p style=\"text-align: center;\"><a href=\"https:\/\/xn--judo-lbben-feb.de\/wp-content\/uploads\/2013\/05\/DSC01871-.jpg\"><img loading=\"lazy\" decoding=\"async\" class=\"alignnone  wp-image-1942\" title=\"DSC01871\" src=\"https:\/\/xn--judo-lbben-feb.de\/wp-content\/uploads\/2013\/05\/DSC01871--300x225.jpg\" alt=\"\" width=\"140\" height=\"105\" \/><\/a>\u00a0 <a href=\"https:\/\/xn--judo-lbben-feb.de\/wp-content\/uploads\/2013\/05\/DSC01872-.jpg\"><img loading=\"lazy\" decoding=\"async\" class=\"alignnone  wp-image-1943\" title=\"DSC01872\" src=\"https:\/\/xn--judo-lbben-feb.de\/wp-content\/uploads\/2013\/05\/DSC01872--300x225.jpg\" alt=\"\" width=\"140\" height=\"106\" \/><\/a>\u00a0 <a href=\"https:\/\/xn--judo-lbben-feb.de\/wp-content\/uploads\/2013\/05\/DSC01894-.jpg\"><img loading=\"lazy\" decoding=\"async\" class=\"alignnone  wp-image-1952\" title=\"DSC01894\" src=\"https:\/\/xn--judo-lbben-feb.de\/wp-content\/uploads\/2013\/05\/DSC01894--300x225.jpg\" alt=\"\" width=\"140\" height=\"106\" \/><\/a><\/p>\n<p>Die U11 begann ihre K\u00e4mpfe um 12:00 Uhr. Nat\u00fcrlich auf 3 Matten gleichzeitig. Max (-36kg) hatte 8 K\u00e4mpfer auf der Liste.\u00a0 Es wurde im Poolsystem gek\u00e4mpft. Leider gewann er nur einen von 3 K\u00e4mpfen und war damit zeitig ausgeschieden. Platz 7.<\/p>\n<p style=\"text-align: center;\"><a href=\"https:\/\/xn--judo-lbben-feb.de\/wp-content\/uploads\/2013\/05\/DSC01902-.jpg\"><img loading=\"lazy\" decoding=\"async\" class=\"alignnone  wp-image-1944\" title=\"DSC01902\" src=\"https:\/\/xn--judo-lbben-feb.de\/wp-content\/uploads\/2013\/05\/DSC01902--300x225.jpg\" alt=\"\" width=\"140\" height=\"105\" \/><\/a>\u00a0 <a href=\"https:\/\/xn--judo-lbben-feb.de\/wp-content\/uploads\/2013\/05\/DSC01905-.jpg\"><img loading=\"lazy\" decoding=\"async\" class=\"alignnone  wp-image-1945\" title=\"DSC01905\" src=\"https:\/\/xn--judo-lbben-feb.de\/wp-content\/uploads\/2013\/05\/DSC01905--300x225.jpg\" alt=\"\" width=\"140\" height=\"106\" \/><\/a><\/p>\n<p>F\u00fcr Tim\u00a0 (-43kg) war alles noch Neuland. Er steigerte sich von Kampf zu Kampf. Den letzten seiner 4 K\u00e4mpfe\u00a0 gewann er dann mit einem Wurf und einer konsequenten Kuzure-Kesa-Gatame. Damit 3. Platz. Super!!!<\/p>\n<p style=\"text-align: center;\"><a href=\"https:\/\/xn--judo-lbben-feb.de\/wp-content\/uploads\/2013\/05\/DSC01910-.jpg\"><img loading=\"lazy\" decoding=\"async\" class=\"alignnone  wp-image-1954\" title=\"DSC01910\" src=\"https:\/\/xn--judo-lbben-feb.de\/wp-content\/uploads\/2013\/05\/DSC01910--300x225.jpg\" alt=\"\" width=\"140\" height=\"106\" \/><\/a>\u00a0 <a href=\"https:\/\/xn--judo-lbben-feb.de\/wp-content\/uploads\/2013\/05\/DSC01893-.jpg\"><img loading=\"lazy\" decoding=\"async\" class=\"alignnone  wp-image-1955\" title=\"DSC01893\" src=\"https:\/\/xn--judo-lbben-feb.de\/wp-content\/uploads\/2013\/05\/DSC01893--300x225.jpg\" alt=\"\" width=\"140\" height=\"106\" \/><\/a>\u00a0 <a href=\"https:\/\/xn--judo-lbben-feb.de\/wp-content\/uploads\/2013\/05\/DSC01911-.jpg\"><img loading=\"lazy\" decoding=\"async\" class=\"alignnone  wp-image-1956\" title=\"DSC01911\" src=\"https:\/\/xn--judo-lbben-feb.de\/wp-content\/uploads\/2013\/05\/DSC01911--300x225.jpg\" alt=\"\" width=\"140\" height=\"106\" \/><\/a><\/p>\n<p>Igor (-38kg) hatte 6 Gegner im Pool. Die ersten beiden K\u00e4mpfe ging es fast \u00fcber die ganze Zeit. Er schloss dann jeweils mit Festhalten ab und gewann. Im dritten Kampf profitierte er von 2 Shidos des Gegener und gewann mit einem Yuko. Kampf 4 gewann er wieder \u00fcber eine Festhaltetechnik. Im Finale lie\u00df er dem Gegener keine Chance. Ein Super Wurf und der Sieg ging nach wenigen Sekunden an Igor. 1. Platz.\u00a0 Ein tolles Turnier f\u00fcr Igor.<\/p>\n<p style=\"text-align: center;\">\u00a0<a href=\"https:\/\/xn--judo-lbben-feb.de\/wp-content\/uploads\/2013\/05\/DSC01915-.jpg\"><img loading=\"lazy\" decoding=\"async\" class=\"alignnone  wp-image-1958\" title=\"DSC01915\" src=\"https:\/\/xn--judo-lbben-feb.de\/wp-content\/uploads\/2013\/05\/DSC01915--300x225.jpg\" alt=\"\" width=\"140\" height=\"106\" \/> \u00a0<\/a><a href=\"https:\/\/xn--judo-lbben-feb.de\/wp-content\/uploads\/2013\/05\/DSC01904-.jpg\"><img loading=\"lazy\" decoding=\"async\" class=\"alignnone  wp-image-1959\" title=\"DSC01904\" src=\"https:\/\/xn--judo-lbben-feb.de\/wp-content\/uploads\/2013\/05\/DSC01904--300x225.jpg\" alt=\"\" width=\"140\" height=\"106\" \/><\/a>\u00a0 <a href=\"https:\/\/xn--judo-lbben-feb.de\/wp-content\/uploads\/2013\/05\/DSC01906-.jpg\"><img loading=\"lazy\" decoding=\"async\" class=\"alignnone  wp-image-1960\" title=\"DSC01906\" src=\"https:\/\/xn--judo-lbben-feb.de\/wp-content\/uploads\/2013\/05\/DSC01906--300x225.jpg\" alt=\"\" width=\"140\" height=\"106\" \/><\/a><\/p>\n<p style=\"text-align: center;\"><a href=\"https:\/\/xn--judo-lbben-feb.de\/wp-content\/uploads\/2013\/05\/DSC01900-.jpg\"><img loading=\"lazy\" decoding=\"async\" class=\"alignnone  wp-image-1963\" title=\"DSC01900\" src=\"https:\/\/xn--judo-lbben-feb.de\/wp-content\/uploads\/2013\/05\/DSC01900--300x225.jpg\" alt=\"\" width=\"140\" height=\"106\" \/><\/a>\u00a0 <a href=\"https:\/\/xn--judo-lbben-feb.de\/wp-content\/uploads\/2013\/05\/DSC01920-.jpg\"><img loading=\"lazy\" decoding=\"async\" class=\"alignnone  wp-image-1961\" title=\"DSC01920\" src=\"https:\/\/xn--judo-lbben-feb.de\/wp-content\/uploads\/2013\/05\/DSC01920--300x225.jpg\" alt=\"\" width=\"140\" height=\"105\" \/><\/a><\/p>\n","protected":false},"excerpt":{"rendered":"<p>Ein starkes Turnier, das mit dem 6. Platz in der Mannschaftswertung der U9\/U11 belohnt wurde. Bereits um 07:30 Uhr trafen sich unsere 7 Teilnehmer und los ging es nach Ortrand. Dort trafen sich 170 Teilnehmern. Dabei waren in Ortrand zu Gast Vereine aus Dresden, Riesa, Teltow, Eisenh\u00fcttenstadt, Frankfurt (Oder), Berlin Hoppegarten, Vetschau, -2- Vereine aus [&hellip;]<\/p>\n","protected":false},"author":1,"featured_media":4376,"comment_status":"closed","ping_status":"open","sticky":false,"template":"","format":"standard","meta":{"_et_pb_use_builder":"","_et_pb_old_content":"","_et_gb_content_width":"","footnotes":""},"categories":[2],"tags":[],"class_list":["post-1927","post","type-post","status-publish","format-standard","has-post-thumbnail","hentry","category-news"],"_links":{"self":[{"href":"https:\/\/xn--judo-lbben-feb.de\/index.php?rest_route=\/wp\/v2\/posts\/1927","targetHints":{"allow":["GET"]}}],"collection":[{"href":"https:\/\/xn--judo-lbben-feb.de\/index.php?rest_route=\/wp\/v2\/posts"}],"about":[{"href":"https:\/\/xn--judo-lbben-feb.de\/index.php?rest_route=\/wp\/v2\/types\/post"}],"author":[{"embeddable":true,"href":"https:\/\/xn--judo-lbben-feb.de\/index.php?rest_route=\/wp\/v2\/users\/1"}],"replies":[{"embeddable":true,"href":"https:\/\/xn--judo-lbben-feb.de\/index.php?rest_route=%2Fwp%2Fv2%2Fcomments&post=1927"}],"version-history":[{"count":0,"href":"https:\/\/xn--judo-lbben-feb.de\/index.php?rest_route=\/wp\/v2\/posts\/1927\/revisions"}],"wp:featuredmedia":[{"embeddable":true,"href":"https:\/\/xn--judo-lbben-feb.de\/index.php?rest_route=\/"}],"wp:attachment":[{"href":"https:\/\/xn--judo-lbben-feb.de\/index.php?rest_route=%2Fwp%2Fv2%2Fmedia&parent=1927"}],"wp:term":[{"taxonomy":"category","embeddable":true,"href":"https:\/\/xn--judo-lbben-feb.de\/index.php?rest_route=%2Fwp%2Fv2%2Fcategories&post=1927"},{"taxonomy":"post_tag","embeddable":true,"href":"https:\/\/xn--judo-lbben-feb.de\/index.php?rest_route=%2Fwp%2Fv2%2Ftags&post=1927"}],"curies":[{"name":"wp","href":"https:\/\/api.w.org\/{rel}","templated":true}]}}