{"id":1634,"date":"2013-04-21T16:25:46","date_gmt":"2013-04-21T16:25:46","guid":{"rendered":"http:\/\/xn--judo-lbben-feb.de\/?p=1634"},"modified":"2013-04-21T16:25:46","modified_gmt":"2013-04-21T16:25:46","slug":"bestandene-gurtelprufung","status":"publish","type":"post","link":"https:\/\/xn--judo-lbben-feb.de\/?p=1634","title":{"rendered":"bestandene G\u00fcrtelpr\u00fcfung"},"content":{"rendered":"<p class=\"MsoBodyText\" style=\"text-align: center;\">Im Abschlu\u00df unseres Trainingslagers Anfang M\u00e4rz standen die G\u00fcrtelpr\u00fcfungen an, wir gratulieren allen 34 Kinder die mit Erfolg bestanden haben, und nun mit Stolz den n\u00e4chst h\u00f6heren G\u00fcrtel tragen d\u00fcrfen!<\/p>\n<p class=\"MsoBodyText\" style=\"text-align: center;\">mehr Infos im <a title=\"Vereinsleben\" href=\"https:\/\/xn--judo-lbben-feb.de\/?page_id=46\">Kuzushi Kurier<\/a><\/p>\n","protected":false},"excerpt":{"rendered":"<p>Im Abschlu\u00df unseres Trainingslagers Anfang M\u00e4rz standen die G\u00fcrtelpr\u00fcfungen an, wir gratulieren allen 34 Kinder die mit Erfolg bestanden haben, und nun mit Stolz den n\u00e4chst h\u00f6heren G\u00fcrtel tragen d\u00fcrfen! mehr Infos im Kuzushi Kurier<\/p>\n","protected":false},"author":1,"featured_media":4383,"comment_status":"closed","ping_status":"open","sticky":false,"template":"","format":"standard","meta":{"_et_pb_use_builder":"","_et_pb_old_content":"","_et_gb_content_width":"","footnotes":""},"categories":[2],"tags":[],"class_list":["post-1634","post","type-post","status-publish","format-standard","has-post-thumbnail","hentry","category-news"],"_links":{"self":[{"href":"https:\/\/xn--judo-lbben-feb.de\/index.php?rest_route=\/wp\/v2\/posts\/1634","targetHints":{"allow":["GET"]}}],"collection":[{"href":"https:\/\/xn--judo-lbben-feb.de\/index.php?rest_route=\/wp\/v2\/posts"}],"about":[{"href":"https:\/\/xn--judo-lbben-feb.de\/index.php?rest_route=\/wp\/v2\/types\/post"}],"author":[{"embeddable":true,"href":"https:\/\/xn--judo-lbben-feb.de\/index.php?rest_route=\/wp\/v2\/users\/1"}],"replies":[{"embeddable":true,"href":"https:\/\/xn--judo-lbben-feb.de\/index.php?rest_route=%2Fwp%2Fv2%2Fcomments&post=1634"}],"version-history":[{"count":0,"href":"https:\/\/xn--judo-lbben-feb.de\/index.php?rest_route=\/wp\/v2\/posts\/1634\/revisions"}],"wp:featuredmedia":[{"embeddable":true,"href":"https:\/\/xn--judo-lbben-feb.de\/index.php?rest_route=\/"}],"wp:attachment":[{"href":"https:\/\/xn--judo-lbben-feb.de\/index.php?rest_route=%2Fwp%2Fv2%2Fmedia&parent=1634"}],"wp:term":[{"taxonomy":"category","embeddable":true,"href":"https:\/\/xn--judo-lbben-feb.de\/index.php?rest_route=%2Fwp%2Fv2%2Fcategories&post=1634"},{"taxonomy":"post_tag","embeddable":true,"href":"https:\/\/xn--judo-lbben-feb.de\/index.php?rest_route=%2Fwp%2Fv2%2Ftags&post=1634"}],"curies":[{"name":"wp","href":"https:\/\/api.w.org\/{rel}","templated":true}]}}