{"id":15624,"date":"2021-11-07T20:08:00","date_gmt":"2021-11-07T19:08:00","guid":{"rendered":"https:\/\/xn--judo-lbben-feb.de\/?p=15624"},"modified":"2022-08-27T09:31:07","modified_gmt":"2022-08-27T08:31:07","slug":"bronze-fuer-julius-bei-den-lem","status":"publish","type":"post","link":"https:\/\/xn--judo-lbben-feb.de\/?p=15624","title":{"rendered":"Bronze f\u00fcr Julius bei den LEM"},"content":{"rendered":"\n<p>Am 7.November fanden die Landesmeisterschaften der U15 in Oranienburg statt. Julius Streicher und Erik Rechenberger nahmen aus unseren Verein teil. Wegen der langen Wettkampfpause waren Beide sehr aufgeregt. Julius gewann seine ersten zwei K\u00e4mpfe. Dann folgte das Halbfinale. Da unterlag er leider. Bronze f\u00fcr Julius. Herzlichen Gl\u00fcckwunsch! Bei Erik lief es leider nicht so gut. Nach zwei Niederlagen schied er vorzeitig aus. Schade!<\/p>\n\n\n\n<figure class=\"wp-block-gallery has-nested-images columns-default is-cropped wp-block-gallery-1 is-layout-flex wp-block-gallery-is-layout-flex\">\n<figure class=\"wp-block-image size-large\"><a href=\"https:\/\/xn--judo-lbben-feb.de\/wp-content\/uploads\/2022\/01\/IMG_20211107_150519-FILEminimizer.jpg\"><img loading=\"lazy\" decoding=\"async\" width=\"1024\" height=\"768\" data-id=\"15625\" src=\"https:\/\/xn--judo-lbben-feb.de\/wp-content\/uploads\/2022\/01\/IMG_20211107_150519-FILEminimizer.jpg\" alt=\"\" class=\"wp-image-15625\" srcset=\"https:\/\/xn--judo-lbben-feb.de\/wp-content\/uploads\/2022\/01\/IMG_20211107_150519-FILEminimizer.jpg 1024w, https:\/\/xn--judo-lbben-feb.de\/wp-content\/uploads\/2022\/01\/IMG_20211107_150519-FILEminimizer-300x225.jpg 300w, https:\/\/xn--judo-lbben-feb.de\/wp-content\/uploads\/2022\/01\/IMG_20211107_150519-FILEminimizer-768x576.jpg 768w\" sizes=\"auto, (max-width: 1024px) 100vw, 1024px\" \/><\/a><\/figure>\n\n\n\n<figure class=\"wp-block-image size-large\"><a href=\"https:\/\/xn--judo-lbben-feb.de\/wp-content\/uploads\/2022\/01\/IMG_20211107_150803-FILEminimizer.jpg\"><img loading=\"lazy\" decoding=\"async\" width=\"1024\" height=\"768\" data-id=\"15627\" src=\"https:\/\/xn--judo-lbben-feb.de\/wp-content\/uploads\/2022\/01\/IMG_20211107_150803-FILEminimizer.jpg\" alt=\"\" class=\"wp-image-15627\" srcset=\"https:\/\/xn--judo-lbben-feb.de\/wp-content\/uploads\/2022\/01\/IMG_20211107_150803-FILEminimizer.jpg 1024w, https:\/\/xn--judo-lbben-feb.de\/wp-content\/uploads\/2022\/01\/IMG_20211107_150803-FILEminimizer-300x225.jpg 300w, https:\/\/xn--judo-lbben-feb.de\/wp-content\/uploads\/2022\/01\/IMG_20211107_150803-FILEminimizer-768x576.jpg 768w\" sizes=\"auto, (max-width: 1024px) 100vw, 1024px\" \/><\/a><\/figure>\n\n\n\n<figure class=\"wp-block-image size-large\"><a href=\"https:\/\/xn--judo-lbben-feb.de\/wp-content\/uploads\/2022\/01\/IMG_20211107_150756-FILEminimizer.jpg\"><img loading=\"lazy\" decoding=\"async\" width=\"768\" height=\"1024\" data-id=\"15626\" src=\"https:\/\/xn--judo-lbben-feb.de\/wp-content\/uploads\/2022\/01\/IMG_20211107_150756-FILEminimizer-768x1024.jpg\" alt=\"\" class=\"wp-image-15626\" srcset=\"https:\/\/xn--judo-lbben-feb.de\/wp-content\/uploads\/2022\/01\/IMG_20211107_150756-FILEminimizer-768x1024.jpg 768w, https:\/\/xn--judo-lbben-feb.de\/wp-content\/uploads\/2022\/01\/IMG_20211107_150756-FILEminimizer-225x300.jpg 225w, https:\/\/xn--judo-lbben-feb.de\/wp-content\/uploads\/2022\/01\/IMG_20211107_150756-FILEminimizer.jpg 1024w\" sizes=\"auto, (max-width: 768px) 100vw, 768px\" \/><\/a><\/figure>\n<\/figure>\n","protected":false},"excerpt":{"rendered":"<p>Am 7.November fanden die Landesmeisterschaften der U15 in Oranienburg statt. Julius Streicher und Erik Rechenberger nahmen aus unseren Verein teil. Wegen der langen Wettkampfpause waren Beide sehr aufgeregt. Julius gewann seine ersten zwei K\u00e4mpfe. Dann folgte das Halbfinale. Da unterlag er leider. Bronze f\u00fcr Julius. Herzlichen Gl\u00fcckwunsch! Bei Erik lief es leider nicht so gut. [&hellip;]<\/p>\n","protected":false},"author":2,"featured_media":15627,"comment_status":"closed","ping_status":"open","sticky":false,"template":"","format":"standard","meta":{"_et_pb_use_builder":"","_et_pb_old_content":"","_et_gb_content_width":"","footnotes":""},"categories":[1],"tags":[],"class_list":["post-15624","post","type-post","status-publish","format-standard","has-post-thumbnail","hentry","category-uncategorized"],"_links":{"self":[{"href":"https:\/\/xn--judo-lbben-feb.de\/index.php?rest_route=\/wp\/v2\/posts\/15624","targetHints":{"allow":["GET"]}}],"collection":[{"href":"https:\/\/xn--judo-lbben-feb.de\/index.php?rest_route=\/wp\/v2\/posts"}],"about":[{"href":"https:\/\/xn--judo-lbben-feb.de\/index.php?rest_route=\/wp\/v2\/types\/post"}],"author":[{"embeddable":true,"href":"https:\/\/xn--judo-lbben-feb.de\/index.php?rest_route=\/wp\/v2\/users\/2"}],"replies":[{"embeddable":true,"href":"https:\/\/xn--judo-lbben-feb.de\/index.php?rest_route=%2Fwp%2Fv2%2Fcomments&post=15624"}],"version-history":[{"count":2,"href":"https:\/\/xn--judo-lbben-feb.de\/index.php?rest_route=\/wp\/v2\/posts\/15624\/revisions"}],"predecessor-version":[{"id":16391,"href":"https:\/\/xn--judo-lbben-feb.de\/index.php?rest_route=\/wp\/v2\/posts\/15624\/revisions\/16391"}],"wp:featuredmedia":[{"embeddable":true,"href":"https:\/\/xn--judo-lbben-feb.de\/index.php?rest_route=\/wp\/v2\/media\/15627"}],"wp:attachment":[{"href":"https:\/\/xn--judo-lbben-feb.de\/index.php?rest_route=%2Fwp%2Fv2%2Fmedia&parent=15624"}],"wp:term":[{"taxonomy":"category","embeddable":true,"href":"https:\/\/xn--judo-lbben-feb.de\/index.php?rest_route=%2Fwp%2Fv2%2Fcategories&post=15624"},{"taxonomy":"post_tag","embeddable":true,"href":"https:\/\/xn--judo-lbben-feb.de\/index.php?rest_route=%2Fwp%2Fv2%2Ftags&post=15624"}],"curies":[{"name":"wp","href":"https:\/\/api.w.org\/{rel}","templated":true}]}}