{"id":15315,"date":"2021-03-10T09:47:18","date_gmt":"2021-03-10T08:47:18","guid":{"rendered":"http:\/\/xn--judo-lbben-feb.de\/?p=15315"},"modified":"2021-03-14T09:56:14","modified_gmt":"2021-03-14T08:56:14","slug":"trainingsstart-im-freiem","status":"publish","type":"post","link":"https:\/\/xn--judo-lbben-feb.de\/?p=15315","title":{"rendered":"Trainingsstart im Freiem"},"content":{"rendered":"\n<p class=\"has-text-align-center\">Ab dem 22. M\u00e4rz werden wir wieder mit unserem Training beginnen. Da wir in der Halle uns nicht aufhalten d\u00fcrfen, trainieren wir drau\u00dfen. N\u00e4here Infos zu den Zeiten, Ort und der Gruppeneinteilung erfolgen in den n\u00e4chsten Tagen. Hajime!<\/p>\n","protected":false},"excerpt":{"rendered":"<p>Ab dem 22. M\u00e4rz werden wir wieder mit unserem Training beginnen. Da wir in der Halle uns nicht aufhalten d\u00fcrfen, trainieren wir drau\u00dfen. N\u00e4here Infos zu den Zeiten, Ort und der Gruppeneinteilung erfolgen in den n\u00e4chsten Tagen. Hajime!<\/p>\n","protected":false},"author":2,"featured_media":12673,"comment_status":"closed","ping_status":"open","sticky":false,"template":"","format":"standard","meta":{"_et_pb_use_builder":"","_et_pb_old_content":"","_et_gb_content_width":"","footnotes":""},"categories":[1],"tags":[],"class_list":["post-15315","post","type-post","status-publish","format-standard","has-post-thumbnail","hentry","category-uncategorized"],"_links":{"self":[{"href":"https:\/\/xn--judo-lbben-feb.de\/index.php?rest_route=\/wp\/v2\/posts\/15315","targetHints":{"allow":["GET"]}}],"collection":[{"href":"https:\/\/xn--judo-lbben-feb.de\/index.php?rest_route=\/wp\/v2\/posts"}],"about":[{"href":"https:\/\/xn--judo-lbben-feb.de\/index.php?rest_route=\/wp\/v2\/types\/post"}],"author":[{"embeddable":true,"href":"https:\/\/xn--judo-lbben-feb.de\/index.php?rest_route=\/wp\/v2\/users\/2"}],"replies":[{"embeddable":true,"href":"https:\/\/xn--judo-lbben-feb.de\/index.php?rest_route=%2Fwp%2Fv2%2Fcomments&post=15315"}],"version-history":[{"count":1,"href":"https:\/\/xn--judo-lbben-feb.de\/index.php?rest_route=\/wp\/v2\/posts\/15315\/revisions"}],"predecessor-version":[{"id":15316,"href":"https:\/\/xn--judo-lbben-feb.de\/index.php?rest_route=\/wp\/v2\/posts\/15315\/revisions\/15316"}],"wp:featuredmedia":[{"embeddable":true,"href":"https:\/\/xn--judo-lbben-feb.de\/index.php?rest_route=\/wp\/v2\/media\/12673"}],"wp:attachment":[{"href":"https:\/\/xn--judo-lbben-feb.de\/index.php?rest_route=%2Fwp%2Fv2%2Fmedia&parent=15315"}],"wp:term":[{"taxonomy":"category","embeddable":true,"href":"https:\/\/xn--judo-lbben-feb.de\/index.php?rest_route=%2Fwp%2Fv2%2Fcategories&post=15315"},{"taxonomy":"post_tag","embeddable":true,"href":"https:\/\/xn--judo-lbben-feb.de\/index.php?rest_route=%2Fwp%2Fv2%2Ftags&post=15315"}],"curies":[{"name":"wp","href":"https:\/\/api.w.org\/{rel}","templated":true}]}}