{"id":14957,"date":"2020-01-25T20:22:00","date_gmt":"2020-01-25T19:22:00","guid":{"rendered":"http:\/\/xn--judo-lbben-feb.de\/?p=14957"},"modified":"2020-01-31T20:22:53","modified_gmt":"2020-01-31T19:22:53","slug":"elisa-ist-landesmeisterin","status":"publish","type":"post","link":"https:\/\/xn--judo-lbben-feb.de\/?p=14957","title":{"rendered":"Elisa ist Landesmeisterin"},"content":{"rendered":"\n<p>Am 25. Januar war es wieder soweit Landesmeisterschaften der U18 in Strausberg standen im Wettkampfplan. In diesen Jahr nahm aus unserem Verein nur Elisa teil. Dies aber mit Erfolg. In einer ausgeglichenen Gruppe hatte Elisa 3 K\u00e4mpfe. Im ersten Kampf musste sie sich durch eine W\u00fcrgetechnik  geschlagen geben. Dann folgten zwei  \u00fcberzeugende Siege.  Da jede K\u00e4mpferin in der Gruppe ein oder zwei Niederlagen hatte, sollten die Punkte und die K\u00e4mpfe gegeneinander entscheiden. Hier hatte Elisa die besseren Karten und gewann zum 5. Mal in Folge den Landesmeistertitel. Herzlichen Gl\u00fcckwunsch und viel Erfolg bei den kommenden Nord-Ost-Deutschen Meistenschaften am 15. Februar wieder in Strausberg. <\/p>\n\n\n\n<figure class=\"wp-block-gallery columns-1 is-cropped wp-block-gallery-1 is-layout-flex wp-block-gallery-is-layout-flex\"><ul class=\"blocks-gallery-grid\"><li class=\"blocks-gallery-item\"><figure><a href=\"https:\/\/xn--judo-lbben-feb.de\/wp-content\/uploads\/2020\/01\/DSC02827-FILEminimizer.jpg\"><img loading=\"lazy\" decoding=\"async\" width=\"1024\" height=\"768\" src=\"https:\/\/xn--judo-lbben-feb.de\/wp-content\/uploads\/2020\/01\/DSC02827-FILEminimizer.jpg\" alt=\"\" data-id=\"14958\" data-full-url=\"https:\/\/xn--judo-lbben-feb.de\/wp-content\/uploads\/2020\/01\/DSC02827-FILEminimizer.jpg\" data-link=\"https:\/\/xn--judo-lbben-feb.de\/?attachment_id=14958\" class=\"wp-image-14958\" srcset=\"https:\/\/xn--judo-lbben-feb.de\/wp-content\/uploads\/2020\/01\/DSC02827-FILEminimizer.jpg 1024w, https:\/\/xn--judo-lbben-feb.de\/wp-content\/uploads\/2020\/01\/DSC02827-FILEminimizer-300x225.jpg 300w, https:\/\/xn--judo-lbben-feb.de\/wp-content\/uploads\/2020\/01\/DSC02827-FILEminimizer-768x576.jpg 768w\" sizes=\"auto, (max-width: 1024px) 100vw, 1024px\" \/><\/a><\/figure><\/li><\/ul><\/figure>\n","protected":false},"excerpt":{"rendered":"<p>Am 25. Januar war es wieder soweit Landesmeisterschaften der U18 in Strausberg standen im Wettkampfplan. In diesen Jahr nahm aus unserem Verein nur Elisa teil. Dies aber mit Erfolg. In einer ausgeglichenen Gruppe hatte Elisa 3 K\u00e4mpfe. Im ersten Kampf musste sie sich durch eine W\u00fcrgetechnik geschlagen geben. Dann folgten zwei \u00fcberzeugende Siege. Da jede [&hellip;]<\/p>\n","protected":false},"author":2,"featured_media":14959,"comment_status":"closed","ping_status":"open","sticky":false,"template":"","format":"standard","meta":{"_et_pb_use_builder":"","_et_pb_old_content":"","_et_gb_content_width":"","footnotes":""},"categories":[2],"tags":[],"class_list":["post-14957","post","type-post","status-publish","format-standard","has-post-thumbnail","hentry","category-news"],"_links":{"self":[{"href":"https:\/\/xn--judo-lbben-feb.de\/index.php?rest_route=\/wp\/v2\/posts\/14957","targetHints":{"allow":["GET"]}}],"collection":[{"href":"https:\/\/xn--judo-lbben-feb.de\/index.php?rest_route=\/wp\/v2\/posts"}],"about":[{"href":"https:\/\/xn--judo-lbben-feb.de\/index.php?rest_route=\/wp\/v2\/types\/post"}],"author":[{"embeddable":true,"href":"https:\/\/xn--judo-lbben-feb.de\/index.php?rest_route=\/wp\/v2\/users\/2"}],"replies":[{"embeddable":true,"href":"https:\/\/xn--judo-lbben-feb.de\/index.php?rest_route=%2Fwp%2Fv2%2Fcomments&post=14957"}],"version-history":[{"count":1,"href":"https:\/\/xn--judo-lbben-feb.de\/index.php?rest_route=\/wp\/v2\/posts\/14957\/revisions"}],"predecessor-version":[{"id":14961,"href":"https:\/\/xn--judo-lbben-feb.de\/index.php?rest_route=\/wp\/v2\/posts\/14957\/revisions\/14961"}],"wp:featuredmedia":[{"embeddable":true,"href":"https:\/\/xn--judo-lbben-feb.de\/index.php?rest_route=\/wp\/v2\/media\/14959"}],"wp:attachment":[{"href":"https:\/\/xn--judo-lbben-feb.de\/index.php?rest_route=%2Fwp%2Fv2%2Fmedia&parent=14957"}],"wp:term":[{"taxonomy":"category","embeddable":true,"href":"https:\/\/xn--judo-lbben-feb.de\/index.php?rest_route=%2Fwp%2Fv2%2Fcategories&post=14957"},{"taxonomy":"post_tag","embeddable":true,"href":"https:\/\/xn--judo-lbben-feb.de\/index.php?rest_route=%2Fwp%2Fv2%2Ftags&post=14957"}],"curies":[{"name":"wp","href":"https:\/\/api.w.org\/{rel}","templated":true}]}}