{"id":14761,"date":"2019-10-26T19:47:14","date_gmt":"2019-10-26T18:47:14","guid":{"rendered":"http:\/\/xn--judo-lbben-feb.de\/?p=14761"},"modified":"2019-10-27T20:54:15","modified_gmt":"2019-10-27T19:54:15","slug":"11mal-edelmetall-beim-seeturnier","status":"publish","type":"post","link":"https:\/\/xn--judo-lbben-feb.de\/?p=14761","title":{"rendered":"11mal Edelmetall beim Seeturnier"},"content":{"rendered":"\n<p style=\"text-align:center\">Traditionell nehmen die L\u00fcbbener Judokas im Oktober am\nSeeturnier in Senftenberg teil. In diesem Jahr waren rund 25 Vereine aus\nmehreren Bundesl\u00e4ndern und Tschechien angereist \u2013 unter ihnen auch 12 K\u00e4mpfer\naus L\u00fcbben. Besonders bei den J\u00fcngsten waren die Gewichtsklassen gut gef\u00fcllt.\nUmso erfreulicher war das sehr gute Abschneiden, der vier teilgenommenen Spreewaldst\u00e4dter,\nin der Altersklasse U9. Mit drei 1. Pl\u00e4tzen durch Erik Maa\u00df, Piet Hampusch,\nSascha Suppan und einen weiteren 3. Platz f\u00fcr Vincent Rechenberger erreichten\nsie ein Top-Ergebnis. Aber auch Elisa Rudnik \u00fcberzeugte wieder einmal. Sie trat\nin der U15 an und belegte zum 6mal in diesem Jahr Platz 1. Weitere ausgezeichnete\n2. Pl\u00e4tze erk\u00e4mpften sich Julia Richter und Julia Bleich in der U11. Die\ndritten Pl\u00e4tze von Niels Mann(U11), Nelly Hampusch, Erik Rechenberger und\nJulius Streicher (alle U13) rundeten den ausgezeichneten Auftritt der L\u00fcbbener ab.\nEin gro\u00dfes Lob geht auch an Anna Maa\u00df, die sich mit ihrer geringen\nKampferfahrung tapfer schlug, aber gegen h\u00f6hergraduierte Gegner, mit Platz 5, nur\nknapp eine Medaille verpasste. <\/p>\n\n\n\n<ul class=\"wp-block-gallery aligncenter columns-2 is-cropped wp-block-gallery-1 is-layout-flex wp-block-gallery-is-layout-flex\"><li class=\"blocks-gallery-item\"><figure><a href=\"https:\/\/xn--judo-lbben-feb.de\/wp-content\/uploads\/2019\/10\/DSC02345-FILEminimizer-1024x768.jpg\"><img loading=\"lazy\" decoding=\"async\" width=\"1024\" height=\"768\" src=\"https:\/\/xn--judo-lbben-feb.de\/wp-content\/uploads\/2019\/10\/DSC02345-FILEminimizer-1024x768.jpg\" alt=\"\" data-id=\"14762\" data-link=\"https:\/\/xn--judo-lbben-feb.de\/?attachment_id=14762\" class=\"wp-image-14762\" srcset=\"https:\/\/xn--judo-lbben-feb.de\/wp-content\/uploads\/2019\/10\/DSC02345-FILEminimizer.jpg 1024w, https:\/\/xn--judo-lbben-feb.de\/wp-content\/uploads\/2019\/10\/DSC02345-FILEminimizer-300x225.jpg 300w, https:\/\/xn--judo-lbben-feb.de\/wp-content\/uploads\/2019\/10\/DSC02345-FILEminimizer-768x576.jpg 768w\" sizes=\"auto, (max-width: 1024px) 100vw, 1024px\" \/><\/a><\/figure><\/li><li class=\"blocks-gallery-item\"><figure><a href=\"https:\/\/xn--judo-lbben-feb.de\/wp-content\/uploads\/2019\/10\/DSC02348-FILEminimizer-1024x768.jpg\"><img loading=\"lazy\" decoding=\"async\" width=\"1024\" height=\"768\" src=\"https:\/\/xn--judo-lbben-feb.de\/wp-content\/uploads\/2019\/10\/DSC02348-FILEminimizer-1024x768.jpg\" alt=\"\" data-id=\"14763\" data-link=\"https:\/\/xn--judo-lbben-feb.de\/?attachment_id=14763\" class=\"wp-image-14763\" srcset=\"https:\/\/xn--judo-lbben-feb.de\/wp-content\/uploads\/2019\/10\/DSC02348-FILEminimizer.jpg 1024w, https:\/\/xn--judo-lbben-feb.de\/wp-content\/uploads\/2019\/10\/DSC02348-FILEminimizer-300x225.jpg 300w, https:\/\/xn--judo-lbben-feb.de\/wp-content\/uploads\/2019\/10\/DSC02348-FILEminimizer-768x576.jpg 768w\" sizes=\"auto, (max-width: 1024px) 100vw, 1024px\" \/><\/a><\/figure><\/li><li class=\"blocks-gallery-item\"><figure><a href=\"https:\/\/xn--judo-lbben-feb.de\/wp-content\/uploads\/2019\/10\/DSC02350-FILEminimizer-1024x768.jpg\"><img loading=\"lazy\" decoding=\"async\" width=\"1024\" height=\"768\" src=\"https:\/\/xn--judo-lbben-feb.de\/wp-content\/uploads\/2019\/10\/DSC02350-FILEminimizer-1024x768.jpg\" alt=\"\" data-id=\"14764\" data-link=\"https:\/\/xn--judo-lbben-feb.de\/?attachment_id=14764\" class=\"wp-image-14764\" srcset=\"https:\/\/xn--judo-lbben-feb.de\/wp-content\/uploads\/2019\/10\/DSC02350-FILEminimizer.jpg 1024w, https:\/\/xn--judo-lbben-feb.de\/wp-content\/uploads\/2019\/10\/DSC02350-FILEminimizer-300x225.jpg 300w, https:\/\/xn--judo-lbben-feb.de\/wp-content\/uploads\/2019\/10\/DSC02350-FILEminimizer-768x576.jpg 768w\" sizes=\"auto, (max-width: 1024px) 100vw, 1024px\" \/><\/a><\/figure><\/li><li class=\"blocks-gallery-item\"><figure><a href=\"https:\/\/xn--judo-lbben-feb.de\/wp-content\/uploads\/2019\/10\/DSC02356-FILEminimizer-1024x768.jpg\"><img loading=\"lazy\" decoding=\"async\" width=\"1024\" height=\"768\" src=\"https:\/\/xn--judo-lbben-feb.de\/wp-content\/uploads\/2019\/10\/DSC02356-FILEminimizer-1024x768.jpg\" alt=\"\" data-id=\"14765\" data-link=\"https:\/\/xn--judo-lbben-feb.de\/?attachment_id=14765\" class=\"wp-image-14765\" srcset=\"https:\/\/xn--judo-lbben-feb.de\/wp-content\/uploads\/2019\/10\/DSC02356-FILEminimizer.jpg 1024w, https:\/\/xn--judo-lbben-feb.de\/wp-content\/uploads\/2019\/10\/DSC02356-FILEminimizer-300x225.jpg 300w, https:\/\/xn--judo-lbben-feb.de\/wp-content\/uploads\/2019\/10\/DSC02356-FILEminimizer-768x576.jpg 768w\" sizes=\"auto, (max-width: 1024px) 100vw, 1024px\" \/><\/a><\/figure><\/li><li class=\"blocks-gallery-item\"><figure><a href=\"https:\/\/xn--judo-lbben-feb.de\/wp-content\/uploads\/2019\/10\/DSC02366-FILEminimizer-1024x768.jpg\"><img loading=\"lazy\" decoding=\"async\" width=\"1024\" height=\"768\" src=\"https:\/\/xn--judo-lbben-feb.de\/wp-content\/uploads\/2019\/10\/DSC02366-FILEminimizer-1024x768.jpg\" alt=\"\" data-id=\"14766\" data-link=\"https:\/\/xn--judo-lbben-feb.de\/?attachment_id=14766\" class=\"wp-image-14766\" srcset=\"https:\/\/xn--judo-lbben-feb.de\/wp-content\/uploads\/2019\/10\/DSC02366-FILEminimizer.jpg 1024w, https:\/\/xn--judo-lbben-feb.de\/wp-content\/uploads\/2019\/10\/DSC02366-FILEminimizer-300x225.jpg 300w, https:\/\/xn--judo-lbben-feb.de\/wp-content\/uploads\/2019\/10\/DSC02366-FILEminimizer-768x576.jpg 768w\" sizes=\"auto, (max-width: 1024px) 100vw, 1024px\" \/><\/a><\/figure><\/li><li class=\"blocks-gallery-item\"><figure><a href=\"https:\/\/xn--judo-lbben-feb.de\/wp-content\/uploads\/2019\/10\/DSC02369-FILEminimizer-1024x768.jpg\"><img loading=\"lazy\" decoding=\"async\" width=\"1024\" height=\"768\" src=\"https:\/\/xn--judo-lbben-feb.de\/wp-content\/uploads\/2019\/10\/DSC02369-FILEminimizer-1024x768.jpg\" alt=\"\" data-id=\"14767\" data-link=\"https:\/\/xn--judo-lbben-feb.de\/?attachment_id=14767\" class=\"wp-image-14767\" srcset=\"https:\/\/xn--judo-lbben-feb.de\/wp-content\/uploads\/2019\/10\/DSC02369-FILEminimizer.jpg 1024w, https:\/\/xn--judo-lbben-feb.de\/wp-content\/uploads\/2019\/10\/DSC02369-FILEminimizer-300x225.jpg 300w, https:\/\/xn--judo-lbben-feb.de\/wp-content\/uploads\/2019\/10\/DSC02369-FILEminimizer-768x576.jpg 768w\" sizes=\"auto, (max-width: 1024px) 100vw, 1024px\" \/><\/a><\/figure><\/li><li class=\"blocks-gallery-item\"><figure><a href=\"https:\/\/xn--judo-lbben-feb.de\/wp-content\/uploads\/2019\/10\/DSC02373-FILEminimizer-1024x768.jpg\"><img loading=\"lazy\" decoding=\"async\" width=\"1024\" height=\"768\" src=\"https:\/\/xn--judo-lbben-feb.de\/wp-content\/uploads\/2019\/10\/DSC02373-FILEminimizer-1024x768.jpg\" alt=\"\" data-id=\"14768\" data-link=\"https:\/\/xn--judo-lbben-feb.de\/?attachment_id=14768\" class=\"wp-image-14768\" srcset=\"https:\/\/xn--judo-lbben-feb.de\/wp-content\/uploads\/2019\/10\/DSC02373-FILEminimizer.jpg 1024w, https:\/\/xn--judo-lbben-feb.de\/wp-content\/uploads\/2019\/10\/DSC02373-FILEminimizer-300x225.jpg 300w, https:\/\/xn--judo-lbben-feb.de\/wp-content\/uploads\/2019\/10\/DSC02373-FILEminimizer-768x576.jpg 768w\" sizes=\"auto, (max-width: 1024px) 100vw, 1024px\" \/><\/a><\/figure><\/li><li class=\"blocks-gallery-item\"><figure><a href=\"https:\/\/xn--judo-lbben-feb.de\/wp-content\/uploads\/2019\/10\/12-1-e1572205555196-768x1024.jpg\"><img loading=\"lazy\" decoding=\"async\" width=\"768\" height=\"1024\" src=\"https:\/\/xn--judo-lbben-feb.de\/wp-content\/uploads\/2019\/10\/12-1-e1572205555196-768x1024.jpg\" alt=\"\" data-id=\"14796\" data-link=\"https:\/\/xn--judo-lbben-feb.de\/?attachment_id=14796\" class=\"wp-image-14796\" srcset=\"https:\/\/xn--judo-lbben-feb.de\/wp-content\/uploads\/2019\/10\/12-1-e1572205555196.jpg 768w, https:\/\/xn--judo-lbben-feb.de\/wp-content\/uploads\/2019\/10\/12-1-e1572205555196-225x300.jpg 225w\" sizes=\"auto, (max-width: 768px) 100vw, 768px\" \/><\/a><\/figure><\/li><li class=\"blocks-gallery-item\"><figure><a href=\"https:\/\/xn--judo-lbben-feb.de\/wp-content\/uploads\/2019\/10\/DSC02378-FILEminimizer-1024x768.jpg\"><img loading=\"lazy\" decoding=\"async\" width=\"1024\" height=\"768\" src=\"https:\/\/xn--judo-lbben-feb.de\/wp-content\/uploads\/2019\/10\/DSC02378-FILEminimizer-1024x768.jpg\" alt=\"\" data-id=\"14769\" data-link=\"https:\/\/xn--judo-lbben-feb.de\/?attachment_id=14769\" class=\"wp-image-14769\" srcset=\"https:\/\/xn--judo-lbben-feb.de\/wp-content\/uploads\/2019\/10\/DSC02378-FILEminimizer.jpg 1024w, https:\/\/xn--judo-lbben-feb.de\/wp-content\/uploads\/2019\/10\/DSC02378-FILEminimizer-300x225.jpg 300w, https:\/\/xn--judo-lbben-feb.de\/wp-content\/uploads\/2019\/10\/DSC02378-FILEminimizer-768x576.jpg 768w\" sizes=\"auto, (max-width: 1024px) 100vw, 1024px\" \/><\/a><\/figure><\/li><li class=\"blocks-gallery-item\"><figure><a href=\"https:\/\/xn--judo-lbben-feb.de\/wp-content\/uploads\/2019\/10\/DSC02408-FILEminimizer-1024x768.jpg\"><img loading=\"lazy\" decoding=\"async\" width=\"1024\" height=\"768\" src=\"https:\/\/xn--judo-lbben-feb.de\/wp-content\/uploads\/2019\/10\/DSC02408-FILEminimizer-1024x768.jpg\" alt=\"\" data-id=\"14771\" data-link=\"https:\/\/xn--judo-lbben-feb.de\/?attachment_id=14771\" class=\"wp-image-14771\" srcset=\"https:\/\/xn--judo-lbben-feb.de\/wp-content\/uploads\/2019\/10\/DSC02408-FILEminimizer.jpg 1024w, https:\/\/xn--judo-lbben-feb.de\/wp-content\/uploads\/2019\/10\/DSC02408-FILEminimizer-300x225.jpg 300w, https:\/\/xn--judo-lbben-feb.de\/wp-content\/uploads\/2019\/10\/DSC02408-FILEminimizer-768x576.jpg 768w\" sizes=\"auto, (max-width: 1024px) 100vw, 1024px\" \/><\/a><\/figure><\/li><li class=\"blocks-gallery-item\"><figure><a href=\"https:\/\/xn--judo-lbben-feb.de\/wp-content\/uploads\/2019\/10\/DSC02413-FILEminimizer-1024x768.jpg\"><img loading=\"lazy\" decoding=\"async\" width=\"1024\" height=\"768\" src=\"https:\/\/xn--judo-lbben-feb.de\/wp-content\/uploads\/2019\/10\/DSC02413-FILEminimizer-1024x768.jpg\" alt=\"\" data-id=\"14772\" data-link=\"https:\/\/xn--judo-lbben-feb.de\/?attachment_id=14772\" class=\"wp-image-14772\" srcset=\"https:\/\/xn--judo-lbben-feb.de\/wp-content\/uploads\/2019\/10\/DSC02413-FILEminimizer.jpg 1024w, https:\/\/xn--judo-lbben-feb.de\/wp-content\/uploads\/2019\/10\/DSC02413-FILEminimizer-300x225.jpg 300w, https:\/\/xn--judo-lbben-feb.de\/wp-content\/uploads\/2019\/10\/DSC02413-FILEminimizer-768x576.jpg 768w\" sizes=\"auto, (max-width: 1024px) 100vw, 1024px\" \/><\/a><\/figure><\/li><li class=\"blocks-gallery-item\"><figure><a href=\"https:\/\/xn--judo-lbben-feb.de\/wp-content\/uploads\/2019\/10\/DSC02418-FILEminimizer-1024x768.jpg\"><img loading=\"lazy\" decoding=\"async\" width=\"1024\" height=\"768\" src=\"https:\/\/xn--judo-lbben-feb.de\/wp-content\/uploads\/2019\/10\/DSC02418-FILEminimizer-1024x768.jpg\" alt=\"\" data-id=\"14773\" data-link=\"https:\/\/xn--judo-lbben-feb.de\/?attachment_id=14773\" class=\"wp-image-14773\" srcset=\"https:\/\/xn--judo-lbben-feb.de\/wp-content\/uploads\/2019\/10\/DSC02418-FILEminimizer.jpg 1024w, https:\/\/xn--judo-lbben-feb.de\/wp-content\/uploads\/2019\/10\/DSC02418-FILEminimizer-300x225.jpg 300w, https:\/\/xn--judo-lbben-feb.de\/wp-content\/uploads\/2019\/10\/DSC02418-FILEminimizer-768x576.jpg 768w\" sizes=\"auto, (max-width: 1024px) 100vw, 1024px\" \/><\/a><\/figure><\/li><li class=\"blocks-gallery-item\"><figure><a href=\"https:\/\/xn--judo-lbben-feb.de\/wp-content\/uploads\/2019\/10\/DSC02422-FILEminimizer-1024x768.jpg\"><img loading=\"lazy\" decoding=\"async\" width=\"1024\" height=\"768\" src=\"https:\/\/xn--judo-lbben-feb.de\/wp-content\/uploads\/2019\/10\/DSC02422-FILEminimizer-1024x768.jpg\" alt=\"\" data-id=\"14774\" data-link=\"https:\/\/xn--judo-lbben-feb.de\/?attachment_id=14774\" class=\"wp-image-14774\" srcset=\"https:\/\/xn--judo-lbben-feb.de\/wp-content\/uploads\/2019\/10\/DSC02422-FILEminimizer.jpg 1024w, https:\/\/xn--judo-lbben-feb.de\/wp-content\/uploads\/2019\/10\/DSC02422-FILEminimizer-300x225.jpg 300w, https:\/\/xn--judo-lbben-feb.de\/wp-content\/uploads\/2019\/10\/DSC02422-FILEminimizer-768x576.jpg 768w\" sizes=\"auto, (max-width: 1024px) 100vw, 1024px\" \/><\/a><\/figure><\/li><li class=\"blocks-gallery-item\"><figure><a href=\"https:\/\/xn--judo-lbben-feb.de\/wp-content\/uploads\/2019\/10\/DSC02427-FILEminimizer-1024x768.jpg\"><img loading=\"lazy\" decoding=\"async\" width=\"1024\" height=\"768\" src=\"https:\/\/xn--judo-lbben-feb.de\/wp-content\/uploads\/2019\/10\/DSC02427-FILEminimizer-1024x768.jpg\" alt=\"\" data-id=\"14775\" data-link=\"https:\/\/xn--judo-lbben-feb.de\/?attachment_id=14775\" class=\"wp-image-14775\" srcset=\"https:\/\/xn--judo-lbben-feb.de\/wp-content\/uploads\/2019\/10\/DSC02427-FILEminimizer.jpg 1024w, https:\/\/xn--judo-lbben-feb.de\/wp-content\/uploads\/2019\/10\/DSC02427-FILEminimizer-300x225.jpg 300w, https:\/\/xn--judo-lbben-feb.de\/wp-content\/uploads\/2019\/10\/DSC02427-FILEminimizer-768x576.jpg 768w\" sizes=\"auto, (max-width: 1024px) 100vw, 1024px\" \/><\/a><\/figure><\/li><li class=\"blocks-gallery-item\"><figure><a href=\"https:\/\/xn--judo-lbben-feb.de\/wp-content\/uploads\/2019\/10\/DSC02428-FILEminimizer-1024x768.jpg\"><img loading=\"lazy\" decoding=\"async\" width=\"1024\" height=\"768\" src=\"https:\/\/xn--judo-lbben-feb.de\/wp-content\/uploads\/2019\/10\/DSC02428-FILEminimizer-1024x768.jpg\" alt=\"\" data-id=\"14776\" data-link=\"https:\/\/xn--judo-lbben-feb.de\/?attachment_id=14776\" class=\"wp-image-14776\" srcset=\"https:\/\/xn--judo-lbben-feb.de\/wp-content\/uploads\/2019\/10\/DSC02428-FILEminimizer.jpg 1024w, https:\/\/xn--judo-lbben-feb.de\/wp-content\/uploads\/2019\/10\/DSC02428-FILEminimizer-300x225.jpg 300w, https:\/\/xn--judo-lbben-feb.de\/wp-content\/uploads\/2019\/10\/DSC02428-FILEminimizer-768x576.jpg 768w\" sizes=\"auto, (max-width: 1024px) 100vw, 1024px\" \/><\/a><\/figure><\/li><li class=\"blocks-gallery-item\"><figure><a href=\"https:\/\/xn--judo-lbben-feb.de\/wp-content\/uploads\/2019\/10\/DSC02429-FILEminimizer-1024x768.jpg\"><img loading=\"lazy\" decoding=\"async\" width=\"1024\" height=\"768\" src=\"https:\/\/xn--judo-lbben-feb.de\/wp-content\/uploads\/2019\/10\/DSC02429-FILEminimizer-1024x768.jpg\" alt=\"\" data-id=\"14777\" data-link=\"https:\/\/xn--judo-lbben-feb.de\/?attachment_id=14777\" class=\"wp-image-14777\" srcset=\"https:\/\/xn--judo-lbben-feb.de\/wp-content\/uploads\/2019\/10\/DSC02429-FILEminimizer.jpg 1024w, https:\/\/xn--judo-lbben-feb.de\/wp-content\/uploads\/2019\/10\/DSC02429-FILEminimizer-300x225.jpg 300w, https:\/\/xn--judo-lbben-feb.de\/wp-content\/uploads\/2019\/10\/DSC02429-FILEminimizer-768x576.jpg 768w\" sizes=\"auto, (max-width: 1024px) 100vw, 1024px\" \/><\/a><\/figure><\/li><li class=\"blocks-gallery-item\"><figure><a href=\"https:\/\/xn--judo-lbben-feb.de\/wp-content\/uploads\/2019\/10\/DSC02430-FILEminimizer-1024x768.jpg\"><img loading=\"lazy\" decoding=\"async\" width=\"1024\" height=\"768\" src=\"https:\/\/xn--judo-lbben-feb.de\/wp-content\/uploads\/2019\/10\/DSC02430-FILEminimizer-1024x768.jpg\" alt=\"\" data-id=\"14778\" data-link=\"https:\/\/xn--judo-lbben-feb.de\/?attachment_id=14778\" class=\"wp-image-14778\" srcset=\"https:\/\/xn--judo-lbben-feb.de\/wp-content\/uploads\/2019\/10\/DSC02430-FILEminimizer.jpg 1024w, https:\/\/xn--judo-lbben-feb.de\/wp-content\/uploads\/2019\/10\/DSC02430-FILEminimizer-300x225.jpg 300w, https:\/\/xn--judo-lbben-feb.de\/wp-content\/uploads\/2019\/10\/DSC02430-FILEminimizer-768x576.jpg 768w\" sizes=\"auto, (max-width: 1024px) 100vw, 1024px\" \/><\/a><\/figure><\/li><li class=\"blocks-gallery-item\"><figure><a href=\"https:\/\/xn--judo-lbben-feb.de\/wp-content\/uploads\/2019\/10\/DSC02431-FILEminimizer-1024x768.jpg\"><img loading=\"lazy\" decoding=\"async\" width=\"1024\" height=\"768\" src=\"https:\/\/xn--judo-lbben-feb.de\/wp-content\/uploads\/2019\/10\/DSC02431-FILEminimizer-1024x768.jpg\" alt=\"\" data-id=\"14779\" data-link=\"https:\/\/xn--judo-lbben-feb.de\/?attachment_id=14779\" class=\"wp-image-14779\" srcset=\"https:\/\/xn--judo-lbben-feb.de\/wp-content\/uploads\/2019\/10\/DSC02431-FILEminimizer.jpg 1024w, https:\/\/xn--judo-lbben-feb.de\/wp-content\/uploads\/2019\/10\/DSC02431-FILEminimizer-300x225.jpg 300w, https:\/\/xn--judo-lbben-feb.de\/wp-content\/uploads\/2019\/10\/DSC02431-FILEminimizer-768x576.jpg 768w\" sizes=\"auto, (max-width: 1024px) 100vw, 1024px\" \/><\/a><\/figure><\/li><li class=\"blocks-gallery-item\"><figure><a href=\"https:\/\/xn--judo-lbben-feb.de\/wp-content\/uploads\/2019\/10\/DSC02432-FILEminimizer-1024x768.jpg\"><img loading=\"lazy\" decoding=\"async\" width=\"1024\" height=\"768\" src=\"https:\/\/xn--judo-lbben-feb.de\/wp-content\/uploads\/2019\/10\/DSC02432-FILEminimizer-1024x768.jpg\" alt=\"\" data-id=\"14780\" data-link=\"https:\/\/xn--judo-lbben-feb.de\/?attachment_id=14780\" class=\"wp-image-14780\" srcset=\"https:\/\/xn--judo-lbben-feb.de\/wp-content\/uploads\/2019\/10\/DSC02432-FILEminimizer.jpg 1024w, https:\/\/xn--judo-lbben-feb.de\/wp-content\/uploads\/2019\/10\/DSC02432-FILEminimizer-300x225.jpg 300w, https:\/\/xn--judo-lbben-feb.de\/wp-content\/uploads\/2019\/10\/DSC02432-FILEminimizer-768x576.jpg 768w\" sizes=\"auto, (max-width: 1024px) 100vw, 1024px\" \/><\/a><\/figure><\/li><li class=\"blocks-gallery-item\"><figure><a href=\"https:\/\/xn--judo-lbben-feb.de\/wp-content\/uploads\/2019\/10\/DSC02433-FILEminimizer-1024x768.jpg\"><img loading=\"lazy\" decoding=\"async\" width=\"1024\" height=\"768\" src=\"https:\/\/xn--judo-lbben-feb.de\/wp-content\/uploads\/2019\/10\/DSC02433-FILEminimizer-1024x768.jpg\" alt=\"\" data-id=\"14781\" data-link=\"https:\/\/xn--judo-lbben-feb.de\/?attachment_id=14781\" class=\"wp-image-14781\" srcset=\"https:\/\/xn--judo-lbben-feb.de\/wp-content\/uploads\/2019\/10\/DSC02433-FILEminimizer.jpg 1024w, https:\/\/xn--judo-lbben-feb.de\/wp-content\/uploads\/2019\/10\/DSC02433-FILEminimizer-300x225.jpg 300w, https:\/\/xn--judo-lbben-feb.de\/wp-content\/uploads\/2019\/10\/DSC02433-FILEminimizer-768x576.jpg 768w\" sizes=\"auto, (max-width: 1024px) 100vw, 1024px\" \/><\/a><\/figure><\/li><li class=\"blocks-gallery-item\"><figure><a href=\"https:\/\/xn--judo-lbben-feb.de\/wp-content\/uploads\/2019\/10\/DSC02480-FILEminimizer-1024x768.jpg\"><img loading=\"lazy\" decoding=\"async\" width=\"1024\" height=\"768\" src=\"https:\/\/xn--judo-lbben-feb.de\/wp-content\/uploads\/2019\/10\/DSC02480-FILEminimizer-1024x768.jpg\" alt=\"\" data-id=\"14782\" data-link=\"https:\/\/xn--judo-lbben-feb.de\/?attachment_id=14782\" class=\"wp-image-14782\" srcset=\"https:\/\/xn--judo-lbben-feb.de\/wp-content\/uploads\/2019\/10\/DSC02480-FILEminimizer.jpg 1024w, https:\/\/xn--judo-lbben-feb.de\/wp-content\/uploads\/2019\/10\/DSC02480-FILEminimizer-300x225.jpg 300w, https:\/\/xn--judo-lbben-feb.de\/wp-content\/uploads\/2019\/10\/DSC02480-FILEminimizer-768x576.jpg 768w\" sizes=\"auto, (max-width: 1024px) 100vw, 1024px\" \/><\/a><\/figure><\/li><li class=\"blocks-gallery-item\"><figure><a href=\"https:\/\/xn--judo-lbben-feb.de\/wp-content\/uploads\/2019\/10\/DSC02501-FILEminimizer-1024x768.jpg\"><img loading=\"lazy\" decoding=\"async\" width=\"1024\" height=\"768\" src=\"https:\/\/xn--judo-lbben-feb.de\/wp-content\/uploads\/2019\/10\/DSC02501-FILEminimizer-1024x768.jpg\" alt=\"\" data-id=\"14783\" data-link=\"https:\/\/xn--judo-lbben-feb.de\/?attachment_id=14783\" class=\"wp-image-14783\" srcset=\"https:\/\/xn--judo-lbben-feb.de\/wp-content\/uploads\/2019\/10\/DSC02501-FILEminimizer.jpg 1024w, https:\/\/xn--judo-lbben-feb.de\/wp-content\/uploads\/2019\/10\/DSC02501-FILEminimizer-300x225.jpg 300w, https:\/\/xn--judo-lbben-feb.de\/wp-content\/uploads\/2019\/10\/DSC02501-FILEminimizer-768x576.jpg 768w\" sizes=\"auto, (max-width: 1024px) 100vw, 1024px\" \/><\/a><\/figure><\/li><li class=\"blocks-gallery-item\"><figure><a href=\"https:\/\/xn--judo-lbben-feb.de\/wp-content\/uploads\/2019\/10\/DSC02507-FILEminimizer-1024x768.jpg\"><img loading=\"lazy\" decoding=\"async\" width=\"1024\" height=\"768\" src=\"https:\/\/xn--judo-lbben-feb.de\/wp-content\/uploads\/2019\/10\/DSC02507-FILEminimizer-1024x768.jpg\" alt=\"\" data-id=\"14784\" data-link=\"https:\/\/xn--judo-lbben-feb.de\/?attachment_id=14784\" class=\"wp-image-14784\" srcset=\"https:\/\/xn--judo-lbben-feb.de\/wp-content\/uploads\/2019\/10\/DSC02507-FILEminimizer.jpg 1024w, https:\/\/xn--judo-lbben-feb.de\/wp-content\/uploads\/2019\/10\/DSC02507-FILEminimizer-300x225.jpg 300w, https:\/\/xn--judo-lbben-feb.de\/wp-content\/uploads\/2019\/10\/DSC02507-FILEminimizer-768x576.jpg 768w\" sizes=\"auto, (max-width: 1024px) 100vw, 1024px\" \/><\/a><\/figure><\/li><li class=\"blocks-gallery-item\"><figure><a href=\"https:\/\/xn--judo-lbben-feb.de\/wp-content\/uploads\/2019\/10\/DSC02590-FILEminimizer-1024x768.jpg\"><img loading=\"lazy\" decoding=\"async\" width=\"1024\" height=\"768\" src=\"https:\/\/xn--judo-lbben-feb.de\/wp-content\/uploads\/2019\/10\/DSC02590-FILEminimizer-1024x768.jpg\" alt=\"\" data-id=\"14789\" data-link=\"https:\/\/xn--judo-lbben-feb.de\/?attachment_id=14789\" class=\"wp-image-14789\" srcset=\"https:\/\/xn--judo-lbben-feb.de\/wp-content\/uploads\/2019\/10\/DSC02590-FILEminimizer.jpg 1024w, https:\/\/xn--judo-lbben-feb.de\/wp-content\/uploads\/2019\/10\/DSC02590-FILEminimizer-300x225.jpg 300w, https:\/\/xn--judo-lbben-feb.de\/wp-content\/uploads\/2019\/10\/DSC02590-FILEminimizer-768x576.jpg 768w\" sizes=\"auto, (max-width: 1024px) 100vw, 1024px\" \/><\/a><\/figure><\/li><li class=\"blocks-gallery-item\"><figure><a href=\"https:\/\/xn--judo-lbben-feb.de\/wp-content\/uploads\/2019\/10\/DSC02584-FILEminimizer-1024x768.jpg\"><img loading=\"lazy\" decoding=\"async\" width=\"1024\" height=\"768\" src=\"https:\/\/xn--judo-lbben-feb.de\/wp-content\/uploads\/2019\/10\/DSC02584-FILEminimizer-1024x768.jpg\" alt=\"\" data-id=\"14788\" data-link=\"https:\/\/xn--judo-lbben-feb.de\/?attachment_id=14788\" class=\"wp-image-14788\" srcset=\"https:\/\/xn--judo-lbben-feb.de\/wp-content\/uploads\/2019\/10\/DSC02584-FILEminimizer.jpg 1024w, https:\/\/xn--judo-lbben-feb.de\/wp-content\/uploads\/2019\/10\/DSC02584-FILEminimizer-300x225.jpg 300w, https:\/\/xn--judo-lbben-feb.de\/wp-content\/uploads\/2019\/10\/DSC02584-FILEminimizer-768x576.jpg 768w\" sizes=\"auto, (max-width: 1024px) 100vw, 1024px\" \/><\/a><\/figure><\/li><li class=\"blocks-gallery-item\"><figure><a href=\"https:\/\/xn--judo-lbben-feb.de\/wp-content\/uploads\/2019\/10\/DSC02560-FILEminimizer-1024x768.jpg\"><img loading=\"lazy\" decoding=\"async\" width=\"1024\" height=\"768\" src=\"https:\/\/xn--judo-lbben-feb.de\/wp-content\/uploads\/2019\/10\/DSC02560-FILEminimizer-1024x768.jpg\" alt=\"\" data-id=\"14785\" data-link=\"https:\/\/xn--judo-lbben-feb.de\/?attachment_id=14785\" class=\"wp-image-14785\" srcset=\"https:\/\/xn--judo-lbben-feb.de\/wp-content\/uploads\/2019\/10\/DSC02560-FILEminimizer.jpg 1024w, https:\/\/xn--judo-lbben-feb.de\/wp-content\/uploads\/2019\/10\/DSC02560-FILEminimizer-300x225.jpg 300w, https:\/\/xn--judo-lbben-feb.de\/wp-content\/uploads\/2019\/10\/DSC02560-FILEminimizer-768x576.jpg 768w\" sizes=\"auto, (max-width: 1024px) 100vw, 1024px\" \/><\/a><\/figure><\/li><li class=\"blocks-gallery-item\"><figure><a href=\"https:\/\/xn--judo-lbben-feb.de\/wp-content\/uploads\/2019\/10\/DSC02564-FILEminimizer-1024x768.jpg\"><img loading=\"lazy\" decoding=\"async\" width=\"1024\" height=\"768\" src=\"https:\/\/xn--judo-lbben-feb.de\/wp-content\/uploads\/2019\/10\/DSC02564-FILEminimizer-1024x768.jpg\" alt=\"\" data-id=\"14786\" data-link=\"https:\/\/xn--judo-lbben-feb.de\/?attachment_id=14786\" class=\"wp-image-14786\" srcset=\"https:\/\/xn--judo-lbben-feb.de\/wp-content\/uploads\/2019\/10\/DSC02564-FILEminimizer.jpg 1024w, https:\/\/xn--judo-lbben-feb.de\/wp-content\/uploads\/2019\/10\/DSC02564-FILEminimizer-300x225.jpg 300w, https:\/\/xn--judo-lbben-feb.de\/wp-content\/uploads\/2019\/10\/DSC02564-FILEminimizer-768x576.jpg 768w\" sizes=\"auto, (max-width: 1024px) 100vw, 1024px\" \/><\/a><\/figure><\/li><li class=\"blocks-gallery-item\"><figure><a href=\"https:\/\/xn--judo-lbben-feb.de\/wp-content\/uploads\/2019\/10\/DSC02568-FILEminimizer-1024x768.jpg\"><img loading=\"lazy\" decoding=\"async\" width=\"1024\" height=\"768\" src=\"https:\/\/xn--judo-lbben-feb.de\/wp-content\/uploads\/2019\/10\/DSC02568-FILEminimizer-1024x768.jpg\" alt=\"\" data-id=\"14787\" data-link=\"https:\/\/xn--judo-lbben-feb.de\/?attachment_id=14787\" class=\"wp-image-14787\" srcset=\"https:\/\/xn--judo-lbben-feb.de\/wp-content\/uploads\/2019\/10\/DSC02568-FILEminimizer.jpg 1024w, https:\/\/xn--judo-lbben-feb.de\/wp-content\/uploads\/2019\/10\/DSC02568-FILEminimizer-300x225.jpg 300w, https:\/\/xn--judo-lbben-feb.de\/wp-content\/uploads\/2019\/10\/DSC02568-FILEminimizer-768x576.jpg 768w\" sizes=\"auto, (max-width: 1024px) 100vw, 1024px\" \/><\/a><\/figure><\/li><\/ul>\n\n\n\n<ul class=\"wp-block-gallery columns-0 is-cropped wp-block-gallery-2 is-layout-flex wp-block-gallery-is-layout-flex\"><\/ul>\n\n\n\n<p><\/p>\n","protected":false},"excerpt":{"rendered":"<p>Traditionell nehmen die L\u00fcbbener Judokas im Oktober am Seeturnier in Senftenberg teil. In diesem Jahr waren rund 25 Vereine aus mehreren Bundesl\u00e4ndern und Tschechien angereist \u2013 unter ihnen auch 12 K\u00e4mpfer aus L\u00fcbben. Besonders bei den J\u00fcngsten waren die Gewichtsklassen gut gef\u00fcllt. Umso erfreulicher war das sehr gute Abschneiden, der vier teilgenommenen Spreewaldst\u00e4dter, in der [&hellip;]<\/p>\n","protected":false},"author":2,"featured_media":14787,"comment_status":"closed","ping_status":"open","sticky":false,"template":"","format":"standard","meta":{"_et_pb_use_builder":"","_et_pb_old_content":"","_et_gb_content_width":"","footnotes":""},"categories":[2],"tags":[],"class_list":["post-14761","post","type-post","status-publish","format-standard","has-post-thumbnail","hentry","category-news"],"_links":{"self":[{"href":"https:\/\/xn--judo-lbben-feb.de\/index.php?rest_route=\/wp\/v2\/posts\/14761","targetHints":{"allow":["GET"]}}],"collection":[{"href":"https:\/\/xn--judo-lbben-feb.de\/index.php?rest_route=\/wp\/v2\/posts"}],"about":[{"href":"https:\/\/xn--judo-lbben-feb.de\/index.php?rest_route=\/wp\/v2\/types\/post"}],"author":[{"embeddable":true,"href":"https:\/\/xn--judo-lbben-feb.de\/index.php?rest_route=\/wp\/v2\/users\/2"}],"replies":[{"embeddable":true,"href":"https:\/\/xn--judo-lbben-feb.de\/index.php?rest_route=%2Fwp%2Fv2%2Fcomments&post=14761"}],"version-history":[{"count":4,"href":"https:\/\/xn--judo-lbben-feb.de\/index.php?rest_route=\/wp\/v2\/posts\/14761\/revisions"}],"predecessor-version":[{"id":14798,"href":"https:\/\/xn--judo-lbben-feb.de\/index.php?rest_route=\/wp\/v2\/posts\/14761\/revisions\/14798"}],"wp:featuredmedia":[{"embeddable":true,"href":"https:\/\/xn--judo-lbben-feb.de\/index.php?rest_route=\/wp\/v2\/media\/14787"}],"wp:attachment":[{"href":"https:\/\/xn--judo-lbben-feb.de\/index.php?rest_route=%2Fwp%2Fv2%2Fmedia&parent=14761"}],"wp:term":[{"taxonomy":"category","embeddable":true,"href":"https:\/\/xn--judo-lbben-feb.de\/index.php?rest_route=%2Fwp%2Fv2%2Fcategories&post=14761"},{"taxonomy":"post_tag","embeddable":true,"href":"https:\/\/xn--judo-lbben-feb.de\/index.php?rest_route=%2Fwp%2Fv2%2Ftags&post=14761"}],"curies":[{"name":"wp","href":"https:\/\/api.w.org\/{rel}","templated":true}]}}