{"id":14297,"date":"2019-08-24T16:34:43","date_gmt":"2019-08-24T15:34:43","guid":{"rendered":"http:\/\/xn--judo-lbben-feb.de\/?p=14297"},"modified":"2019-10-19T14:38:28","modified_gmt":"2019-10-19T13:38:28","slug":"8-anfaengerturnier-vetschau-u7-u9-u11","status":"publish","type":"post","link":"https:\/\/xn--judo-lbben-feb.de\/?p=14297","title":{"rendered":"8. Anf\u00e4ngerturnier in Vetschau U7\/U9\/U11"},"content":{"rendered":"\n<p style=\"text-align:center\">Samstag morgen trafen wir uns zum ersten Turnier des Schuljahres. Judokas mit wei\u00dfem und wei\u00df\/gelben Gurt waren gefragt. Wir nahmen zu acht am Turnier teil. Insgesamt reisten 82 Teilnehmer aus 12 Vereinen an. In angenehmer Atmosph\u00e4re wurde auf zwei Matten mit 5 Karis gek\u00e4mpft. F\u00fcr leckere Verpflegung wurde gesorgt. Vor dem Turnier leitete Leon Kupsch vom Vetschauer Verein und Sportsch\u00fcler die Erw\u00e4rmung f\u00fcr alle. Vincent und Erik als die vermeintlich schw\u00e4chsten Gegner in ihrer Gruppe setzten sich durch. Erik wurde 1. und Vincent musste sich nur im Kampf gegen Erik geschlagen geben und wurde damit Zweiter. Ganz toll gek\u00e4mpft! F\u00fcr Katharina war es das erste Turnier. 3 K\u00e4mpfe musste sie verloren geben, davon einen knapp. Trotzdem Bronze. Piet, Sascha und Niels konnten sich gegen ihre Gegner souver\u00e4n durchsetzen. Alle drei erk\u00e4mpften sich einen 1. Platz.  Gratulation! Nicolas und Jonas fehlte leider die Routine. Sie belegten in ihren Gruppen die 3. Pl\u00e4tze. Insgesamt ein sch\u00f6nes Turnier. Wir waren bereits am fr\u00fchen Nachmittag wieder zur\u00fcck und konnten das Wetter genie\u00dfen. Dank auch an die begleitenden Eltern.<\/p>\n\n\n\n<p><strong>Die Ergebnisse:<\/strong><\/p>\n\n\n\n<table id=\"tablepress-50\" class=\"tablepress tablepress-id-50\">\n<thead>\n<tr class=\"row-1\">\n\t<th class=\"column-1\">Name<\/th><th class=\"column-2\">Teiln.<\/th><th class=\"column-3\">1<\/th><th class=\"column-4\">2<\/th><th class=\"column-5\">3<\/th><th class=\"column-6\">Platz<\/th>\n<\/tr>\n<\/thead>\n<tbody class=\"row-striping row-hover\">\n<tr class=\"row-2\">\n\t<td class=\"column-1\">Vincent<\/td><td class=\"column-2\">4<\/td><td class=\"column-3\">10<\/td><td class=\"column-4\">0<\/td><td class=\"column-5\">10<\/td><td class=\"column-6\">2<\/td>\n<\/tr>\n<tr class=\"row-3\">\n\t<td class=\"column-1\">Erik<\/td><td class=\"column-2\">4<\/td><td class=\"column-3\">10<\/td><td class=\"column-4\">10<\/td><td class=\"column-5\">10<\/td><td class=\"column-6\">1<\/td>\n<\/tr>\n<tr class=\"row-4\">\n\t<td class=\"column-1\">Sascha<\/td><td class=\"column-2\">3<\/td><td class=\"column-3\">10<\/td><td class=\"column-4\">10<\/td><td class=\"column-5\"><\/td><td class=\"column-6\">1<\/td>\n<\/tr>\n<tr class=\"row-5\">\n\t<td class=\"column-1\">Piet<\/td><td class=\"column-2\">4<\/td><td class=\"column-3\">10<\/td><td class=\"column-4\">10<\/td><td class=\"column-5\">10<\/td><td class=\"column-6\">1<\/td>\n<\/tr>\n<tr class=\"row-6\">\n\t<td class=\"column-1\">Nicolas<\/td><td class=\"column-2\">4<\/td><td class=\"column-3\">10<\/td><td class=\"column-4\">0<\/td><td class=\"column-5\">0<\/td><td class=\"column-6\">3<\/td>\n<\/tr>\n<tr class=\"row-7\">\n\t<td class=\"column-1\">Katarina<\/td><td class=\"column-2\">4<\/td><td class=\"column-3\">0<\/td><td class=\"column-4\">0<\/td><td class=\"column-5\">0<\/td><td class=\"column-6\">3<\/td>\n<\/tr>\n<tr class=\"row-8\">\n\t<td class=\"column-1\">Nils<\/td><td class=\"column-2\">2<\/td><td class=\"column-3\">10<\/td><td class=\"column-4\">10<\/td><td class=\"column-5\"><\/td><td class=\"column-6\">1<\/td>\n<\/tr>\n<tr class=\"row-9\">\n\t<td class=\"column-1\">Jonas<\/td><td class=\"column-2\">3<\/td><td class=\"column-3\">0<\/td><td class=\"column-4\">0<\/td><td class=\"column-5\"><\/td><td class=\"column-6\">3<\/td>\n<\/tr>\n<\/tbody>\n<\/table>\n<!-- #tablepress-50 from cache -->\n\n\n\n<ul class=\"wp-block-gallery columns-3 is-cropped wp-block-gallery-1 is-layout-flex wp-block-gallery-is-layout-flex\"><li class=\"blocks-gallery-item\"><figure><a href=\"https:\/\/xn--judo-lbben-feb.de\/wp-content\/uploads\/2019\/08\/IMG_20190824_100756--1024x768.jpg\"><img loading=\"lazy\" decoding=\"async\" width=\"1024\" height=\"768\" src=\"https:\/\/xn--judo-lbben-feb.de\/wp-content\/uploads\/2019\/08\/IMG_20190824_100756--1024x768.jpg\" alt=\"\" data-id=\"14306\" data-link=\"https:\/\/xn--judo-lbben-feb.de\/?attachment_id=14306\" class=\"wp-image-14306\" srcset=\"https:\/\/xn--judo-lbben-feb.de\/wp-content\/uploads\/2019\/08\/IMG_20190824_100756-.jpg 1024w, https:\/\/xn--judo-lbben-feb.de\/wp-content\/uploads\/2019\/08\/IMG_20190824_100756--300x225.jpg 300w, https:\/\/xn--judo-lbben-feb.de\/wp-content\/uploads\/2019\/08\/IMG_20190824_100756--768x576.jpg 768w\" sizes=\"auto, (max-width: 1024px) 100vw, 1024px\" \/><\/a><\/figure><\/li><li class=\"blocks-gallery-item\"><figure><a href=\"https:\/\/xn--judo-lbben-feb.de\/wp-content\/uploads\/2019\/08\/IMG_20190824_100840--1024x768.jpg\"><img loading=\"lazy\" decoding=\"async\" width=\"1024\" height=\"768\" src=\"https:\/\/xn--judo-lbben-feb.de\/wp-content\/uploads\/2019\/08\/IMG_20190824_100840--1024x768.jpg\" alt=\"\" data-id=\"14307\" data-link=\"https:\/\/xn--judo-lbben-feb.de\/?attachment_id=14307\" class=\"wp-image-14307\" srcset=\"https:\/\/xn--judo-lbben-feb.de\/wp-content\/uploads\/2019\/08\/IMG_20190824_100840-.jpg 1024w, https:\/\/xn--judo-lbben-feb.de\/wp-content\/uploads\/2019\/08\/IMG_20190824_100840--300x225.jpg 300w, https:\/\/xn--judo-lbben-feb.de\/wp-content\/uploads\/2019\/08\/IMG_20190824_100840--768x576.jpg 768w\" sizes=\"auto, (max-width: 1024px) 100vw, 1024px\" \/><\/a><\/figure><\/li><li class=\"blocks-gallery-item\"><figure><a href=\"https:\/\/xn--judo-lbben-feb.de\/wp-content\/uploads\/2019\/08\/IMG_20190824_101859--1024x768.jpg\"><img loading=\"lazy\" decoding=\"async\" width=\"1024\" height=\"768\" src=\"https:\/\/xn--judo-lbben-feb.de\/wp-content\/uploads\/2019\/08\/IMG_20190824_101859--1024x768.jpg\" alt=\"\" data-id=\"14308\" data-link=\"https:\/\/xn--judo-lbben-feb.de\/?attachment_id=14308\" class=\"wp-image-14308\" srcset=\"https:\/\/xn--judo-lbben-feb.de\/wp-content\/uploads\/2019\/08\/IMG_20190824_101859-.jpg 1024w, https:\/\/xn--judo-lbben-feb.de\/wp-content\/uploads\/2019\/08\/IMG_20190824_101859--300x225.jpg 300w, https:\/\/xn--judo-lbben-feb.de\/wp-content\/uploads\/2019\/08\/IMG_20190824_101859--768x576.jpg 768w\" sizes=\"auto, (max-width: 1024px) 100vw, 1024px\" \/><\/a><\/figure><\/li><li class=\"blocks-gallery-item\"><figure><a href=\"https:\/\/xn--judo-lbben-feb.de\/wp-content\/uploads\/2019\/08\/IMG_20190824_102637--768x1024.jpg\"><img loading=\"lazy\" decoding=\"async\" width=\"768\" height=\"1024\" src=\"https:\/\/xn--judo-lbben-feb.de\/wp-content\/uploads\/2019\/08\/IMG_20190824_102637--768x1024.jpg\" alt=\"\" data-id=\"14309\" data-link=\"https:\/\/xn--judo-lbben-feb.de\/?attachment_id=14309\" class=\"wp-image-14309\" srcset=\"https:\/\/xn--judo-lbben-feb.de\/wp-content\/uploads\/2019\/08\/IMG_20190824_102637--768x1024.jpg 768w, https:\/\/xn--judo-lbben-feb.de\/wp-content\/uploads\/2019\/08\/IMG_20190824_102637--225x300.jpg 225w, https:\/\/xn--judo-lbben-feb.de\/wp-content\/uploads\/2019\/08\/IMG_20190824_102637-.jpg 1024w\" sizes=\"auto, (max-width: 768px) 100vw, 768px\" \/><\/a><\/figure><\/li><li class=\"blocks-gallery-item\"><figure><a href=\"https:\/\/xn--judo-lbben-feb.de\/wp-content\/uploads\/2019\/08\/IMG_20190824_102834--1024x768.jpg\"><img loading=\"lazy\" decoding=\"async\" width=\"1024\" height=\"768\" src=\"https:\/\/xn--judo-lbben-feb.de\/wp-content\/uploads\/2019\/08\/IMG_20190824_102834--1024x768.jpg\" alt=\"\" data-id=\"14311\" data-link=\"https:\/\/xn--judo-lbben-feb.de\/?attachment_id=14311\" class=\"wp-image-14311\" srcset=\"https:\/\/xn--judo-lbben-feb.de\/wp-content\/uploads\/2019\/08\/IMG_20190824_102834-.jpg 1024w, https:\/\/xn--judo-lbben-feb.de\/wp-content\/uploads\/2019\/08\/IMG_20190824_102834--300x225.jpg 300w, https:\/\/xn--judo-lbben-feb.de\/wp-content\/uploads\/2019\/08\/IMG_20190824_102834--768x576.jpg 768w\" sizes=\"auto, (max-width: 1024px) 100vw, 1024px\" \/><\/a><\/figure><\/li><li class=\"blocks-gallery-item\"><figure><a href=\"https:\/\/xn--judo-lbben-feb.de\/wp-content\/uploads\/2019\/08\/IMG_20190824_102837--1024x768.jpg\"><img loading=\"lazy\" decoding=\"async\" width=\"1024\" height=\"768\" src=\"https:\/\/xn--judo-lbben-feb.de\/wp-content\/uploads\/2019\/08\/IMG_20190824_102837--1024x768.jpg\" alt=\"\" data-id=\"14312\" data-link=\"https:\/\/xn--judo-lbben-feb.de\/?attachment_id=14312\" class=\"wp-image-14312\" srcset=\"https:\/\/xn--judo-lbben-feb.de\/wp-content\/uploads\/2019\/08\/IMG_20190824_102837-.jpg 1024w, https:\/\/xn--judo-lbben-feb.de\/wp-content\/uploads\/2019\/08\/IMG_20190824_102837--300x225.jpg 300w, https:\/\/xn--judo-lbben-feb.de\/wp-content\/uploads\/2019\/08\/IMG_20190824_102837--768x576.jpg 768w\" sizes=\"auto, (max-width: 1024px) 100vw, 1024px\" \/><\/a><\/figure><\/li><li class=\"blocks-gallery-item\"><figure><a href=\"https:\/\/xn--judo-lbben-feb.de\/wp-content\/uploads\/2019\/08\/IMG_20190824_105657--768x1024.jpg\"><img loading=\"lazy\" decoding=\"async\" width=\"768\" height=\"1024\" src=\"https:\/\/xn--judo-lbben-feb.de\/wp-content\/uploads\/2019\/08\/IMG_20190824_105657--768x1024.jpg\" alt=\"\" data-id=\"14313\" data-link=\"https:\/\/xn--judo-lbben-feb.de\/?attachment_id=14313\" class=\"wp-image-14313\" srcset=\"https:\/\/xn--judo-lbben-feb.de\/wp-content\/uploads\/2019\/08\/IMG_20190824_105657--768x1024.jpg 768w, https:\/\/xn--judo-lbben-feb.de\/wp-content\/uploads\/2019\/08\/IMG_20190824_105657--225x300.jpg 225w, https:\/\/xn--judo-lbben-feb.de\/wp-content\/uploads\/2019\/08\/IMG_20190824_105657-.jpg 1024w\" sizes=\"auto, (max-width: 768px) 100vw, 768px\" \/><\/a><\/figure><\/li><li class=\"blocks-gallery-item\"><figure><a href=\"https:\/\/xn--judo-lbben-feb.de\/wp-content\/uploads\/2019\/08\/IMG_20190824_105737--768x1024.jpg\"><img loading=\"lazy\" decoding=\"async\" width=\"768\" height=\"1024\" src=\"https:\/\/xn--judo-lbben-feb.de\/wp-content\/uploads\/2019\/08\/IMG_20190824_105737--768x1024.jpg\" alt=\"\" data-id=\"14314\" data-link=\"https:\/\/xn--judo-lbben-feb.de\/?attachment_id=14314\" class=\"wp-image-14314\" srcset=\"https:\/\/xn--judo-lbben-feb.de\/wp-content\/uploads\/2019\/08\/IMG_20190824_105737--768x1024.jpg 768w, https:\/\/xn--judo-lbben-feb.de\/wp-content\/uploads\/2019\/08\/IMG_20190824_105737--225x300.jpg 225w, https:\/\/xn--judo-lbben-feb.de\/wp-content\/uploads\/2019\/08\/IMG_20190824_105737-.jpg 1024w\" sizes=\"auto, (max-width: 768px) 100vw, 768px\" \/><\/a><\/figure><\/li><li class=\"blocks-gallery-item\"><figure><a href=\"https:\/\/xn--judo-lbben-feb.de\/wp-content\/uploads\/2019\/08\/IMG_20190824_105745--768x1024.jpg\"><img loading=\"lazy\" decoding=\"async\" width=\"768\" height=\"1024\" src=\"https:\/\/xn--judo-lbben-feb.de\/wp-content\/uploads\/2019\/08\/IMG_20190824_105745--768x1024.jpg\" alt=\"\" data-id=\"14315\" data-link=\"https:\/\/xn--judo-lbben-feb.de\/?attachment_id=14315\" class=\"wp-image-14315\" srcset=\"https:\/\/xn--judo-lbben-feb.de\/wp-content\/uploads\/2019\/08\/IMG_20190824_105745--768x1024.jpg 768w, https:\/\/xn--judo-lbben-feb.de\/wp-content\/uploads\/2019\/08\/IMG_20190824_105745--225x300.jpg 225w, https:\/\/xn--judo-lbben-feb.de\/wp-content\/uploads\/2019\/08\/IMG_20190824_105745-.jpg 1024w\" sizes=\"auto, (max-width: 768px) 100vw, 768px\" \/><\/a><\/figure><\/li><li class=\"blocks-gallery-item\"><figure><a href=\"https:\/\/xn--judo-lbben-feb.de\/wp-content\/uploads\/2019\/08\/IMG_20190824_110540--1024x532.jpg\"><img loading=\"lazy\" decoding=\"async\" width=\"1024\" height=\"532\" src=\"https:\/\/xn--judo-lbben-feb.de\/wp-content\/uploads\/2019\/08\/IMG_20190824_110540--1024x532.jpg\" alt=\"\" data-id=\"14316\" data-link=\"https:\/\/xn--judo-lbben-feb.de\/?attachment_id=14316\" class=\"wp-image-14316\" srcset=\"https:\/\/xn--judo-lbben-feb.de\/wp-content\/uploads\/2019\/08\/IMG_20190824_110540--1024x532.jpg 1024w, https:\/\/xn--judo-lbben-feb.de\/wp-content\/uploads\/2019\/08\/IMG_20190824_110540--300x156.jpg 300w, https:\/\/xn--judo-lbben-feb.de\/wp-content\/uploads\/2019\/08\/IMG_20190824_110540--768x399.jpg 768w, https:\/\/xn--judo-lbben-feb.de\/wp-content\/uploads\/2019\/08\/IMG_20190824_110540-.jpg 1479w\" sizes=\"auto, (max-width: 1024px) 100vw, 1024px\" \/><\/a><\/figure><\/li><li class=\"blocks-gallery-item\"><figure><a href=\"https:\/\/xn--judo-lbben-feb.de\/wp-content\/uploads\/2019\/08\/IMG_20190824_110702--894x1024.jpg\"><img loading=\"lazy\" decoding=\"async\" width=\"894\" height=\"1024\" src=\"https:\/\/xn--judo-lbben-feb.de\/wp-content\/uploads\/2019\/08\/IMG_20190824_110702--894x1024.jpg\" alt=\"\" data-id=\"14317\" data-link=\"https:\/\/xn--judo-lbben-feb.de\/?attachment_id=14317\" class=\"wp-image-14317\" srcset=\"https:\/\/xn--judo-lbben-feb.de\/wp-content\/uploads\/2019\/08\/IMG_20190824_110702--894x1024.jpg 894w, https:\/\/xn--judo-lbben-feb.de\/wp-content\/uploads\/2019\/08\/IMG_20190824_110702--262x300.jpg 262w, https:\/\/xn--judo-lbben-feb.de\/wp-content\/uploads\/2019\/08\/IMG_20190824_110702--768x880.jpg 768w, https:\/\/xn--judo-lbben-feb.de\/wp-content\/uploads\/2019\/08\/IMG_20190824_110702-.jpg 1024w\" sizes=\"auto, (max-width: 894px) 100vw, 894px\" \/><\/a><\/figure><\/li><li class=\"blocks-gallery-item\"><figure><a href=\"https:\/\/xn--judo-lbben-feb.de\/wp-content\/uploads\/2019\/08\/IMG_20190824_110744--839x1024.jpg\"><img loading=\"lazy\" decoding=\"async\" width=\"839\" height=\"1024\" src=\"https:\/\/xn--judo-lbben-feb.de\/wp-content\/uploads\/2019\/08\/IMG_20190824_110744--839x1024.jpg\" alt=\"\" data-id=\"14318\" data-link=\"https:\/\/xn--judo-lbben-feb.de\/?attachment_id=14318\" class=\"wp-image-14318\" srcset=\"https:\/\/xn--judo-lbben-feb.de\/wp-content\/uploads\/2019\/08\/IMG_20190824_110744--839x1024.jpg 839w, https:\/\/xn--judo-lbben-feb.de\/wp-content\/uploads\/2019\/08\/IMG_20190824_110744--246x300.jpg 246w, https:\/\/xn--judo-lbben-feb.de\/wp-content\/uploads\/2019\/08\/IMG_20190824_110744--768x938.jpg 768w, https:\/\/xn--judo-lbben-feb.de\/wp-content\/uploads\/2019\/08\/IMG_20190824_110744-.jpg 1024w\" sizes=\"auto, (max-width: 839px) 100vw, 839px\" \/><\/a><\/figure><\/li><li class=\"blocks-gallery-item\"><figure><a href=\"https:\/\/xn--judo-lbben-feb.de\/wp-content\/uploads\/2019\/08\/IMG_20190824_110849--1024x803.jpg\"><img loading=\"lazy\" decoding=\"async\" width=\"1024\" height=\"803\" src=\"https:\/\/xn--judo-lbben-feb.de\/wp-content\/uploads\/2019\/08\/IMG_20190824_110849--1024x803.jpg\" alt=\"\" data-id=\"14319\" data-link=\"https:\/\/xn--judo-lbben-feb.de\/?attachment_id=14319\" class=\"wp-image-14319\" srcset=\"https:\/\/xn--judo-lbben-feb.de\/wp-content\/uploads\/2019\/08\/IMG_20190824_110849-.jpg 1024w, https:\/\/xn--judo-lbben-feb.de\/wp-content\/uploads\/2019\/08\/IMG_20190824_110849--300x235.jpg 300w, https:\/\/xn--judo-lbben-feb.de\/wp-content\/uploads\/2019\/08\/IMG_20190824_110849--768x602.jpg 768w\" sizes=\"auto, (max-width: 1024px) 100vw, 1024px\" \/><\/a><\/figure><\/li><li class=\"blocks-gallery-item\"><figure><a href=\"https:\/\/xn--judo-lbben-feb.de\/wp-content\/uploads\/2019\/08\/IMG_20190824_110911--1024x661.jpg\"><img loading=\"lazy\" decoding=\"async\" width=\"1024\" height=\"661\" src=\"https:\/\/xn--judo-lbben-feb.de\/wp-content\/uploads\/2019\/08\/IMG_20190824_110911--1024x661.jpg\" alt=\"\" data-id=\"14320\" data-link=\"https:\/\/xn--judo-lbben-feb.de\/?attachment_id=14320\" class=\"wp-image-14320\" srcset=\"https:\/\/xn--judo-lbben-feb.de\/wp-content\/uploads\/2019\/08\/IMG_20190824_110911--1024x661.jpg 1024w, https:\/\/xn--judo-lbben-feb.de\/wp-content\/uploads\/2019\/08\/IMG_20190824_110911--300x194.jpg 300w, https:\/\/xn--judo-lbben-feb.de\/wp-content\/uploads\/2019\/08\/IMG_20190824_110911--768x496.jpg 768w, https:\/\/xn--judo-lbben-feb.de\/wp-content\/uploads\/2019\/08\/IMG_20190824_110911-.jpg 1189w\" sizes=\"auto, (max-width: 1024px) 100vw, 1024px\" \/><\/a><\/figure><\/li><li class=\"blocks-gallery-item\"><figure><a href=\"https:\/\/xn--judo-lbben-feb.de\/wp-content\/uploads\/2019\/08\/IMG_20190824_112045--1024x768.jpg\"><img loading=\"lazy\" decoding=\"async\" width=\"1024\" height=\"768\" src=\"https:\/\/xn--judo-lbben-feb.de\/wp-content\/uploads\/2019\/08\/IMG_20190824_112045--1024x768.jpg\" alt=\"\" data-id=\"14322\" data-link=\"https:\/\/xn--judo-lbben-feb.de\/?attachment_id=14322\" class=\"wp-image-14322\" srcset=\"https:\/\/xn--judo-lbben-feb.de\/wp-content\/uploads\/2019\/08\/IMG_20190824_112045-.jpg 1024w, https:\/\/xn--judo-lbben-feb.de\/wp-content\/uploads\/2019\/08\/IMG_20190824_112045--300x225.jpg 300w, https:\/\/xn--judo-lbben-feb.de\/wp-content\/uploads\/2019\/08\/IMG_20190824_112045--768x576.jpg 768w\" sizes=\"auto, (max-width: 1024px) 100vw, 1024px\" \/><\/a><\/figure><\/li><li class=\"blocks-gallery-item\"><figure><a href=\"https:\/\/xn--judo-lbben-feb.de\/wp-content\/uploads\/2019\/08\/IMG_20190824_112103--1024x768.jpg\"><img loading=\"lazy\" decoding=\"async\" width=\"1024\" height=\"768\" src=\"https:\/\/xn--judo-lbben-feb.de\/wp-content\/uploads\/2019\/08\/IMG_20190824_112103--1024x768.jpg\" alt=\"\" data-id=\"14323\" data-link=\"https:\/\/xn--judo-lbben-feb.de\/?attachment_id=14323\" class=\"wp-image-14323\" srcset=\"https:\/\/xn--judo-lbben-feb.de\/wp-content\/uploads\/2019\/08\/IMG_20190824_112103-.jpg 1024w, https:\/\/xn--judo-lbben-feb.de\/wp-content\/uploads\/2019\/08\/IMG_20190824_112103--300x225.jpg 300w, https:\/\/xn--judo-lbben-feb.de\/wp-content\/uploads\/2019\/08\/IMG_20190824_112103--768x576.jpg 768w\" sizes=\"auto, (max-width: 1024px) 100vw, 1024px\" \/><\/a><\/figure><\/li><li class=\"blocks-gallery-item\"><figure><a href=\"https:\/\/xn--judo-lbben-feb.de\/wp-content\/uploads\/2019\/08\/IMG_20190824_112403--768x1024.jpg\"><img loading=\"lazy\" decoding=\"async\" width=\"768\" height=\"1024\" src=\"https:\/\/xn--judo-lbben-feb.de\/wp-content\/uploads\/2019\/08\/IMG_20190824_112403--768x1024.jpg\" alt=\"\" data-id=\"14324\" data-link=\"https:\/\/xn--judo-lbben-feb.de\/?attachment_id=14324\" class=\"wp-image-14324\" srcset=\"https:\/\/xn--judo-lbben-feb.de\/wp-content\/uploads\/2019\/08\/IMG_20190824_112403--768x1024.jpg 768w, https:\/\/xn--judo-lbben-feb.de\/wp-content\/uploads\/2019\/08\/IMG_20190824_112403--225x300.jpg 225w, https:\/\/xn--judo-lbben-feb.de\/wp-content\/uploads\/2019\/08\/IMG_20190824_112403-.jpg 1024w\" sizes=\"auto, (max-width: 768px) 100vw, 768px\" \/><\/a><\/figure><\/li><li class=\"blocks-gallery-item\"><figure><a href=\"https:\/\/xn--judo-lbben-feb.de\/wp-content\/uploads\/2019\/08\/IMG_20190824_112452--768x1024.jpg\"><img loading=\"lazy\" decoding=\"async\" width=\"768\" height=\"1024\" src=\"https:\/\/xn--judo-lbben-feb.de\/wp-content\/uploads\/2019\/08\/IMG_20190824_112452--768x1024.jpg\" alt=\"\" data-id=\"14325\" data-link=\"https:\/\/xn--judo-lbben-feb.de\/?attachment_id=14325\" class=\"wp-image-14325\" srcset=\"https:\/\/xn--judo-lbben-feb.de\/wp-content\/uploads\/2019\/08\/IMG_20190824_112452--768x1024.jpg 768w, https:\/\/xn--judo-lbben-feb.de\/wp-content\/uploads\/2019\/08\/IMG_20190824_112452--225x300.jpg 225w, https:\/\/xn--judo-lbben-feb.de\/wp-content\/uploads\/2019\/08\/IMG_20190824_112452-.jpg 1024w\" sizes=\"auto, (max-width: 768px) 100vw, 768px\" \/><\/a><\/figure><\/li><li class=\"blocks-gallery-item\"><figure><a href=\"https:\/\/xn--judo-lbben-feb.de\/wp-content\/uploads\/2019\/08\/IMG_20190824_112944--768x1024.jpg\"><img loading=\"lazy\" decoding=\"async\" width=\"768\" height=\"1024\" src=\"https:\/\/xn--judo-lbben-feb.de\/wp-content\/uploads\/2019\/08\/IMG_20190824_112944--768x1024.jpg\" alt=\"\" data-id=\"14326\" data-link=\"https:\/\/xn--judo-lbben-feb.de\/?attachment_id=14326\" class=\"wp-image-14326\" srcset=\"https:\/\/xn--judo-lbben-feb.de\/wp-content\/uploads\/2019\/08\/IMG_20190824_112944--768x1024.jpg 768w, https:\/\/xn--judo-lbben-feb.de\/wp-content\/uploads\/2019\/08\/IMG_20190824_112944--225x300.jpg 225w, https:\/\/xn--judo-lbben-feb.de\/wp-content\/uploads\/2019\/08\/IMG_20190824_112944-.jpg 1024w\" sizes=\"auto, (max-width: 768px) 100vw, 768px\" \/><\/a><\/figure><\/li><li class=\"blocks-gallery-item\"><figure><a href=\"https:\/\/xn--judo-lbben-feb.de\/wp-content\/uploads\/2019\/08\/IMG_20190824_113234--768x1024.jpg\"><img loading=\"lazy\" decoding=\"async\" width=\"768\" height=\"1024\" src=\"https:\/\/xn--judo-lbben-feb.de\/wp-content\/uploads\/2019\/08\/IMG_20190824_113234--768x1024.jpg\" alt=\"\" data-id=\"14327\" data-link=\"https:\/\/xn--judo-lbben-feb.de\/?attachment_id=14327\" class=\"wp-image-14327\" srcset=\"https:\/\/xn--judo-lbben-feb.de\/wp-content\/uploads\/2019\/08\/IMG_20190824_113234--768x1024.jpg 768w, https:\/\/xn--judo-lbben-feb.de\/wp-content\/uploads\/2019\/08\/IMG_20190824_113234--225x300.jpg 225w, https:\/\/xn--judo-lbben-feb.de\/wp-content\/uploads\/2019\/08\/IMG_20190824_113234-.jpg 1024w\" sizes=\"auto, (max-width: 768px) 100vw, 768px\" \/><\/a><\/figure><\/li><li class=\"blocks-gallery-item\"><figure><a href=\"https:\/\/xn--judo-lbben-feb.de\/wp-content\/uploads\/2019\/08\/IMG_20190824_113939--768x1024.jpg\"><img loading=\"lazy\" decoding=\"async\" width=\"768\" height=\"1024\" src=\"https:\/\/xn--judo-lbben-feb.de\/wp-content\/uploads\/2019\/08\/IMG_20190824_113939--768x1024.jpg\" alt=\"\" data-id=\"14328\" data-link=\"https:\/\/xn--judo-lbben-feb.de\/?attachment_id=14328\" class=\"wp-image-14328\" srcset=\"https:\/\/xn--judo-lbben-feb.de\/wp-content\/uploads\/2019\/08\/IMG_20190824_113939--768x1024.jpg 768w, https:\/\/xn--judo-lbben-feb.de\/wp-content\/uploads\/2019\/08\/IMG_20190824_113939--225x300.jpg 225w, https:\/\/xn--judo-lbben-feb.de\/wp-content\/uploads\/2019\/08\/IMG_20190824_113939-.jpg 1024w\" sizes=\"auto, (max-width: 768px) 100vw, 768px\" \/><\/a><\/figure><\/li><li class=\"blocks-gallery-item\"><figure><a href=\"https:\/\/xn--judo-lbben-feb.de\/wp-content\/uploads\/2019\/08\/IMG_20190824_114032--1024x768.jpg\"><img loading=\"lazy\" decoding=\"async\" width=\"1024\" height=\"768\" src=\"https:\/\/xn--judo-lbben-feb.de\/wp-content\/uploads\/2019\/08\/IMG_20190824_114032--1024x768.jpg\" alt=\"\" data-id=\"14329\" data-link=\"https:\/\/xn--judo-lbben-feb.de\/?attachment_id=14329\" class=\"wp-image-14329\" srcset=\"https:\/\/xn--judo-lbben-feb.de\/wp-content\/uploads\/2019\/08\/IMG_20190824_114032-.jpg 1024w, https:\/\/xn--judo-lbben-feb.de\/wp-content\/uploads\/2019\/08\/IMG_20190824_114032--300x225.jpg 300w, https:\/\/xn--judo-lbben-feb.de\/wp-content\/uploads\/2019\/08\/IMG_20190824_114032--768x576.jpg 768w\" sizes=\"auto, (max-width: 1024px) 100vw, 1024px\" \/><\/a><\/figure><\/li><li class=\"blocks-gallery-item\"><figure><a href=\"https:\/\/xn--judo-lbben-feb.de\/wp-content\/uploads\/2019\/08\/IMG_20190824_114517--812x1024.jpg\"><img loading=\"lazy\" decoding=\"async\" width=\"812\" height=\"1024\" src=\"https:\/\/xn--judo-lbben-feb.de\/wp-content\/uploads\/2019\/08\/IMG_20190824_114517--812x1024.jpg\" alt=\"\" data-id=\"14330\" data-link=\"https:\/\/xn--judo-lbben-feb.de\/?attachment_id=14330\" class=\"wp-image-14330\" srcset=\"https:\/\/xn--judo-lbben-feb.de\/wp-content\/uploads\/2019\/08\/IMG_20190824_114517--812x1024.jpg 812w, https:\/\/xn--judo-lbben-feb.de\/wp-content\/uploads\/2019\/08\/IMG_20190824_114517--238x300.jpg 238w, https:\/\/xn--judo-lbben-feb.de\/wp-content\/uploads\/2019\/08\/IMG_20190824_114517--768x968.jpg 768w, https:\/\/xn--judo-lbben-feb.de\/wp-content\/uploads\/2019\/08\/IMG_20190824_114517-.jpg 1024w\" sizes=\"auto, (max-width: 812px) 100vw, 812px\" \/><\/a><\/figure><\/li><li class=\"blocks-gallery-item\"><figure><a href=\"https:\/\/xn--judo-lbben-feb.de\/wp-content\/uploads\/2019\/08\/IMG_20190824_114537--1024x905.jpg\"><img loading=\"lazy\" decoding=\"async\" width=\"1024\" height=\"905\" src=\"https:\/\/xn--judo-lbben-feb.de\/wp-content\/uploads\/2019\/08\/IMG_20190824_114537--1024x905.jpg\" alt=\"\" data-id=\"14331\" data-link=\"https:\/\/xn--judo-lbben-feb.de\/?attachment_id=14331\" class=\"wp-image-14331\" srcset=\"https:\/\/xn--judo-lbben-feb.de\/wp-content\/uploads\/2019\/08\/IMG_20190824_114537-.jpg 1024w, https:\/\/xn--judo-lbben-feb.de\/wp-content\/uploads\/2019\/08\/IMG_20190824_114537--300x265.jpg 300w, https:\/\/xn--judo-lbben-feb.de\/wp-content\/uploads\/2019\/08\/IMG_20190824_114537--768x679.jpg 768w\" sizes=\"auto, (max-width: 1024px) 100vw, 1024px\" \/><\/a><\/figure><\/li><li class=\"blocks-gallery-item\"><figure><a href=\"https:\/\/xn--judo-lbben-feb.de\/wp-content\/uploads\/2019\/08\/IMG_20190824_114600--1024x767.jpg\"><img loading=\"lazy\" decoding=\"async\" width=\"1024\" height=\"767\" src=\"https:\/\/xn--judo-lbben-feb.de\/wp-content\/uploads\/2019\/08\/IMG_20190824_114600--1024x767.jpg\" alt=\"\" data-id=\"14332\" data-link=\"https:\/\/xn--judo-lbben-feb.de\/?attachment_id=14332\" class=\"wp-image-14332\" srcset=\"https:\/\/xn--judo-lbben-feb.de\/wp-content\/uploads\/2019\/08\/IMG_20190824_114600--1024x767.jpg 1024w, https:\/\/xn--judo-lbben-feb.de\/wp-content\/uploads\/2019\/08\/IMG_20190824_114600--300x225.jpg 300w, https:\/\/xn--judo-lbben-feb.de\/wp-content\/uploads\/2019\/08\/IMG_20190824_114600--768x575.jpg 768w, https:\/\/xn--judo-lbben-feb.de\/wp-content\/uploads\/2019\/08\/IMG_20190824_114600-.jpg 1025w\" sizes=\"auto, (max-width: 1024px) 100vw, 1024px\" \/><\/a><\/figure><\/li><li class=\"blocks-gallery-item\"><figure><a href=\"https:\/\/xn--judo-lbben-feb.de\/wp-content\/uploads\/2019\/08\/IMG_20190824_114616--1024x890.jpg\"><img loading=\"lazy\" decoding=\"async\" width=\"1024\" height=\"890\" src=\"https:\/\/xn--judo-lbben-feb.de\/wp-content\/uploads\/2019\/08\/IMG_20190824_114616--1024x890.jpg\" alt=\"\" data-id=\"14333\" data-link=\"https:\/\/xn--judo-lbben-feb.de\/?attachment_id=14333\" class=\"wp-image-14333\" srcset=\"https:\/\/xn--judo-lbben-feb.de\/wp-content\/uploads\/2019\/08\/IMG_20190824_114616-.jpg 1024w, https:\/\/xn--judo-lbben-feb.de\/wp-content\/uploads\/2019\/08\/IMG_20190824_114616--300x261.jpg 300w, https:\/\/xn--judo-lbben-feb.de\/wp-content\/uploads\/2019\/08\/IMG_20190824_114616--768x668.jpg 768w\" sizes=\"auto, (max-width: 1024px) 100vw, 1024px\" \/><\/a><\/figure><\/li><li class=\"blocks-gallery-item\"><figure><a href=\"https:\/\/xn--judo-lbben-feb.de\/wp-content\/uploads\/2019\/08\/IMG_20190824_114649--893x1024.jpg\"><img loading=\"lazy\" decoding=\"async\" width=\"893\" height=\"1024\" src=\"https:\/\/xn--judo-lbben-feb.de\/wp-content\/uploads\/2019\/08\/IMG_20190824_114649--893x1024.jpg\" alt=\"\" data-id=\"14334\" data-link=\"https:\/\/xn--judo-lbben-feb.de\/?attachment_id=14334\" class=\"wp-image-14334\" srcset=\"https:\/\/xn--judo-lbben-feb.de\/wp-content\/uploads\/2019\/08\/IMG_20190824_114649--893x1024.jpg 893w, https:\/\/xn--judo-lbben-feb.de\/wp-content\/uploads\/2019\/08\/IMG_20190824_114649--262x300.jpg 262w, https:\/\/xn--judo-lbben-feb.de\/wp-content\/uploads\/2019\/08\/IMG_20190824_114649--768x881.jpg 768w, https:\/\/xn--judo-lbben-feb.de\/wp-content\/uploads\/2019\/08\/IMG_20190824_114649-.jpg 1024w\" sizes=\"auto, (max-width: 893px) 100vw, 893px\" \/><\/a><\/figure><\/li><li class=\"blocks-gallery-item\"><figure><a href=\"https:\/\/xn--judo-lbben-feb.de\/wp-content\/uploads\/2019\/08\/IMG_20190824_115104--1024x964.jpg\"><img loading=\"lazy\" decoding=\"async\" width=\"1024\" height=\"964\" src=\"https:\/\/xn--judo-lbben-feb.de\/wp-content\/uploads\/2019\/08\/IMG_20190824_115104--1024x964.jpg\" alt=\"\" data-id=\"14335\" data-link=\"https:\/\/xn--judo-lbben-feb.de\/?attachment_id=14335\" class=\"wp-image-14335\" srcset=\"https:\/\/xn--judo-lbben-feb.de\/wp-content\/uploads\/2019\/08\/IMG_20190824_115104-.jpg 1024w, https:\/\/xn--judo-lbben-feb.de\/wp-content\/uploads\/2019\/08\/IMG_20190824_115104--300x282.jpg 300w, https:\/\/xn--judo-lbben-feb.de\/wp-content\/uploads\/2019\/08\/IMG_20190824_115104--768x723.jpg 768w\" sizes=\"auto, (max-width: 1024px) 100vw, 1024px\" \/><\/a><\/figure><\/li><li class=\"blocks-gallery-item\"><figure><a href=\"https:\/\/xn--judo-lbben-feb.de\/wp-content\/uploads\/2019\/08\/IMG_20190824_115121--1024x860.jpg\"><img loading=\"lazy\" decoding=\"async\" width=\"1024\" height=\"860\" src=\"https:\/\/xn--judo-lbben-feb.de\/wp-content\/uploads\/2019\/08\/IMG_20190824_115121--1024x860.jpg\" alt=\"\" data-id=\"14336\" data-link=\"https:\/\/xn--judo-lbben-feb.de\/?attachment_id=14336\" class=\"wp-image-14336\" srcset=\"https:\/\/xn--judo-lbben-feb.de\/wp-content\/uploads\/2019\/08\/IMG_20190824_115121-.jpg 1024w, https:\/\/xn--judo-lbben-feb.de\/wp-content\/uploads\/2019\/08\/IMG_20190824_115121--300x252.jpg 300w, https:\/\/xn--judo-lbben-feb.de\/wp-content\/uploads\/2019\/08\/IMG_20190824_115121--768x645.jpg 768w\" sizes=\"auto, (max-width: 1024px) 100vw, 1024px\" \/><\/a><\/figure><\/li><li class=\"blocks-gallery-item\"><figure><a href=\"https:\/\/xn--judo-lbben-feb.de\/wp-content\/uploads\/2019\/08\/IMG_20190824_115144--1024x975.jpg\"><img loading=\"lazy\" decoding=\"async\" width=\"1024\" height=\"975\" src=\"https:\/\/xn--judo-lbben-feb.de\/wp-content\/uploads\/2019\/08\/IMG_20190824_115144--1024x975.jpg\" alt=\"\" data-id=\"14337\" data-link=\"https:\/\/xn--judo-lbben-feb.de\/?attachment_id=14337\" class=\"wp-image-14337\" srcset=\"https:\/\/xn--judo-lbben-feb.de\/wp-content\/uploads\/2019\/08\/IMG_20190824_115144-.jpg 1024w, https:\/\/xn--judo-lbben-feb.de\/wp-content\/uploads\/2019\/08\/IMG_20190824_115144--300x286.jpg 300w, https:\/\/xn--judo-lbben-feb.de\/wp-content\/uploads\/2019\/08\/IMG_20190824_115144--768x731.jpg 768w\" sizes=\"auto, (max-width: 1024px) 100vw, 1024px\" \/><\/a><\/figure><\/li><li class=\"blocks-gallery-item\"><figure><a href=\"https:\/\/xn--judo-lbben-feb.de\/wp-content\/uploads\/2019\/08\/IMG_20190824_123209--768x1024.jpg\"><img loading=\"lazy\" decoding=\"async\" width=\"768\" height=\"1024\" src=\"https:\/\/xn--judo-lbben-feb.de\/wp-content\/uploads\/2019\/08\/IMG_20190824_123209--768x1024.jpg\" alt=\"\" data-id=\"14340\" data-link=\"https:\/\/xn--judo-lbben-feb.de\/?attachment_id=14340\" class=\"wp-image-14340\" srcset=\"https:\/\/xn--judo-lbben-feb.de\/wp-content\/uploads\/2019\/08\/IMG_20190824_123209--768x1024.jpg 768w, https:\/\/xn--judo-lbben-feb.de\/wp-content\/uploads\/2019\/08\/IMG_20190824_123209--225x300.jpg 225w, https:\/\/xn--judo-lbben-feb.de\/wp-content\/uploads\/2019\/08\/IMG_20190824_123209-.jpg 1024w\" sizes=\"auto, (max-width: 768px) 100vw, 768px\" \/><\/a><\/figure><\/li><\/ul>\n\n\n\n<p><\/p>\n","protected":false},"excerpt":{"rendered":"<p>Samstag morgen trafen wir uns zum ersten Turnier des Schuljahres. Judokas mit wei\u00dfem und wei\u00df\/gelben Gurt waren gefragt. Wir nahmen zu acht am Turnier teil. Insgesamt reisten 82 Teilnehmer aus 12 Vereinen an. In angenehmer Atmosph\u00e4re wurde auf zwei Matten mit 5 Karis gek\u00e4mpft. F\u00fcr leckere Verpflegung wurde gesorgt. Vor dem Turnier leitete Leon Kupsch [&hellip;]<\/p>\n","protected":false},"author":1,"featured_media":14319,"comment_status":"closed","ping_status":"open","sticky":false,"template":"","format":"standard","meta":{"_et_pb_use_builder":"","_et_pb_old_content":"","_et_gb_content_width":"","footnotes":""},"categories":[1],"tags":[],"class_list":["post-14297","post","type-post","status-publish","format-standard","has-post-thumbnail","hentry","category-uncategorized"],"_links":{"self":[{"href":"https:\/\/xn--judo-lbben-feb.de\/index.php?rest_route=\/wp\/v2\/posts\/14297","targetHints":{"allow":["GET"]}}],"collection":[{"href":"https:\/\/xn--judo-lbben-feb.de\/index.php?rest_route=\/wp\/v2\/posts"}],"about":[{"href":"https:\/\/xn--judo-lbben-feb.de\/index.php?rest_route=\/wp\/v2\/types\/post"}],"author":[{"embeddable":true,"href":"https:\/\/xn--judo-lbben-feb.de\/index.php?rest_route=\/wp\/v2\/users\/1"}],"replies":[{"embeddable":true,"href":"https:\/\/xn--judo-lbben-feb.de\/index.php?rest_route=%2Fwp%2Fv2%2Fcomments&post=14297"}],"version-history":[{"count":9,"href":"https:\/\/xn--judo-lbben-feb.de\/index.php?rest_route=\/wp\/v2\/posts\/14297\/revisions"}],"predecessor-version":[{"id":14757,"href":"https:\/\/xn--judo-lbben-feb.de\/index.php?rest_route=\/wp\/v2\/posts\/14297\/revisions\/14757"}],"wp:featuredmedia":[{"embeddable":true,"href":"https:\/\/xn--judo-lbben-feb.de\/index.php?rest_route=\/wp\/v2\/media\/14319"}],"wp:attachment":[{"href":"https:\/\/xn--judo-lbben-feb.de\/index.php?rest_route=%2Fwp%2Fv2%2Fmedia&parent=14297"}],"wp:term":[{"taxonomy":"category","embeddable":true,"href":"https:\/\/xn--judo-lbben-feb.de\/index.php?rest_route=%2Fwp%2Fv2%2Fcategories&post=14297"},{"taxonomy":"post_tag","embeddable":true,"href":"https:\/\/xn--judo-lbben-feb.de\/index.php?rest_route=%2Fwp%2Fv2%2Ftags&post=14297"}],"curies":[{"name":"wp","href":"https:\/\/api.w.org\/{rel}","templated":true}]}}