{"id":14212,"date":"2019-06-20T06:12:14","date_gmt":"2019-06-20T05:12:14","guid":{"rendered":"http:\/\/xn--judo-lbben-feb.de\/?p=14212"},"modified":"2019-06-23T06:26:50","modified_gmt":"2019-06-23T05:26:50","slug":"grillfest-es-wurde-auch-bayrisch-gesprochen","status":"publish","type":"post","link":"https:\/\/xn--judo-lbben-feb.de\/?p=14212","title":{"rendered":"Grillfest &#8211; es wurde auch bayrisch gesprochen"},"content":{"rendered":"\n<p>P\u00fcnktlich zum Start der Sommerferien feiern traditionell die Kuzushi&#8217;s zusammen. In diesem Jahr waren auch die Sportler des befreundeten Judovereins aus Bayern zu Gast, es wurde ein gem\u00fctlicher Abend.<\/p>\n\n\n\n<p>Geehrt wurden die st\u00e4rksten Judoka, Ihr k\u00f6nnt stolz auf Euch sein!!!<\/p>\n\n\n\n<ul class=\"wp-block-gallery columns-3 is-cropped wp-block-gallery-1 is-layout-flex wp-block-gallery-is-layout-flex\"><li class=\"blocks-gallery-item\"><figure><a href=\"https:\/\/xn--judo-lbben-feb.de\/wp-content\/uploads\/2019\/06\/2be743ec-021d-4a24-a1ba-86e8a32bb1fe-768x1024.jpg\"><img loading=\"lazy\" decoding=\"async\" width=\"768\" height=\"1024\" src=\"https:\/\/xn--judo-lbben-feb.de\/wp-content\/uploads\/2019\/06\/2be743ec-021d-4a24-a1ba-86e8a32bb1fe-768x1024.jpg\" alt=\"\" data-id=\"14213\" data-link=\"https:\/\/xn--judo-lbben-feb.de\/?attachment_id=14213\" class=\"wp-image-14213\" srcset=\"https:\/\/xn--judo-lbben-feb.de\/wp-content\/uploads\/2019\/06\/2be743ec-021d-4a24-a1ba-86e8a32bb1fe.jpg 768w, https:\/\/xn--judo-lbben-feb.de\/wp-content\/uploads\/2019\/06\/2be743ec-021d-4a24-a1ba-86e8a32bb1fe-225x300.jpg 225w\" sizes=\"auto, (max-width: 768px) 100vw, 768px\" \/><\/a><\/figure><\/li><li class=\"blocks-gallery-item\"><figure><a href=\"https:\/\/xn--judo-lbben-feb.de\/wp-content\/uploads\/2019\/06\/3b86186f-cc3d-4d83-ad55-a736418f3a1d-768x1024.jpg\"><img loading=\"lazy\" decoding=\"async\" width=\"768\" height=\"1024\" src=\"https:\/\/xn--judo-lbben-feb.de\/wp-content\/uploads\/2019\/06\/3b86186f-cc3d-4d83-ad55-a736418f3a1d-768x1024.jpg\" alt=\"\" data-id=\"14214\" data-link=\"https:\/\/xn--judo-lbben-feb.de\/?attachment_id=14214\" class=\"wp-image-14214\" srcset=\"https:\/\/xn--judo-lbben-feb.de\/wp-content\/uploads\/2019\/06\/3b86186f-cc3d-4d83-ad55-a736418f3a1d.jpg 768w, https:\/\/xn--judo-lbben-feb.de\/wp-content\/uploads\/2019\/06\/3b86186f-cc3d-4d83-ad55-a736418f3a1d-225x300.jpg 225w\" sizes=\"auto, (max-width: 768px) 100vw, 768px\" \/><\/a><\/figure><\/li><li class=\"blocks-gallery-item\"><figure><a href=\"https:\/\/xn--judo-lbben-feb.de\/wp-content\/uploads\/2019\/06\/04fb5f08-f20e-4a81-a1cf-07f7aa4202aa-768x1024.jpg\"><img loading=\"lazy\" decoding=\"async\" width=\"768\" height=\"1024\" src=\"https:\/\/xn--judo-lbben-feb.de\/wp-content\/uploads\/2019\/06\/04fb5f08-f20e-4a81-a1cf-07f7aa4202aa-768x1024.jpg\" alt=\"\" data-id=\"14215\" data-link=\"https:\/\/xn--judo-lbben-feb.de\/?attachment_id=14215\" class=\"wp-image-14215\" srcset=\"https:\/\/xn--judo-lbben-feb.de\/wp-content\/uploads\/2019\/06\/04fb5f08-f20e-4a81-a1cf-07f7aa4202aa.jpg 768w, https:\/\/xn--judo-lbben-feb.de\/wp-content\/uploads\/2019\/06\/04fb5f08-f20e-4a81-a1cf-07f7aa4202aa-225x300.jpg 225w\" sizes=\"auto, (max-width: 768px) 100vw, 768px\" \/><\/a><\/figure><\/li><li class=\"blocks-gallery-item\"><figure><a href=\"https:\/\/xn--judo-lbben-feb.de\/wp-content\/uploads\/2019\/06\/4a52b408-fd2f-4741-8bd9-8cd7f927237d-768x1024.jpg\"><img loading=\"lazy\" decoding=\"async\" width=\"768\" height=\"1024\" src=\"https:\/\/xn--judo-lbben-feb.de\/wp-content\/uploads\/2019\/06\/4a52b408-fd2f-4741-8bd9-8cd7f927237d-768x1024.jpg\" alt=\"\" data-id=\"14216\" data-link=\"https:\/\/xn--judo-lbben-feb.de\/?attachment_id=14216\" class=\"wp-image-14216\" srcset=\"https:\/\/xn--judo-lbben-feb.de\/wp-content\/uploads\/2019\/06\/4a52b408-fd2f-4741-8bd9-8cd7f927237d.jpg 768w, https:\/\/xn--judo-lbben-feb.de\/wp-content\/uploads\/2019\/06\/4a52b408-fd2f-4741-8bd9-8cd7f927237d-225x300.jpg 225w\" sizes=\"auto, (max-width: 768px) 100vw, 768px\" \/><\/a><\/figure><\/li><li class=\"blocks-gallery-item\"><figure><a href=\"https:\/\/xn--judo-lbben-feb.de\/wp-content\/uploads\/2019\/06\/6c3c5fa0-7d73-41d5-9861-c5aa5c7e3161-768x1024.jpg\"><img loading=\"lazy\" decoding=\"async\" width=\"768\" height=\"1024\" src=\"https:\/\/xn--judo-lbben-feb.de\/wp-content\/uploads\/2019\/06\/6c3c5fa0-7d73-41d5-9861-c5aa5c7e3161-768x1024.jpg\" alt=\"\" data-id=\"14217\" data-link=\"https:\/\/xn--judo-lbben-feb.de\/?attachment_id=14217\" class=\"wp-image-14217\" srcset=\"https:\/\/xn--judo-lbben-feb.de\/wp-content\/uploads\/2019\/06\/6c3c5fa0-7d73-41d5-9861-c5aa5c7e3161.jpg 768w, https:\/\/xn--judo-lbben-feb.de\/wp-content\/uploads\/2019\/06\/6c3c5fa0-7d73-41d5-9861-c5aa5c7e3161-225x300.jpg 225w\" sizes=\"auto, (max-width: 768px) 100vw, 768px\" \/><\/a><\/figure><\/li><li class=\"blocks-gallery-item\"><figure><a href=\"https:\/\/xn--judo-lbben-feb.de\/wp-content\/uploads\/2019\/06\/7b44bb29-5b96-4e4c-8ef7-3c12d3774dc9-768x1024.jpg\"><img loading=\"lazy\" decoding=\"async\" width=\"768\" height=\"1024\" src=\"https:\/\/xn--judo-lbben-feb.de\/wp-content\/uploads\/2019\/06\/7b44bb29-5b96-4e4c-8ef7-3c12d3774dc9-768x1024.jpg\" alt=\"\" data-id=\"14218\" data-link=\"https:\/\/xn--judo-lbben-feb.de\/?attachment_id=14218\" class=\"wp-image-14218\" srcset=\"https:\/\/xn--judo-lbben-feb.de\/wp-content\/uploads\/2019\/06\/7b44bb29-5b96-4e4c-8ef7-3c12d3774dc9.jpg 768w, https:\/\/xn--judo-lbben-feb.de\/wp-content\/uploads\/2019\/06\/7b44bb29-5b96-4e4c-8ef7-3c12d3774dc9-225x300.jpg 225w\" sizes=\"auto, (max-width: 768px) 100vw, 768px\" \/><\/a><\/figure><\/li><li class=\"blocks-gallery-item\"><figure><a href=\"https:\/\/xn--judo-lbben-feb.de\/wp-content\/uploads\/2019\/06\/32c7e289-dd83-4e53-b3e7-32abb51973a8-768x1024.jpg\"><img loading=\"lazy\" decoding=\"async\" width=\"768\" height=\"1024\" src=\"https:\/\/xn--judo-lbben-feb.de\/wp-content\/uploads\/2019\/06\/32c7e289-dd83-4e53-b3e7-32abb51973a8-768x1024.jpg\" alt=\"\" data-id=\"14219\" data-link=\"https:\/\/xn--judo-lbben-feb.de\/?attachment_id=14219\" class=\"wp-image-14219\" srcset=\"https:\/\/xn--judo-lbben-feb.de\/wp-content\/uploads\/2019\/06\/32c7e289-dd83-4e53-b3e7-32abb51973a8.jpg 768w, https:\/\/xn--judo-lbben-feb.de\/wp-content\/uploads\/2019\/06\/32c7e289-dd83-4e53-b3e7-32abb51973a8-225x300.jpg 225w\" sizes=\"auto, (max-width: 768px) 100vw, 768px\" \/><\/a><\/figure><\/li><li class=\"blocks-gallery-item\"><figure><a href=\"https:\/\/xn--judo-lbben-feb.de\/wp-content\/uploads\/2019\/06\/326a3062-5582-4ce7-a972-75a03755452c-768x1024.jpg\"><img loading=\"lazy\" decoding=\"async\" width=\"768\" height=\"1024\" src=\"https:\/\/xn--judo-lbben-feb.de\/wp-content\/uploads\/2019\/06\/326a3062-5582-4ce7-a972-75a03755452c-768x1024.jpg\" alt=\"\" data-id=\"14220\" data-link=\"https:\/\/xn--judo-lbben-feb.de\/?attachment_id=14220\" class=\"wp-image-14220\" srcset=\"https:\/\/xn--judo-lbben-feb.de\/wp-content\/uploads\/2019\/06\/326a3062-5582-4ce7-a972-75a03755452c.jpg 768w, https:\/\/xn--judo-lbben-feb.de\/wp-content\/uploads\/2019\/06\/326a3062-5582-4ce7-a972-75a03755452c-225x300.jpg 225w\" sizes=\"auto, (max-width: 768px) 100vw, 768px\" \/><\/a><\/figure><\/li><li class=\"blocks-gallery-item\"><figure><a href=\"https:\/\/xn--judo-lbben-feb.de\/wp-content\/uploads\/2019\/06\/363bfe30-67af-49c3-b1e1-fe587051d343-768x1024.jpg\"><img loading=\"lazy\" decoding=\"async\" width=\"768\" height=\"1024\" src=\"https:\/\/xn--judo-lbben-feb.de\/wp-content\/uploads\/2019\/06\/363bfe30-67af-49c3-b1e1-fe587051d343-768x1024.jpg\" alt=\"\" data-id=\"14221\" data-link=\"https:\/\/xn--judo-lbben-feb.de\/?attachment_id=14221\" class=\"wp-image-14221\" srcset=\"https:\/\/xn--judo-lbben-feb.de\/wp-content\/uploads\/2019\/06\/363bfe30-67af-49c3-b1e1-fe587051d343.jpg 768w, https:\/\/xn--judo-lbben-feb.de\/wp-content\/uploads\/2019\/06\/363bfe30-67af-49c3-b1e1-fe587051d343-225x300.jpg 225w\" sizes=\"auto, (max-width: 768px) 100vw, 768px\" \/><\/a><\/figure><\/li><li class=\"blocks-gallery-item\"><figure><a href=\"https:\/\/xn--judo-lbben-feb.de\/wp-content\/uploads\/2019\/06\/3857fe3b-a29d-473b-89d7-7522d3cd907c-768x1024.jpg\"><img loading=\"lazy\" decoding=\"async\" width=\"768\" height=\"1024\" src=\"https:\/\/xn--judo-lbben-feb.de\/wp-content\/uploads\/2019\/06\/3857fe3b-a29d-473b-89d7-7522d3cd907c-768x1024.jpg\" alt=\"\" data-id=\"14222\" data-link=\"https:\/\/xn--judo-lbben-feb.de\/?attachment_id=14222\" class=\"wp-image-14222\" srcset=\"https:\/\/xn--judo-lbben-feb.de\/wp-content\/uploads\/2019\/06\/3857fe3b-a29d-473b-89d7-7522d3cd907c.jpg 768w, https:\/\/xn--judo-lbben-feb.de\/wp-content\/uploads\/2019\/06\/3857fe3b-a29d-473b-89d7-7522d3cd907c-225x300.jpg 225w\" sizes=\"auto, (max-width: 768px) 100vw, 768px\" \/><\/a><\/figure><\/li><li class=\"blocks-gallery-item\"><figure><a href=\"https:\/\/xn--judo-lbben-feb.de\/wp-content\/uploads\/2019\/06\/bdeb07b7-b112-42c6-8b81-8997604be083-768x1024.jpg\"><img loading=\"lazy\" decoding=\"async\" width=\"768\" height=\"1024\" src=\"https:\/\/xn--judo-lbben-feb.de\/wp-content\/uploads\/2019\/06\/bdeb07b7-b112-42c6-8b81-8997604be083-768x1024.jpg\" alt=\"\" data-id=\"14223\" data-link=\"https:\/\/xn--judo-lbben-feb.de\/?attachment_id=14223\" class=\"wp-image-14223\" srcset=\"https:\/\/xn--judo-lbben-feb.de\/wp-content\/uploads\/2019\/06\/bdeb07b7-b112-42c6-8b81-8997604be083.jpg 768w, https:\/\/xn--judo-lbben-feb.de\/wp-content\/uploads\/2019\/06\/bdeb07b7-b112-42c6-8b81-8997604be083-225x300.jpg 225w\" sizes=\"auto, (max-width: 768px) 100vw, 768px\" \/><\/a><\/figure><\/li><li class=\"blocks-gallery-item\"><figure><a href=\"https:\/\/xn--judo-lbben-feb.de\/wp-content\/uploads\/2019\/06\/c9296e31-4877-4cb9-902d-751296a0ef88-768x1024.jpg\"><img loading=\"lazy\" decoding=\"async\" width=\"768\" height=\"1024\" src=\"https:\/\/xn--judo-lbben-feb.de\/wp-content\/uploads\/2019\/06\/c9296e31-4877-4cb9-902d-751296a0ef88-768x1024.jpg\" alt=\"\" data-id=\"14224\" data-link=\"https:\/\/xn--judo-lbben-feb.de\/?attachment_id=14224\" class=\"wp-image-14224\" srcset=\"https:\/\/xn--judo-lbben-feb.de\/wp-content\/uploads\/2019\/06\/c9296e31-4877-4cb9-902d-751296a0ef88.jpg 768w, https:\/\/xn--judo-lbben-feb.de\/wp-content\/uploads\/2019\/06\/c9296e31-4877-4cb9-902d-751296a0ef88-225x300.jpg 225w\" sizes=\"auto, (max-width: 768px) 100vw, 768px\" \/><\/a><\/figure><\/li><li class=\"blocks-gallery-item\"><figure><a href=\"https:\/\/xn--judo-lbben-feb.de\/wp-content\/uploads\/2019\/06\/d5d2e05b-2b30-4b3e-9bbd-b57593922b88-768x1024.jpg\"><img loading=\"lazy\" decoding=\"async\" width=\"768\" height=\"1024\" src=\"https:\/\/xn--judo-lbben-feb.de\/wp-content\/uploads\/2019\/06\/d5d2e05b-2b30-4b3e-9bbd-b57593922b88-768x1024.jpg\" alt=\"\" data-id=\"14225\" data-link=\"https:\/\/xn--judo-lbben-feb.de\/?attachment_id=14225\" class=\"wp-image-14225\" srcset=\"https:\/\/xn--judo-lbben-feb.de\/wp-content\/uploads\/2019\/06\/d5d2e05b-2b30-4b3e-9bbd-b57593922b88.jpg 768w, https:\/\/xn--judo-lbben-feb.de\/wp-content\/uploads\/2019\/06\/d5d2e05b-2b30-4b3e-9bbd-b57593922b88-225x300.jpg 225w\" sizes=\"auto, (max-width: 768px) 100vw, 768px\" \/><\/a><\/figure><\/li><li class=\"blocks-gallery-item\"><figure><a href=\"https:\/\/xn--judo-lbben-feb.de\/wp-content\/uploads\/2019\/06\/e601ca8c-b04e-40e6-9758-16811c9b5c72-1024x768.jpg\"><img loading=\"lazy\" decoding=\"async\" width=\"1024\" height=\"768\" src=\"https:\/\/xn--judo-lbben-feb.de\/wp-content\/uploads\/2019\/06\/e601ca8c-b04e-40e6-9758-16811c9b5c72-1024x768.jpg\" alt=\"\" data-id=\"14226\" data-link=\"https:\/\/xn--judo-lbben-feb.de\/?attachment_id=14226\" class=\"wp-image-14226\" srcset=\"https:\/\/xn--judo-lbben-feb.de\/wp-content\/uploads\/2019\/06\/e601ca8c-b04e-40e6-9758-16811c9b5c72.jpg 1024w, https:\/\/xn--judo-lbben-feb.de\/wp-content\/uploads\/2019\/06\/e601ca8c-b04e-40e6-9758-16811c9b5c72-300x225.jpg 300w, https:\/\/xn--judo-lbben-feb.de\/wp-content\/uploads\/2019\/06\/e601ca8c-b04e-40e6-9758-16811c9b5c72-768x576.jpg 768w\" sizes=\"auto, (max-width: 1024px) 100vw, 1024px\" \/><\/a><\/figure><\/li><li class=\"blocks-gallery-item\"><figure><a href=\"https:\/\/xn--judo-lbben-feb.de\/wp-content\/uploads\/2019\/06\/e5805cd5-4c48-42f9-84fb-d98c17f427f5-768x1024.jpg\"><img loading=\"lazy\" decoding=\"async\" width=\"768\" height=\"1024\" src=\"https:\/\/xn--judo-lbben-feb.de\/wp-content\/uploads\/2019\/06\/e5805cd5-4c48-42f9-84fb-d98c17f427f5-768x1024.jpg\" alt=\"\" data-id=\"14227\" data-link=\"https:\/\/xn--judo-lbben-feb.de\/?attachment_id=14227\" class=\"wp-image-14227\" srcset=\"https:\/\/xn--judo-lbben-feb.de\/wp-content\/uploads\/2019\/06\/e5805cd5-4c48-42f9-84fb-d98c17f427f5.jpg 768w, https:\/\/xn--judo-lbben-feb.de\/wp-content\/uploads\/2019\/06\/e5805cd5-4c48-42f9-84fb-d98c17f427f5-225x300.jpg 225w\" sizes=\"auto, (max-width: 768px) 100vw, 768px\" \/><\/a><\/figure><\/li><li class=\"blocks-gallery-item\"><figure><a href=\"https:\/\/xn--judo-lbben-feb.de\/wp-content\/uploads\/2019\/06\/ed1fa08c-f4a4-4301-aac4-fec8f7f675fc-768x1024.jpg\"><img loading=\"lazy\" decoding=\"async\" width=\"768\" height=\"1024\" src=\"https:\/\/xn--judo-lbben-feb.de\/wp-content\/uploads\/2019\/06\/ed1fa08c-f4a4-4301-aac4-fec8f7f675fc-768x1024.jpg\" alt=\"\" data-id=\"14228\" data-link=\"https:\/\/xn--judo-lbben-feb.de\/?attachment_id=14228\" class=\"wp-image-14228\" srcset=\"https:\/\/xn--judo-lbben-feb.de\/wp-content\/uploads\/2019\/06\/ed1fa08c-f4a4-4301-aac4-fec8f7f675fc.jpg 768w, https:\/\/xn--judo-lbben-feb.de\/wp-content\/uploads\/2019\/06\/ed1fa08c-f4a4-4301-aac4-fec8f7f675fc-225x300.jpg 225w\" sizes=\"auto, (max-width: 768px) 100vw, 768px\" \/><\/a><\/figure><\/li><li class=\"blocks-gallery-item\"><figure><a href=\"https:\/\/xn--judo-lbben-feb.de\/wp-content\/uploads\/2019\/06\/f0206b0c-127d-40fe-96de-202400ca14db-768x1024.jpg\"><img loading=\"lazy\" decoding=\"async\" width=\"768\" height=\"1024\" src=\"https:\/\/xn--judo-lbben-feb.de\/wp-content\/uploads\/2019\/06\/f0206b0c-127d-40fe-96de-202400ca14db-768x1024.jpg\" alt=\"\" data-id=\"14229\" data-link=\"https:\/\/xn--judo-lbben-feb.de\/?attachment_id=14229\" class=\"wp-image-14229\" srcset=\"https:\/\/xn--judo-lbben-feb.de\/wp-content\/uploads\/2019\/06\/f0206b0c-127d-40fe-96de-202400ca14db.jpg 768w, https:\/\/xn--judo-lbben-feb.de\/wp-content\/uploads\/2019\/06\/f0206b0c-127d-40fe-96de-202400ca14db-225x300.jpg 225w\" sizes=\"auto, (max-width: 768px) 100vw, 768px\" \/><\/a><\/figure><\/li><\/ul>\n\n\n\n<p>W\u00e4hrend der Ehrungen liefen die beiden Grills bereits auf Hochtouren und das Buffet nahm immer mehr Gestalt an.<\/p>\n\n\n\n<ul class=\"wp-block-gallery columns-3 is-cropped wp-block-gallery-2 is-layout-flex wp-block-gallery-is-layout-flex\"><li class=\"blocks-gallery-item\"><figure><a href=\"https:\/\/xn--judo-lbben-feb.de\/wp-content\/uploads\/2019\/06\/IMG_4974-.jpg\"><img loading=\"lazy\" decoding=\"async\" width=\"320\" height=\"240\" src=\"https:\/\/xn--judo-lbben-feb.de\/wp-content\/uploads\/2019\/06\/IMG_4974-.jpg\" alt=\"\" data-id=\"14231\" data-link=\"https:\/\/xn--judo-lbben-feb.de\/?attachment_id=14231\" class=\"wp-image-14231\" srcset=\"https:\/\/xn--judo-lbben-feb.de\/wp-content\/uploads\/2019\/06\/IMG_4974-.jpg 320w, https:\/\/xn--judo-lbben-feb.de\/wp-content\/uploads\/2019\/06\/IMG_4974--300x225.jpg 300w\" sizes=\"auto, (max-width: 320px) 100vw, 320px\" \/><\/a><\/figure><\/li><li class=\"blocks-gallery-item\"><figure><a href=\"https:\/\/xn--judo-lbben-feb.de\/wp-content\/uploads\/2019\/06\/IMG_4975-.jpg\"><img loading=\"lazy\" decoding=\"async\" width=\"320\" height=\"240\" src=\"https:\/\/xn--judo-lbben-feb.de\/wp-content\/uploads\/2019\/06\/IMG_4975-.jpg\" alt=\"\" data-id=\"14232\" data-link=\"https:\/\/xn--judo-lbben-feb.de\/?attachment_id=14232\" class=\"wp-image-14232\" srcset=\"https:\/\/xn--judo-lbben-feb.de\/wp-content\/uploads\/2019\/06\/IMG_4975-.jpg 320w, https:\/\/xn--judo-lbben-feb.de\/wp-content\/uploads\/2019\/06\/IMG_4975--300x225.jpg 300w\" sizes=\"auto, (max-width: 320px) 100vw, 320px\" \/><\/a><\/figure><\/li><li class=\"blocks-gallery-item\"><figure><a href=\"https:\/\/xn--judo-lbben-feb.de\/wp-content\/uploads\/2019\/06\/IMG_4977-.jpg\"><img loading=\"lazy\" decoding=\"async\" width=\"320\" height=\"240\" src=\"https:\/\/xn--judo-lbben-feb.de\/wp-content\/uploads\/2019\/06\/IMG_4977-.jpg\" alt=\"\" data-id=\"14233\" data-link=\"https:\/\/xn--judo-lbben-feb.de\/?attachment_id=14233\" class=\"wp-image-14233\" srcset=\"https:\/\/xn--judo-lbben-feb.de\/wp-content\/uploads\/2019\/06\/IMG_4977-.jpg 320w, https:\/\/xn--judo-lbben-feb.de\/wp-content\/uploads\/2019\/06\/IMG_4977--300x225.jpg 300w\" sizes=\"auto, (max-width: 320px) 100vw, 320px\" \/><\/a><\/figure><\/li><\/ul>\n\n\n\n<p><strong>Wir w\u00fcnschen allen Judoka, Mitgliedern und Eltern sch\u00f6ne Ferien und erholsame Tage im Urlaub.<\/strong><\/p>\n","protected":false},"excerpt":{"rendered":"<p>P\u00fcnktlich zum Start der Sommerferien feiern traditionell die Kuzushi&#8217;s zusammen. In diesem Jahr waren auch die Sportler des befreundeten Judovereins aus Bayern zu Gast, es wurde ein gem\u00fctlicher Abend. Geehrt wurden die st\u00e4rksten Judoka, Ihr k\u00f6nnt stolz auf Euch sein!!! W\u00e4hrend der Ehrungen liefen die beiden Grills bereits auf Hochtouren und das Buffet nahm immer [&hellip;]<\/p>\n","protected":false},"author":1,"featured_media":14233,"comment_status":"closed","ping_status":"open","sticky":false,"template":"","format":"standard","meta":{"_et_pb_use_builder":"","_et_pb_old_content":"","_et_gb_content_width":"","footnotes":""},"categories":[2],"tags":[],"class_list":["post-14212","post","type-post","status-publish","format-standard","has-post-thumbnail","hentry","category-news"],"_links":{"self":[{"href":"https:\/\/xn--judo-lbben-feb.de\/index.php?rest_route=\/wp\/v2\/posts\/14212","targetHints":{"allow":["GET"]}}],"collection":[{"href":"https:\/\/xn--judo-lbben-feb.de\/index.php?rest_route=\/wp\/v2\/posts"}],"about":[{"href":"https:\/\/xn--judo-lbben-feb.de\/index.php?rest_route=\/wp\/v2\/types\/post"}],"author":[{"embeddable":true,"href":"https:\/\/xn--judo-lbben-feb.de\/index.php?rest_route=\/wp\/v2\/users\/1"}],"replies":[{"embeddable":true,"href":"https:\/\/xn--judo-lbben-feb.de\/index.php?rest_route=%2Fwp%2Fv2%2Fcomments&post=14212"}],"version-history":[{"count":3,"href":"https:\/\/xn--judo-lbben-feb.de\/index.php?rest_route=\/wp\/v2\/posts\/14212\/revisions"}],"predecessor-version":[{"id":14235,"href":"https:\/\/xn--judo-lbben-feb.de\/index.php?rest_route=\/wp\/v2\/posts\/14212\/revisions\/14235"}],"wp:featuredmedia":[{"embeddable":true,"href":"https:\/\/xn--judo-lbben-feb.de\/index.php?rest_route=\/wp\/v2\/media\/14233"}],"wp:attachment":[{"href":"https:\/\/xn--judo-lbben-feb.de\/index.php?rest_route=%2Fwp%2Fv2%2Fmedia&parent=14212"}],"wp:term":[{"taxonomy":"category","embeddable":true,"href":"https:\/\/xn--judo-lbben-feb.de\/index.php?rest_route=%2Fwp%2Fv2%2Fcategories&post=14212"},{"taxonomy":"post_tag","embeddable":true,"href":"https:\/\/xn--judo-lbben-feb.de\/index.php?rest_route=%2Fwp%2Fv2%2Ftags&post=14212"}],"curies":[{"name":"wp","href":"https:\/\/api.w.org\/{rel}","templated":true}]}}