{"id":14183,"date":"2019-06-01T09:35:46","date_gmt":"2019-06-01T08:35:46","guid":{"rendered":"http:\/\/xn--judo-lbben-feb.de\/?p=14183"},"modified":"2019-06-18T07:25:29","modified_gmt":"2019-06-18T06:25:29","slug":"kindertag-in-luebben","status":"publish","type":"post","link":"https:\/\/xn--judo-lbben-feb.de\/?p=14183","title":{"rendered":"Kindertag in L\u00fcbben"},"content":{"rendered":"\n<p style=\"text-align:center\">Anl\u00e4sslich des Internationalen Kindertages organisierte die Stadt L\u00fcbben, auf dem Markplatz, ein gro\u00dfes Fest. Zahlreiche Kinder und Eltern waren gekommen. Auch wir waren vor Ort und pr\u00e4sentierten unseren Verein mit einer Mitmachstation. Bei sch\u00f6nem Wetter demonstrierten und erl\u00e4uterten unsere Judokas W\u00fcrfe, Bodentechniken, die Fallschule und viele mehr. Diese Techniken konnten interessierte Kinder, unter Anleitung, auf der Matte auch ausprobieren. <\/p>\n\n\n\n<p style=\"text-align:center\">Ein gro\u00dfes Dankesch\u00f6n an alle mitwirkende Judokas und Eltern!<\/p>\n\n\n\n<ul class=\"wp-block-gallery columns-3 is-cropped wp-block-gallery-1 is-layout-flex wp-block-gallery-is-layout-flex\"><li class=\"blocks-gallery-item\"><figure><a href=\"https:\/\/xn--judo-lbben-feb.de\/wp-content\/uploads\/2019\/06\/DSCF5962-FILEminimizer.jpg\"><img loading=\"lazy\" decoding=\"async\" width=\"1023\" height=\"768\" src=\"https:\/\/xn--judo-lbben-feb.de\/wp-content\/uploads\/2019\/06\/DSCF5962-FILEminimizer.jpg\" alt=\"\" data-id=\"14184\" data-link=\"https:\/\/xn--judo-lbben-feb.de\/?attachment_id=14184\" class=\"wp-image-14184\" srcset=\"https:\/\/xn--judo-lbben-feb.de\/wp-content\/uploads\/2019\/06\/DSCF5962-FILEminimizer.jpg 1023w, https:\/\/xn--judo-lbben-feb.de\/wp-content\/uploads\/2019\/06\/DSCF5962-FILEminimizer-300x225.jpg 300w, https:\/\/xn--judo-lbben-feb.de\/wp-content\/uploads\/2019\/06\/DSCF5962-FILEminimizer-768x577.jpg 768w\" sizes=\"auto, (max-width: 1023px) 100vw, 1023px\" \/><\/a><\/figure><\/li><li class=\"blocks-gallery-item\"><figure><a href=\"https:\/\/xn--judo-lbben-feb.de\/wp-content\/uploads\/2019\/06\/DSCF5964-FILEminimizer.jpg\"><img loading=\"lazy\" decoding=\"async\" width=\"1023\" height=\"768\" src=\"https:\/\/xn--judo-lbben-feb.de\/wp-content\/uploads\/2019\/06\/DSCF5964-FILEminimizer.jpg\" alt=\"\" data-id=\"14185\" data-link=\"https:\/\/xn--judo-lbben-feb.de\/?attachment_id=14185\" class=\"wp-image-14185\" srcset=\"https:\/\/xn--judo-lbben-feb.de\/wp-content\/uploads\/2019\/06\/DSCF5964-FILEminimizer.jpg 1023w, https:\/\/xn--judo-lbben-feb.de\/wp-content\/uploads\/2019\/06\/DSCF5964-FILEminimizer-300x225.jpg 300w, https:\/\/xn--judo-lbben-feb.de\/wp-content\/uploads\/2019\/06\/DSCF5964-FILEminimizer-768x577.jpg 768w\" sizes=\"auto, (max-width: 1023px) 100vw, 1023px\" \/><\/a><\/figure><\/li><li class=\"blocks-gallery-item\"><figure><a href=\"https:\/\/xn--judo-lbben-feb.de\/wp-content\/uploads\/2019\/06\/DSCF5965-FILEminimizer.jpg\"><img loading=\"lazy\" decoding=\"async\" width=\"1023\" height=\"768\" src=\"https:\/\/xn--judo-lbben-feb.de\/wp-content\/uploads\/2019\/06\/DSCF5965-FILEminimizer.jpg\" alt=\"\" data-id=\"14186\" data-link=\"https:\/\/xn--judo-lbben-feb.de\/?attachment_id=14186\" class=\"wp-image-14186\" srcset=\"https:\/\/xn--judo-lbben-feb.de\/wp-content\/uploads\/2019\/06\/DSCF5965-FILEminimizer.jpg 1023w, https:\/\/xn--judo-lbben-feb.de\/wp-content\/uploads\/2019\/06\/DSCF5965-FILEminimizer-300x225.jpg 300w, https:\/\/xn--judo-lbben-feb.de\/wp-content\/uploads\/2019\/06\/DSCF5965-FILEminimizer-768x577.jpg 768w\" sizes=\"auto, (max-width: 1023px) 100vw, 1023px\" \/><\/a><\/figure><\/li><li class=\"blocks-gallery-item\"><figure><a href=\"https:\/\/xn--judo-lbben-feb.de\/wp-content\/uploads\/2019\/06\/DSCF5966-FILEminimizer.jpg\"><img loading=\"lazy\" decoding=\"async\" width=\"1023\" height=\"768\" src=\"https:\/\/xn--judo-lbben-feb.de\/wp-content\/uploads\/2019\/06\/DSCF5966-FILEminimizer.jpg\" alt=\"\" data-id=\"14187\" data-link=\"https:\/\/xn--judo-lbben-feb.de\/?attachment_id=14187\" class=\"wp-image-14187\" srcset=\"https:\/\/xn--judo-lbben-feb.de\/wp-content\/uploads\/2019\/06\/DSCF5966-FILEminimizer.jpg 1023w, https:\/\/xn--judo-lbben-feb.de\/wp-content\/uploads\/2019\/06\/DSCF5966-FILEminimizer-300x225.jpg 300w, https:\/\/xn--judo-lbben-feb.de\/wp-content\/uploads\/2019\/06\/DSCF5966-FILEminimizer-768x577.jpg 768w\" sizes=\"auto, (max-width: 1023px) 100vw, 1023px\" \/><\/a><\/figure><\/li><li class=\"blocks-gallery-item\"><figure><a href=\"https:\/\/xn--judo-lbben-feb.de\/wp-content\/uploads\/2019\/06\/DSCF5967-FILEminimizer.jpg\"><img loading=\"lazy\" decoding=\"async\" width=\"1023\" height=\"768\" src=\"https:\/\/xn--judo-lbben-feb.de\/wp-content\/uploads\/2019\/06\/DSCF5967-FILEminimizer.jpg\" alt=\"\" data-id=\"14188\" data-link=\"https:\/\/xn--judo-lbben-feb.de\/?attachment_id=14188\" class=\"wp-image-14188\" srcset=\"https:\/\/xn--judo-lbben-feb.de\/wp-content\/uploads\/2019\/06\/DSCF5967-FILEminimizer.jpg 1023w, https:\/\/xn--judo-lbben-feb.de\/wp-content\/uploads\/2019\/06\/DSCF5967-FILEminimizer-300x225.jpg 300w, https:\/\/xn--judo-lbben-feb.de\/wp-content\/uploads\/2019\/06\/DSCF5967-FILEminimizer-768x577.jpg 768w\" sizes=\"auto, (max-width: 1023px) 100vw, 1023px\" \/><\/a><\/figure><\/li><li class=\"blocks-gallery-item\"><figure><a href=\"https:\/\/xn--judo-lbben-feb.de\/wp-content\/uploads\/2019\/06\/DSCF5972-FILEminimizer.jpg\"><img loading=\"lazy\" decoding=\"async\" width=\"1023\" height=\"768\" src=\"https:\/\/xn--judo-lbben-feb.de\/wp-content\/uploads\/2019\/06\/DSCF5972-FILEminimizer.jpg\" alt=\"\" data-id=\"14189\" data-link=\"https:\/\/xn--judo-lbben-feb.de\/?attachment_id=14189\" class=\"wp-image-14189\" srcset=\"https:\/\/xn--judo-lbben-feb.de\/wp-content\/uploads\/2019\/06\/DSCF5972-FILEminimizer.jpg 1023w, https:\/\/xn--judo-lbben-feb.de\/wp-content\/uploads\/2019\/06\/DSCF5972-FILEminimizer-300x225.jpg 300w, https:\/\/xn--judo-lbben-feb.de\/wp-content\/uploads\/2019\/06\/DSCF5972-FILEminimizer-768x577.jpg 768w\" sizes=\"auto, (max-width: 1023px) 100vw, 1023px\" \/><\/a><\/figure><\/li><li class=\"blocks-gallery-item\"><figure><a href=\"https:\/\/xn--judo-lbben-feb.de\/wp-content\/uploads\/2019\/06\/DSCF5974-FILEminimizer.jpg\"><img loading=\"lazy\" decoding=\"async\" width=\"1023\" height=\"768\" src=\"https:\/\/xn--judo-lbben-feb.de\/wp-content\/uploads\/2019\/06\/DSCF5974-FILEminimizer.jpg\" alt=\"\" data-id=\"14190\" data-link=\"https:\/\/xn--judo-lbben-feb.de\/?attachment_id=14190\" class=\"wp-image-14190\" srcset=\"https:\/\/xn--judo-lbben-feb.de\/wp-content\/uploads\/2019\/06\/DSCF5974-FILEminimizer.jpg 1023w, https:\/\/xn--judo-lbben-feb.de\/wp-content\/uploads\/2019\/06\/DSCF5974-FILEminimizer-300x225.jpg 300w, https:\/\/xn--judo-lbben-feb.de\/wp-content\/uploads\/2019\/06\/DSCF5974-FILEminimizer-768x577.jpg 768w\" sizes=\"auto, (max-width: 1023px) 100vw, 1023px\" \/><\/a><\/figure><\/li><li class=\"blocks-gallery-item\"><figure><a href=\"https:\/\/xn--judo-lbben-feb.de\/wp-content\/uploads\/2019\/06\/DSCF5993-FILEminimizer.jpg\"><img loading=\"lazy\" decoding=\"async\" width=\"1023\" height=\"768\" src=\"https:\/\/xn--judo-lbben-feb.de\/wp-content\/uploads\/2019\/06\/DSCF5993-FILEminimizer.jpg\" alt=\"\" data-id=\"14191\" data-link=\"https:\/\/xn--judo-lbben-feb.de\/?attachment_id=14191\" class=\"wp-image-14191\" srcset=\"https:\/\/xn--judo-lbben-feb.de\/wp-content\/uploads\/2019\/06\/DSCF5993-FILEminimizer.jpg 1023w, https:\/\/xn--judo-lbben-feb.de\/wp-content\/uploads\/2019\/06\/DSCF5993-FILEminimizer-300x225.jpg 300w, https:\/\/xn--judo-lbben-feb.de\/wp-content\/uploads\/2019\/06\/DSCF5993-FILEminimizer-768x577.jpg 768w\" sizes=\"auto, (max-width: 1023px) 100vw, 1023px\" \/><\/a><\/figure><\/li><li class=\"blocks-gallery-item\"><figure><a href=\"https:\/\/xn--judo-lbben-feb.de\/wp-content\/uploads\/2019\/06\/DSCF5995-FILEminimizer.jpg\"><img loading=\"lazy\" decoding=\"async\" width=\"1023\" height=\"768\" src=\"https:\/\/xn--judo-lbben-feb.de\/wp-content\/uploads\/2019\/06\/DSCF5995-FILEminimizer.jpg\" alt=\"\" data-id=\"14192\" data-link=\"https:\/\/xn--judo-lbben-feb.de\/?attachment_id=14192\" class=\"wp-image-14192\" srcset=\"https:\/\/xn--judo-lbben-feb.de\/wp-content\/uploads\/2019\/06\/DSCF5995-FILEminimizer.jpg 1023w, https:\/\/xn--judo-lbben-feb.de\/wp-content\/uploads\/2019\/06\/DSCF5995-FILEminimizer-300x225.jpg 300w, https:\/\/xn--judo-lbben-feb.de\/wp-content\/uploads\/2019\/06\/DSCF5995-FILEminimizer-768x577.jpg 768w\" sizes=\"auto, (max-width: 1023px) 100vw, 1023px\" \/><\/a><\/figure><\/li><li class=\"blocks-gallery-item\"><figure><a href=\"https:\/\/xn--judo-lbben-feb.de\/wp-content\/uploads\/2019\/06\/DSCF5998-FILEminimizer.jpg\"><img loading=\"lazy\" decoding=\"async\" width=\"1023\" height=\"768\" src=\"https:\/\/xn--judo-lbben-feb.de\/wp-content\/uploads\/2019\/06\/DSCF5998-FILEminimizer.jpg\" alt=\"\" data-id=\"14193\" data-link=\"https:\/\/xn--judo-lbben-feb.de\/?attachment_id=14193\" class=\"wp-image-14193\" srcset=\"https:\/\/xn--judo-lbben-feb.de\/wp-content\/uploads\/2019\/06\/DSCF5998-FILEminimizer.jpg 1023w, https:\/\/xn--judo-lbben-feb.de\/wp-content\/uploads\/2019\/06\/DSCF5998-FILEminimizer-300x225.jpg 300w, https:\/\/xn--judo-lbben-feb.de\/wp-content\/uploads\/2019\/06\/DSCF5998-FILEminimizer-768x577.jpg 768w\" sizes=\"auto, (max-width: 1023px) 100vw, 1023px\" \/><\/a><\/figure><\/li><li class=\"blocks-gallery-item\"><figure><a href=\"https:\/\/xn--judo-lbben-feb.de\/wp-content\/uploads\/2019\/06\/DSCF5999-FILEminimizer.jpg\"><img loading=\"lazy\" decoding=\"async\" width=\"1023\" height=\"768\" src=\"https:\/\/xn--judo-lbben-feb.de\/wp-content\/uploads\/2019\/06\/DSCF5999-FILEminimizer.jpg\" alt=\"\" data-id=\"14194\" data-link=\"https:\/\/xn--judo-lbben-feb.de\/?attachment_id=14194\" class=\"wp-image-14194\" srcset=\"https:\/\/xn--judo-lbben-feb.de\/wp-content\/uploads\/2019\/06\/DSCF5999-FILEminimizer.jpg 1023w, https:\/\/xn--judo-lbben-feb.de\/wp-content\/uploads\/2019\/06\/DSCF5999-FILEminimizer-300x225.jpg 300w, https:\/\/xn--judo-lbben-feb.de\/wp-content\/uploads\/2019\/06\/DSCF5999-FILEminimizer-768x577.jpg 768w\" sizes=\"auto, (max-width: 1023px) 100vw, 1023px\" \/><\/a><\/figure><\/li><li class=\"blocks-gallery-item\"><figure><a href=\"https:\/\/xn--judo-lbben-feb.de\/wp-content\/uploads\/2019\/06\/DSCF6003-FILEminimizer.jpg\"><img loading=\"lazy\" decoding=\"async\" width=\"1023\" height=\"768\" src=\"https:\/\/xn--judo-lbben-feb.de\/wp-content\/uploads\/2019\/06\/DSCF6003-FILEminimizer.jpg\" alt=\"\" data-id=\"14195\" data-link=\"https:\/\/xn--judo-lbben-feb.de\/?attachment_id=14195\" class=\"wp-image-14195\" srcset=\"https:\/\/xn--judo-lbben-feb.de\/wp-content\/uploads\/2019\/06\/DSCF6003-FILEminimizer.jpg 1023w, https:\/\/xn--judo-lbben-feb.de\/wp-content\/uploads\/2019\/06\/DSCF6003-FILEminimizer-300x225.jpg 300w, https:\/\/xn--judo-lbben-feb.de\/wp-content\/uploads\/2019\/06\/DSCF6003-FILEminimizer-768x577.jpg 768w\" sizes=\"auto, (max-width: 1023px) 100vw, 1023px\" \/><\/a><\/figure><\/li><li class=\"blocks-gallery-item\"><figure><a href=\"https:\/\/xn--judo-lbben-feb.de\/wp-content\/uploads\/2019\/06\/DSCF6004-FILEminimizer.jpg\"><img loading=\"lazy\" decoding=\"async\" width=\"1023\" height=\"768\" src=\"https:\/\/xn--judo-lbben-feb.de\/wp-content\/uploads\/2019\/06\/DSCF6004-FILEminimizer.jpg\" alt=\"\" data-id=\"14196\" data-link=\"https:\/\/xn--judo-lbben-feb.de\/?attachment_id=14196\" class=\"wp-image-14196\" srcset=\"https:\/\/xn--judo-lbben-feb.de\/wp-content\/uploads\/2019\/06\/DSCF6004-FILEminimizer.jpg 1023w, https:\/\/xn--judo-lbben-feb.de\/wp-content\/uploads\/2019\/06\/DSCF6004-FILEminimizer-300x225.jpg 300w, https:\/\/xn--judo-lbben-feb.de\/wp-content\/uploads\/2019\/06\/DSCF6004-FILEminimizer-768x577.jpg 768w\" sizes=\"auto, (max-width: 1023px) 100vw, 1023px\" \/><\/a><\/figure><\/li><li class=\"blocks-gallery-item\"><figure><a href=\"https:\/\/xn--judo-lbben-feb.de\/wp-content\/uploads\/2019\/06\/DSCF6005-FILEminimizer.jpg\"><img loading=\"lazy\" decoding=\"async\" width=\"1023\" height=\"768\" src=\"https:\/\/xn--judo-lbben-feb.de\/wp-content\/uploads\/2019\/06\/DSCF6005-FILEminimizer.jpg\" alt=\"\" data-id=\"14197\" data-link=\"https:\/\/xn--judo-lbben-feb.de\/?attachment_id=14197\" class=\"wp-image-14197\" srcset=\"https:\/\/xn--judo-lbben-feb.de\/wp-content\/uploads\/2019\/06\/DSCF6005-FILEminimizer.jpg 1023w, https:\/\/xn--judo-lbben-feb.de\/wp-content\/uploads\/2019\/06\/DSCF6005-FILEminimizer-300x225.jpg 300w, https:\/\/xn--judo-lbben-feb.de\/wp-content\/uploads\/2019\/06\/DSCF6005-FILEminimizer-768x577.jpg 768w\" sizes=\"auto, (max-width: 1023px) 100vw, 1023px\" \/><\/a><\/figure><\/li><li class=\"blocks-gallery-item\"><figure><a href=\"https:\/\/xn--judo-lbben-feb.de\/wp-content\/uploads\/2019\/06\/DSCF6008-FILEminimizer.jpg\"><img loading=\"lazy\" decoding=\"async\" width=\"1023\" height=\"768\" src=\"https:\/\/xn--judo-lbben-feb.de\/wp-content\/uploads\/2019\/06\/DSCF6008-FILEminimizer.jpg\" alt=\"\" data-id=\"14198\" data-link=\"https:\/\/xn--judo-lbben-feb.de\/?attachment_id=14198\" class=\"wp-image-14198\" srcset=\"https:\/\/xn--judo-lbben-feb.de\/wp-content\/uploads\/2019\/06\/DSCF6008-FILEminimizer.jpg 1023w, https:\/\/xn--judo-lbben-feb.de\/wp-content\/uploads\/2019\/06\/DSCF6008-FILEminimizer-300x225.jpg 300w, https:\/\/xn--judo-lbben-feb.de\/wp-content\/uploads\/2019\/06\/DSCF6008-FILEminimizer-768x577.jpg 768w\" sizes=\"auto, (max-width: 1023px) 100vw, 1023px\" \/><\/a><\/figure><\/li><li class=\"blocks-gallery-item\"><figure><a href=\"https:\/\/xn--judo-lbben-feb.de\/wp-content\/uploads\/2019\/06\/DSCF6011-FILEminimizer.jpg\"><img loading=\"lazy\" decoding=\"async\" width=\"1023\" height=\"768\" src=\"https:\/\/xn--judo-lbben-feb.de\/wp-content\/uploads\/2019\/06\/DSCF6011-FILEminimizer.jpg\" alt=\"\" data-id=\"14199\" data-link=\"https:\/\/xn--judo-lbben-feb.de\/?attachment_id=14199\" class=\"wp-image-14199\" srcset=\"https:\/\/xn--judo-lbben-feb.de\/wp-content\/uploads\/2019\/06\/DSCF6011-FILEminimizer.jpg 1023w, https:\/\/xn--judo-lbben-feb.de\/wp-content\/uploads\/2019\/06\/DSCF6011-FILEminimizer-300x225.jpg 300w, https:\/\/xn--judo-lbben-feb.de\/wp-content\/uploads\/2019\/06\/DSCF6011-FILEminimizer-768x577.jpg 768w\" sizes=\"auto, (max-width: 1023px) 100vw, 1023px\" \/><\/a><\/figure><\/li><li class=\"blocks-gallery-item\"><figure><a href=\"https:\/\/xn--judo-lbben-feb.de\/wp-content\/uploads\/2019\/06\/DSCF6014-FILEminimizer.jpg\"><img loading=\"lazy\" decoding=\"async\" width=\"1023\" height=\"768\" src=\"https:\/\/xn--judo-lbben-feb.de\/wp-content\/uploads\/2019\/06\/DSCF6014-FILEminimizer.jpg\" alt=\"\" data-id=\"14200\" data-link=\"https:\/\/xn--judo-lbben-feb.de\/?attachment_id=14200\" class=\"wp-image-14200\" srcset=\"https:\/\/xn--judo-lbben-feb.de\/wp-content\/uploads\/2019\/06\/DSCF6014-FILEminimizer.jpg 1023w, https:\/\/xn--judo-lbben-feb.de\/wp-content\/uploads\/2019\/06\/DSCF6014-FILEminimizer-300x225.jpg 300w, https:\/\/xn--judo-lbben-feb.de\/wp-content\/uploads\/2019\/06\/DSCF6014-FILEminimizer-768x577.jpg 768w\" sizes=\"auto, (max-width: 1023px) 100vw, 1023px\" \/><\/a><\/figure><\/li><\/ul>\n","protected":false},"excerpt":{"rendered":"<p>Anl\u00e4sslich des Internationalen Kindertages organisierte die Stadt L\u00fcbben, auf dem Markplatz, ein gro\u00dfes Fest. Zahlreiche Kinder und Eltern waren gekommen. Auch wir waren vor Ort und pr\u00e4sentierten unseren Verein mit einer Mitmachstation. Bei sch\u00f6nem Wetter demonstrierten und erl\u00e4uterten unsere Judokas W\u00fcrfe, Bodentechniken, die Fallschule und viele mehr. Diese Techniken konnten interessierte Kinder, unter Anleitung, auf [&hellip;]<\/p>\n","protected":false},"author":2,"featured_media":14201,"comment_status":"closed","ping_status":"open","sticky":false,"template":"","format":"standard","meta":{"_et_pb_use_builder":"","_et_pb_old_content":"","_et_gb_content_width":"","footnotes":""},"categories":[2],"tags":[],"class_list":["post-14183","post","type-post","status-publish","format-standard","has-post-thumbnail","hentry","category-news"],"_links":{"self":[{"href":"https:\/\/xn--judo-lbben-feb.de\/index.php?rest_route=\/wp\/v2\/posts\/14183","targetHints":{"allow":["GET"]}}],"collection":[{"href":"https:\/\/xn--judo-lbben-feb.de\/index.php?rest_route=\/wp\/v2\/posts"}],"about":[{"href":"https:\/\/xn--judo-lbben-feb.de\/index.php?rest_route=\/wp\/v2\/types\/post"}],"author":[{"embeddable":true,"href":"https:\/\/xn--judo-lbben-feb.de\/index.php?rest_route=\/wp\/v2\/users\/2"}],"replies":[{"embeddable":true,"href":"https:\/\/xn--judo-lbben-feb.de\/index.php?rest_route=%2Fwp%2Fv2%2Fcomments&post=14183"}],"version-history":[{"count":4,"href":"https:\/\/xn--judo-lbben-feb.de\/index.php?rest_route=\/wp\/v2\/posts\/14183\/revisions"}],"predecessor-version":[{"id":14210,"href":"https:\/\/xn--judo-lbben-feb.de\/index.php?rest_route=\/wp\/v2\/posts\/14183\/revisions\/14210"}],"wp:featuredmedia":[{"embeddable":true,"href":"https:\/\/xn--judo-lbben-feb.de\/index.php?rest_route=\/wp\/v2\/media\/14201"}],"wp:attachment":[{"href":"https:\/\/xn--judo-lbben-feb.de\/index.php?rest_route=%2Fwp%2Fv2%2Fmedia&parent=14183"}],"wp:term":[{"taxonomy":"category","embeddable":true,"href":"https:\/\/xn--judo-lbben-feb.de\/index.php?rest_route=%2Fwp%2Fv2%2Fcategories&post=14183"},{"taxonomy":"post_tag","embeddable":true,"href":"https:\/\/xn--judo-lbben-feb.de\/index.php?rest_route=%2Fwp%2Fv2%2Ftags&post=14183"}],"curies":[{"name":"wp","href":"https:\/\/api.w.org\/{rel}","templated":true}]}}