{"id":1320,"date":"2013-01-19T11:14:07","date_gmt":"2013-01-19T11:14:07","guid":{"rendered":"http:\/\/xn--judo-lbben-feb.de\/?p=1320"},"modified":"2013-01-19T11:14:07","modified_gmt":"2013-01-19T11:14:07","slug":"ehrung-zum-sportler-des-jahres-in-lubben","status":"publish","type":"post","link":"https:\/\/xn--judo-lbben-feb.de\/?p=1320","title":{"rendered":"Ehrung zum Sportler des Jahres in L\u00fcbben"},"content":{"rendered":"<p style=\"text-align: center;\"><strong>Mit einer gro\u00dfen Ehrung beginnt das Jahr 2013<\/strong><\/p>\n<p style=\"text-align: center;\">Unser Vereinsvorsitzener J\u00f6rg Rudnik sowie der Sportler Jakob Liesgang wurden am 18.01.2013 im Schloss L\u00fcbben zum Sportler Jahres 2012 geehrt.<\/p>\n<p style=\"text-align: center;\"><a href=\"https:\/\/xn--judo-lbben-feb.de\/wp-content\/uploads\/2013\/01\/DSC01374-.jpg\"><img loading=\"lazy\" decoding=\"async\" class=\"alignnone size-medium wp-image-1324\" title=\"DSC01374\" src=\"https:\/\/xn--judo-lbben-feb.de\/wp-content\/uploads\/2013\/01\/DSC01374--300x225.jpg\" alt=\"\" width=\"185\" height=\"139\" \/><\/a> <a href=\"https:\/\/xn--judo-lbben-feb.de\/wp-content\/uploads\/2013\/01\/DSC01376-.jpg\"><img loading=\"lazy\" decoding=\"async\" class=\"alignnone size-medium wp-image-1325\" title=\"DSC01376\" src=\"https:\/\/xn--judo-lbben-feb.de\/wp-content\/uploads\/2013\/01\/DSC01376--300x225.jpg\" alt=\"\" width=\"184\" height=\"139\" \/><\/a> <a href=\"https:\/\/xn--judo-lbben-feb.de\/wp-content\/uploads\/2013\/01\/DSC01378-.jpg\"><img loading=\"lazy\" decoding=\"async\" class=\"alignnone size-medium wp-image-1326\" title=\"DSC01378\" src=\"https:\/\/xn--judo-lbben-feb.de\/wp-content\/uploads\/2013\/01\/DSC01378--300x225.jpg\" alt=\"\" width=\"185\" height=\"139\" \/><\/a><\/p>\n<p style=\"text-align: center;\">Aus den H\u00e4nden des B\u00fcrgermeister L. Bretterbauer konnten unsere 2 Sportler Ihre Urkunden in Empfang nehmen.<\/p>\n<p style=\"text-align: center;\"><a href=\"https:\/\/xn--judo-lbben-feb.de\/wp-content\/uploads\/2013\/01\/DSC01388-.jpg\"><img loading=\"lazy\" decoding=\"async\" class=\"alignnone size-medium wp-image-1328\" title=\"DSC01388\" src=\"https:\/\/xn--judo-lbben-feb.de\/wp-content\/uploads\/2013\/01\/DSC01388--300x225.jpg\" alt=\"\" width=\"186\" height=\"138\" \/><\/a> <a href=\"https:\/\/xn--judo-lbben-feb.de\/wp-content\/uploads\/2013\/01\/DSC01394-.jpg\"><img loading=\"lazy\" decoding=\"async\" class=\"alignnone size-medium wp-image-1329\" title=\"DSC01394\" src=\"https:\/\/xn--judo-lbben-feb.de\/wp-content\/uploads\/2013\/01\/DSC01394--300x225.jpg\" alt=\"\" width=\"184\" height=\"139\" \/><\/a> <a href=\"https:\/\/xn--judo-lbben-feb.de\/wp-content\/uploads\/2013\/01\/DSC01395-.jpg\"><img loading=\"lazy\" decoding=\"async\" class=\"alignnone size-medium wp-image-1330\" title=\"DSC01395\" src=\"https:\/\/xn--judo-lbben-feb.de\/wp-content\/uploads\/2013\/01\/DSC01395--300x225.jpg\" alt=\"\" width=\"186\" height=\"140\" \/><\/a><\/p>\n<p style=\"text-align: center;\">Wir gratulieren recht herzlich zu der verdienten Auszeichnung.<\/p>\n<p style=\"text-align: center;\"><a href=\"https:\/\/xn--judo-lbben-feb.de\/wp-content\/uploads\/2013\/01\/DSC01396-.jpg\"><img loading=\"lazy\" decoding=\"async\" class=\"alignnone size-medium wp-image-1331\" title=\"DSC01396\" src=\"https:\/\/xn--judo-lbben-feb.de\/wp-content\/uploads\/2013\/01\/DSC01396--300x225.jpg\" alt=\"\" width=\"269\" height=\"202\" \/><\/a> <a href=\"https:\/\/xn--judo-lbben-feb.de\/wp-content\/uploads\/2013\/01\/DSC01403-.jpg\"><img loading=\"lazy\" decoding=\"async\" class=\"alignnone size-medium wp-image-1332\" title=\"DSC01403\" src=\"https:\/\/xn--judo-lbben-feb.de\/wp-content\/uploads\/2013\/01\/DSC01403--300x225.jpg\" alt=\"\" width=\"267\" height=\"202\" \/><\/a><\/p>\n","protected":false},"excerpt":{"rendered":"<p>Mit einer gro\u00dfen Ehrung beginnt das Jahr 2013 Unser Vereinsvorsitzener J\u00f6rg Rudnik sowie der Sportler Jakob Liesgang wurden am 18.01.2013 im Schloss L\u00fcbben zum Sportler Jahres 2012 geehrt. Aus den H\u00e4nden des B\u00fcrgermeister L. Bretterbauer konnten unsere 2 Sportler Ihre Urkunden in Empfang nehmen. Wir gratulieren recht herzlich zu der verdienten Auszeichnung.<\/p>\n","protected":false},"author":1,"featured_media":4390,"comment_status":"closed","ping_status":"open","sticky":false,"template":"","format":"standard","meta":{"_et_pb_use_builder":"","_et_pb_old_content":"","_et_gb_content_width":"","footnotes":""},"categories":[2],"tags":[],"class_list":["post-1320","post","type-post","status-publish","format-standard","has-post-thumbnail","hentry","category-news"],"_links":{"self":[{"href":"https:\/\/xn--judo-lbben-feb.de\/index.php?rest_route=\/wp\/v2\/posts\/1320","targetHints":{"allow":["GET"]}}],"collection":[{"href":"https:\/\/xn--judo-lbben-feb.de\/index.php?rest_route=\/wp\/v2\/posts"}],"about":[{"href":"https:\/\/xn--judo-lbben-feb.de\/index.php?rest_route=\/wp\/v2\/types\/post"}],"author":[{"embeddable":true,"href":"https:\/\/xn--judo-lbben-feb.de\/index.php?rest_route=\/wp\/v2\/users\/1"}],"replies":[{"embeddable":true,"href":"https:\/\/xn--judo-lbben-feb.de\/index.php?rest_route=%2Fwp%2Fv2%2Fcomments&post=1320"}],"version-history":[{"count":0,"href":"https:\/\/xn--judo-lbben-feb.de\/index.php?rest_route=\/wp\/v2\/posts\/1320\/revisions"}],"wp:featuredmedia":[{"embeddable":true,"href":"https:\/\/xn--judo-lbben-feb.de\/index.php?rest_route=\/"}],"wp:attachment":[{"href":"https:\/\/xn--judo-lbben-feb.de\/index.php?rest_route=%2Fwp%2Fv2%2Fmedia&parent=1320"}],"wp:term":[{"taxonomy":"category","embeddable":true,"href":"https:\/\/xn--judo-lbben-feb.de\/index.php?rest_route=%2Fwp%2Fv2%2Fcategories&post=1320"},{"taxonomy":"post_tag","embeddable":true,"href":"https:\/\/xn--judo-lbben-feb.de\/index.php?rest_route=%2Fwp%2Fv2%2Ftags&post=1320"}],"curies":[{"name":"wp","href":"https:\/\/api.w.org\/{rel}","templated":true}]}}