{"id":13173,"date":"2018-06-23T21:18:58","date_gmt":"2018-06-23T20:18:58","guid":{"rendered":"http:\/\/xn--judo-lbben-feb.de\/?p=13173"},"modified":"2018-09-12T19:58:01","modified_gmt":"2018-09-12T18:58:01","slug":"luebbener-zum-schuljahresabschluss-in-cottbus-auf-der-matte","status":"publish","type":"post","link":"https:\/\/xn--judo-lbben-feb.de\/?p=13173","title":{"rendered":"Zum Schuljahresabschlu\u00df in Cottbus auf der Matte"},"content":{"rendered":"<p style=\"text-align: center;\">Nach dem wir in den letzten zwei Jahren auf Grund von Termin\u00fcberschneidungen nicht am BTU-Cup teilnahmen, starteten wir in diesem Jahr, am 23. Juni beim 10.BTU-Cup in Cottbus mit 10 Sportlern. Zuerst k\u00e4mpften unsere J\u00fcngsten, die U9 und U11. Unsere U13 und U15, die Mittag anreiste, k\u00e4mpfte im Anschluss. Ihre K\u00e4mpfe sollten bis 17:30 Uhr andauern. Besonders unsere Jungs in der U9 und U11 hatten es sehr schwer. Ihre Gewichtsklassen waren mit bis zu 16 Teilnehmern besetzt. Mit 2mal Gold, 2mal Silber und drei weiteren Bronze-Medaillen konnten die L\u00fcbbener auch diesmal zufrieden den Heimweg antreten.<\/p>\n<p style=\"padding-left: 60px;\"><a href=\"https:\/\/xn--judo-lbben-feb.de\/wp-content\/uploads\/2018\/06\/P1120604-FILEminimizer.jpg\"><img loading=\"lazy\" decoding=\"async\" class=\"alignnone size-thumbnail wp-image-13175\" src=\"https:\/\/xn--judo-lbben-feb.de\/wp-content\/uploads\/2018\/06\/P1120604-FILEminimizer-150x150.jpg\" alt=\"\" width=\"150\" height=\"150\" srcset=\"https:\/\/xn--judo-lbben-feb.de\/wp-content\/uploads\/2018\/06\/P1120604-FILEminimizer-150x150.jpg 150w, https:\/\/xn--judo-lbben-feb.de\/wp-content\/uploads\/2018\/06\/P1120604-FILEminimizer-500x500.jpg 500w, https:\/\/xn--judo-lbben-feb.de\/wp-content\/uploads\/2018\/06\/P1120604-FILEminimizer-400x400.jpg 400w, https:\/\/xn--judo-lbben-feb.de\/wp-content\/uploads\/2018\/06\/P1120604-FILEminimizer-80x80.jpg 80w, https:\/\/xn--judo-lbben-feb.de\/wp-content\/uploads\/2018\/06\/P1120604-FILEminimizer-200x200.jpg 200w\" sizes=\"auto, (max-width: 150px) 100vw, 150px\" \/><\/a>\u00a0 \u00a0<a href=\"https:\/\/xn--judo-lbben-feb.de\/wp-content\/uploads\/2018\/06\/P1120605-FILEminimizer.jpg\"><img loading=\"lazy\" decoding=\"async\" class=\"alignnone size-thumbnail wp-image-13176\" src=\"https:\/\/xn--judo-lbben-feb.de\/wp-content\/uploads\/2018\/06\/P1120605-FILEminimizer-150x150.jpg\" alt=\"\" width=\"150\" height=\"150\" srcset=\"https:\/\/xn--judo-lbben-feb.de\/wp-content\/uploads\/2018\/06\/P1120605-FILEminimizer-150x150.jpg 150w, https:\/\/xn--judo-lbben-feb.de\/wp-content\/uploads\/2018\/06\/P1120605-FILEminimizer-500x500.jpg 500w, https:\/\/xn--judo-lbben-feb.de\/wp-content\/uploads\/2018\/06\/P1120605-FILEminimizer-400x400.jpg 400w, https:\/\/xn--judo-lbben-feb.de\/wp-content\/uploads\/2018\/06\/P1120605-FILEminimizer-80x80.jpg 80w, https:\/\/xn--judo-lbben-feb.de\/wp-content\/uploads\/2018\/06\/P1120605-FILEminimizer-200x200.jpg 200w\" sizes=\"auto, (max-width: 150px) 100vw, 150px\" \/><\/a>\u00a0 \u00a0<a href=\"https:\/\/xn--judo-lbben-feb.de\/wp-content\/uploads\/2018\/06\/P1120607-FILEminimizer.jpg\"><img loading=\"lazy\" decoding=\"async\" class=\"alignnone size-thumbnail wp-image-13177\" src=\"https:\/\/xn--judo-lbben-feb.de\/wp-content\/uploads\/2018\/06\/P1120607-FILEminimizer-150x150.jpg\" alt=\"\" width=\"150\" height=\"150\" srcset=\"https:\/\/xn--judo-lbben-feb.de\/wp-content\/uploads\/2018\/06\/P1120607-FILEminimizer-150x150.jpg 150w, https:\/\/xn--judo-lbben-feb.de\/wp-content\/uploads\/2018\/06\/P1120607-FILEminimizer-500x500.jpg 500w, https:\/\/xn--judo-lbben-feb.de\/wp-content\/uploads\/2018\/06\/P1120607-FILEminimizer-400x400.jpg 400w, https:\/\/xn--judo-lbben-feb.de\/wp-content\/uploads\/2018\/06\/P1120607-FILEminimizer-80x80.jpg 80w, https:\/\/xn--judo-lbben-feb.de\/wp-content\/uploads\/2018\/06\/P1120607-FILEminimizer-200x200.jpg 200w\" sizes=\"auto, (max-width: 150px) 100vw, 150px\" \/><\/a><\/p>\n<p style=\"padding-left: 60px;\"><a href=\"https:\/\/xn--judo-lbben-feb.de\/wp-content\/uploads\/2018\/06\/P1120617-FILEminimizer.jpg\"><img loading=\"lazy\" decoding=\"async\" class=\"alignnone size-thumbnail wp-image-13178\" src=\"https:\/\/xn--judo-lbben-feb.de\/wp-content\/uploads\/2018\/06\/P1120617-FILEminimizer-150x150.jpg\" alt=\"\" width=\"150\" height=\"150\" srcset=\"https:\/\/xn--judo-lbben-feb.de\/wp-content\/uploads\/2018\/06\/P1120617-FILEminimizer-150x150.jpg 150w, https:\/\/xn--judo-lbben-feb.de\/wp-content\/uploads\/2018\/06\/P1120617-FILEminimizer-500x500.jpg 500w, https:\/\/xn--judo-lbben-feb.de\/wp-content\/uploads\/2018\/06\/P1120617-FILEminimizer-400x400.jpg 400w, https:\/\/xn--judo-lbben-feb.de\/wp-content\/uploads\/2018\/06\/P1120617-FILEminimizer-80x80.jpg 80w, https:\/\/xn--judo-lbben-feb.de\/wp-content\/uploads\/2018\/06\/P1120617-FILEminimizer-200x200.jpg 200w\" sizes=\"auto, (max-width: 150px) 100vw, 150px\" \/><\/a>\u00a0 \u00a0<a href=\"https:\/\/xn--judo-lbben-feb.de\/wp-content\/uploads\/2018\/06\/P1120622-FILEminimizer.jpg\"><img loading=\"lazy\" decoding=\"async\" class=\"alignnone size-thumbnail wp-image-13179\" src=\"https:\/\/xn--judo-lbben-feb.de\/wp-content\/uploads\/2018\/06\/P1120622-FILEminimizer-150x150.jpg\" alt=\"\" width=\"150\" height=\"150\" srcset=\"https:\/\/xn--judo-lbben-feb.de\/wp-content\/uploads\/2018\/06\/P1120622-FILEminimizer-150x150.jpg 150w, https:\/\/xn--judo-lbben-feb.de\/wp-content\/uploads\/2018\/06\/P1120622-FILEminimizer-500x500.jpg 500w, https:\/\/xn--judo-lbben-feb.de\/wp-content\/uploads\/2018\/06\/P1120622-FILEminimizer-400x400.jpg 400w, https:\/\/xn--judo-lbben-feb.de\/wp-content\/uploads\/2018\/06\/P1120622-FILEminimizer-80x80.jpg 80w, https:\/\/xn--judo-lbben-feb.de\/wp-content\/uploads\/2018\/06\/P1120622-FILEminimizer-200x200.jpg 200w\" sizes=\"auto, (max-width: 150px) 100vw, 150px\" \/>\u00a0\u00a0<\/a> <a href=\"https:\/\/xn--judo-lbben-feb.de\/wp-content\/uploads\/2018\/06\/P1120627-FILEminimizer.jpg\"><img loading=\"lazy\" decoding=\"async\" class=\"alignnone size-thumbnail wp-image-13180\" src=\"https:\/\/xn--judo-lbben-feb.de\/wp-content\/uploads\/2018\/06\/P1120627-FILEminimizer-150x150.jpg\" alt=\"\" width=\"150\" height=\"150\" srcset=\"https:\/\/xn--judo-lbben-feb.de\/wp-content\/uploads\/2018\/06\/P1120627-FILEminimizer-150x150.jpg 150w, https:\/\/xn--judo-lbben-feb.de\/wp-content\/uploads\/2018\/06\/P1120627-FILEminimizer-500x500.jpg 500w, https:\/\/xn--judo-lbben-feb.de\/wp-content\/uploads\/2018\/06\/P1120627-FILEminimizer-400x400.jpg 400w, https:\/\/xn--judo-lbben-feb.de\/wp-content\/uploads\/2018\/06\/P1120627-FILEminimizer-80x80.jpg 80w, https:\/\/xn--judo-lbben-feb.de\/wp-content\/uploads\/2018\/06\/P1120627-FILEminimizer-200x200.jpg 200w\" sizes=\"auto, (max-width: 150px) 100vw, 150px\" \/><\/a><\/p>\n<p style=\"text-align: center;\"><a href=\"https:\/\/xn--judo-lbben-feb.de\/wp-content\/uploads\/2018\/06\/P1120638-FILEminimizer.jpg\"><img loading=\"lazy\" decoding=\"async\" class=\"alignnone size-medium wp-image-13181\" src=\"https:\/\/xn--judo-lbben-feb.de\/wp-content\/uploads\/2018\/06\/P1120638-FILEminimizer-300x225.jpg\" alt=\"\" width=\"300\" height=\"225\" srcset=\"https:\/\/xn--judo-lbben-feb.de\/wp-content\/uploads\/2018\/06\/P1120638-FILEminimizer-300x225.jpg 300w, https:\/\/xn--judo-lbben-feb.de\/wp-content\/uploads\/2018\/06\/P1120638-FILEminimizer-768x576.jpg 768w, https:\/\/xn--judo-lbben-feb.de\/wp-content\/uploads\/2018\/06\/P1120638-FILEminimizer.jpg 1024w\" sizes=\"auto, (max-width: 300px) 100vw, 300px\" \/><\/a><\/p>\n<p style=\"text-align: center;\"><a href=\"https:\/\/xn--judo-lbben-feb.de\/wp-content\/uploads\/2018\/06\/P1120643-FILEminimizer.jpg\"><img loading=\"lazy\" decoding=\"async\" class=\"alignnone size-medium wp-image-13182\" src=\"https:\/\/xn--judo-lbben-feb.de\/wp-content\/uploads\/2018\/06\/P1120643-FILEminimizer-300x225.jpg\" alt=\"\" width=\"300\" height=\"225\" srcset=\"https:\/\/xn--judo-lbben-feb.de\/wp-content\/uploads\/2018\/06\/P1120643-FILEminimizer-300x225.jpg 300w, https:\/\/xn--judo-lbben-feb.de\/wp-content\/uploads\/2018\/06\/P1120643-FILEminimizer-768x576.jpg 768w, https:\/\/xn--judo-lbben-feb.de\/wp-content\/uploads\/2018\/06\/P1120643-FILEminimizer.jpg 1024w\" sizes=\"auto, (max-width: 300px) 100vw, 300px\" \/><\/a><\/p>\n<p>&nbsp;<\/p>\n<p><strong><span style=\"color: #993366;\">1.Pl\u00e4tze<\/span><\/strong><\/p>\n<p>Julia Richter bis 26kg(U11), Elisa Rudnik bis 44kg(U15)<\/p>\n<p><strong><span style=\"color: #993366;\">2. Pl\u00e4tze<\/span><\/strong><\/p>\n<p>Erik Rechenberger bis 34kg(U11), Sophie Jeschke bis 48kg(U15)<\/p>\n<p><span style=\"color: #993366;\"><strong>3.Pl\u00e4tze<\/strong><\/span><\/p>\n<p>Loris Gra\u00dfmann bis 37kg(U11), Jonas Melcher bis 55kg(U13),\u00a0 Melissa Stoye bis 40kg(U11)<\/p>\n<p><strong><span style=\"color: #993366;\">5. Pl\u00e4tze<\/span><\/strong><\/p>\n<p>Piet Hampusch bis 26kg(U9), Karl Kolwitz bis 50kg(U13)<\/p>\n<p>ohne Platzierung: Philipp Lehmann<\/p>\n","protected":false},"excerpt":{"rendered":"<p>Nach dem wir in den letzten zwei Jahren auf Grund von Termin\u00fcberschneidungen nicht am BTU-Cup teilnahmen, starteten wir in diesem Jahr, am 23. Juni beim 10.BTU-Cup in Cottbus mit 10 Sportlern. Zuerst k\u00e4mpften unsere J\u00fcngsten, die U9 und U11. Unsere U13 und U15, die Mittag anreiste, k\u00e4mpfte im Anschluss. Ihre K\u00e4mpfe sollten bis 17:30 Uhr [&hellip;]<\/p>\n","protected":false},"author":2,"featured_media":13181,"comment_status":"closed","ping_status":"open","sticky":false,"template":"","format":"standard","meta":{"_et_pb_use_builder":"","_et_pb_old_content":"","_et_gb_content_width":"","footnotes":""},"categories":[2],"tags":[],"class_list":["post-13173","post","type-post","status-publish","format-standard","has-post-thumbnail","hentry","category-news"],"_links":{"self":[{"href":"https:\/\/xn--judo-lbben-feb.de\/index.php?rest_route=\/wp\/v2\/posts\/13173","targetHints":{"allow":["GET"]}}],"collection":[{"href":"https:\/\/xn--judo-lbben-feb.de\/index.php?rest_route=\/wp\/v2\/posts"}],"about":[{"href":"https:\/\/xn--judo-lbben-feb.de\/index.php?rest_route=\/wp\/v2\/types\/post"}],"author":[{"embeddable":true,"href":"https:\/\/xn--judo-lbben-feb.de\/index.php?rest_route=\/wp\/v2\/users\/2"}],"replies":[{"embeddable":true,"href":"https:\/\/xn--judo-lbben-feb.de\/index.php?rest_route=%2Fwp%2Fv2%2Fcomments&post=13173"}],"version-history":[{"count":7,"href":"https:\/\/xn--judo-lbben-feb.de\/index.php?rest_route=\/wp\/v2\/posts\/13173\/revisions"}],"predecessor-version":[{"id":13315,"href":"https:\/\/xn--judo-lbben-feb.de\/index.php?rest_route=\/wp\/v2\/posts\/13173\/revisions\/13315"}],"wp:featuredmedia":[{"embeddable":true,"href":"https:\/\/xn--judo-lbben-feb.de\/index.php?rest_route=\/wp\/v2\/media\/13181"}],"wp:attachment":[{"href":"https:\/\/xn--judo-lbben-feb.de\/index.php?rest_route=%2Fwp%2Fv2%2Fmedia&parent=13173"}],"wp:term":[{"taxonomy":"category","embeddable":true,"href":"https:\/\/xn--judo-lbben-feb.de\/index.php?rest_route=%2Fwp%2Fv2%2Fcategories&post=13173"},{"taxonomy":"post_tag","embeddable":true,"href":"https:\/\/xn--judo-lbben-feb.de\/index.php?rest_route=%2Fwp%2Fv2%2Ftags&post=13173"}],"curies":[{"name":"wp","href":"https:\/\/api.w.org\/{rel}","templated":true}]}}