{"id":12964,"date":"2018-03-18T16:17:36","date_gmt":"2018-03-18T15:17:36","guid":{"rendered":"http:\/\/xn--judo-lbben-feb.de\/?p=12964"},"modified":"2023-10-03T16:12:19","modified_gmt":"2023-10-03T15:12:19","slug":"spreewaldpokal-2018-war-ein-voller-erfolg","status":"publish","type":"post","link":"https:\/\/xn--judo-lbben-feb.de\/?p=12964","title":{"rendered":"Spreewaldpokal 2018 war ein voller Erfolg"},"content":{"rendered":"<p style=\"text-align: center;\"><a href=\"https:\/\/xn--judo-lbben-feb.de\/wp-content\/uploads\/2018\/03\/20180317_100417-.jpg\"><img loading=\"lazy\" decoding=\"async\" class=\"alignnone size-large wp-image-12980\" src=\"https:\/\/xn--judo-lbben-feb.de\/wp-content\/uploads\/2018\/03\/20180317_100417--1024x576.jpg\" alt=\"\" width=\"598\" height=\"336\" srcset=\"https:\/\/xn--judo-lbben-feb.de\/wp-content\/uploads\/2018\/03\/20180317_100417--1024x576.jpg 1024w, https:\/\/xn--judo-lbben-feb.de\/wp-content\/uploads\/2018\/03\/20180317_100417--300x169.jpg 300w, https:\/\/xn--judo-lbben-feb.de\/wp-content\/uploads\/2018\/03\/20180317_100417--768x432.jpg 768w, https:\/\/xn--judo-lbben-feb.de\/wp-content\/uploads\/2018\/03\/20180317_100417--642x362.jpg 642w, https:\/\/xn--judo-lbben-feb.de\/wp-content\/uploads\/2018\/03\/20180317_100417--128x72.jpg 128w, https:\/\/xn--judo-lbben-feb.de\/wp-content\/uploads\/2018\/03\/20180317_100417-.jpg 1365w\" sizes=\"auto, (max-width: 598px) 100vw, 598px\" \/><\/a><\/p>\n<p style=\"text-align: center;\">Am 17. und 18. M\u00e4rz 2018 richtete unser Kuzushi erneut den Spreewaldpokal aus. An beiden Tagen reisten 452 Judoka aus \u00fcber 30 Vereinen in unsere sch\u00f6ne Stadt, neuer <strong>Teilnahmerekord!<\/strong><\/p>\n<p style=\"text-align: center;\">Der Samstag war wieder f\u00fcr die j\u00fcngeren Judoka der U9\/U11 und U13 vorbehalten, unsere Halle war rappelvoll, so kam echtes Turnierfeeling auf. An diesem Tag belegten die heimischen Judoka Platz 4 in der Mannschaftswertung.\u00a0\u00a0\u00a0\u00a0\u00a0 <a href=\"http:\/\/judo-l\u00fcbben.de\/?page_id=46\" target=\"_blank\" rel=\"noopener\"><strong><span style=\"color: #ff0000;\">alle Bilder<\/span><\/strong><\/a><\/p>\n<p><strong>Die Mannschaftwertung am 17. M\u00e4rz:<\/strong><\/p>\n<p style=\"text-align: center;\">\n<table id=\"tablepress-37\" class=\"tablepress tablepress-id-37\">\n<thead>\n<tr class=\"row-1\">\n\t<th class=\"column-1\">Verein<\/th><th class=\"column-2\">Punkte<\/th><th class=\"column-3\">Platz<\/th>\n<\/tr>\n<\/thead>\n<tbody class=\"row-striping\">\n<tr class=\"row-2\">\n\t<td class=\"column-1\">PSV Frankfurft\/Oder<\/td><td class=\"column-2\">110<\/td><td class=\"column-3\">1<\/td>\n<\/tr>\n<tr class=\"row-3\">\n\t<td class=\"column-1\">UJKC Potsdam<\/td><td class=\"column-2\">70<\/td><td class=\"column-3\">2<\/td>\n<\/tr>\n<tr class=\"row-4\">\n\t<td class=\"column-1\">Judoclub 03 Berlin<\/td><td class=\"column-2\">67<\/td><td class=\"column-3\">3<\/td>\n<\/tr>\n<tr class=\"row-5\">\n\t<td class=\"column-1\">Kuzushi L\u00fcbben<\/td><td class=\"column-2\">65<\/td><td class=\"column-3\">4<\/td>\n<\/tr>\n<tr class=\"row-6\">\n\t<td class=\"column-1\">Asahi Spremberg<\/td><td class=\"column-2\">62<\/td><td class=\"column-3\">5<\/td>\n<\/tr>\n<\/tbody>\n<\/table>\n<!-- #tablepress-37 from cache --><\/p>\n<p style=\"text-align: center;\"><a href=\"https:\/\/xn--judo-lbben-feb.de\/wp-content\/uploads\/2018\/03\/FIM_0637-.jpg\"><img loading=\"lazy\" decoding=\"async\" class=\"alignnone size-large wp-image-12981\" src=\"https:\/\/xn--judo-lbben-feb.de\/wp-content\/uploads\/2018\/03\/FIM_0637--1024x683.jpg\" alt=\"\" width=\"598\" height=\"399\" srcset=\"https:\/\/xn--judo-lbben-feb.de\/wp-content\/uploads\/2018\/03\/FIM_0637--1024x683.jpg 1024w, https:\/\/xn--judo-lbben-feb.de\/wp-content\/uploads\/2018\/03\/FIM_0637--300x200.jpg 300w, https:\/\/xn--judo-lbben-feb.de\/wp-content\/uploads\/2018\/03\/FIM_0637--768x512.jpg 768w, https:\/\/xn--judo-lbben-feb.de\/wp-content\/uploads\/2018\/03\/FIM_0637-.jpg 1151w\" sizes=\"auto, (max-width: 598px) 100vw, 598px\" \/><\/a><\/p>\n<p><strong>So k\u00e4mpften die Kuzushi&#8217;s am Samstag:<\/strong><\/p>\n<p style=\"text-align: center;\">\n<table id=\"tablepress-39\" class=\"tablepress tablepress-id-39\">\n<thead>\n<tr class=\"row-1\">\n\t<th class=\"column-1\">Name<\/th><th class=\"column-2\">U9\/U11\/U13<\/th><th class=\"column-3\">Gewicht<\/th><th class=\"column-4\">Platz<\/th>\n<\/tr>\n<\/thead>\n<tbody class=\"row-striping row-hover\">\n<tr class=\"row-2\">\n\t<td class=\"column-1\">Julia B.<\/td><td class=\"column-2\">U9<\/td><td class=\"column-3\">-33kg<\/td><td class=\"column-4\">1<\/td>\n<\/tr>\n<tr class=\"row-3\">\n\t<td class=\"column-1\">Theo<\/td><td class=\"column-2\">U9<\/td><td class=\"column-3\">-25kg<\/td><td class=\"column-4\"><\/td>\n<\/tr>\n<tr class=\"row-4\">\n\t<td class=\"column-1\">Piet<\/td><td class=\"column-2\">U9<\/td><td class=\"column-3\">-25kg<\/td><td class=\"column-4\">3<\/td>\n<\/tr>\n<tr class=\"row-5\">\n\t<td class=\"column-1\">Marlon<\/td><td class=\"column-2\">U9<\/td><td class=\"column-3\">-28kg<\/td><td class=\"column-4\">2<\/td>\n<\/tr>\n<tr class=\"row-6\">\n\t<td class=\"column-1\">Henning<\/td><td class=\"column-2\">U9<\/td><td class=\"column-3\">-28kg<\/td><td class=\"column-4\"><\/td>\n<\/tr>\n<tr class=\"row-7\">\n\t<td class=\"column-1\">Leonas<\/td><td class=\"column-2\">U9<\/td><td class=\"column-3\">-34kg<\/td><td class=\"column-4\">3<\/td>\n<\/tr>\n<tr class=\"row-8\">\n\t<td class=\"column-1\">Julia R.<\/td><td class=\"column-2\">U11<\/td><td class=\"column-3\">-24kg<\/td><td class=\"column-4\">2<\/td>\n<\/tr>\n<tr class=\"row-9\">\n\t<td class=\"column-1\">Malin<\/td><td class=\"column-2\">U11<\/td><td class=\"column-3\">-26kg<\/td><td class=\"column-4\">2<\/td>\n<\/tr>\n<tr class=\"row-10\">\n\t<td class=\"column-1\">Loreley<\/td><td class=\"column-2\">U11<\/td><td class=\"column-3\">-33kg<\/td><td class=\"column-4\">3<\/td>\n<\/tr>\n<tr class=\"row-11\">\n\t<td class=\"column-1\">Linda<\/td><td class=\"column-2\">U11<\/td><td class=\"column-3\">-40kg<\/td><td class=\"column-4\"><\/td>\n<\/tr>\n<tr class=\"row-12\">\n\t<td class=\"column-1\">Jemaine<\/td><td class=\"column-2\">U11<\/td><td class=\"column-3\">-23kg<\/td><td class=\"column-4\">3<\/td>\n<\/tr>\n<tr class=\"row-13\">\n\t<td class=\"column-1\">Alexander<\/td><td class=\"column-2\">U11<\/td><td class=\"column-3\">-25kg<\/td><td class=\"column-4\">3<\/td>\n<\/tr>\n<tr class=\"row-14\">\n\t<td class=\"column-1\">Philipp<\/td><td class=\"column-2\">U11<\/td><td class=\"column-3\">-28kg<\/td><td class=\"column-4\"><\/td>\n<\/tr>\n<tr class=\"row-15\">\n\t<td class=\"column-1\">Lukas<\/td><td class=\"column-2\">U11<\/td><td class=\"column-3\">-31kg<\/td><td class=\"column-4\">5<\/td>\n<\/tr>\n<tr class=\"row-16\">\n\t<td class=\"column-1\">Justin<\/td><td class=\"column-2\">U11<\/td><td class=\"column-3\">-31kg<\/td><td class=\"column-4\"><\/td>\n<\/tr>\n<tr class=\"row-17\">\n\t<td class=\"column-1\">Erik<\/td><td class=\"column-2\">U11<\/td><td class=\"column-3\">-34kg<\/td><td class=\"column-4\">5<\/td>\n<\/tr>\n<tr class=\"row-18\">\n\t<td class=\"column-1\">Henrik<\/td><td class=\"column-2\">U11<\/td><td class=\"column-3\">-37kg<\/td><td class=\"column-4\">5<\/td>\n<\/tr>\n<tr class=\"row-19\">\n\t<td class=\"column-1\">Leonhard<\/td><td class=\"column-2\">U11<\/td><td class=\"column-3\">-37kg<\/td><td class=\"column-4\">1<\/td>\n<\/tr>\n<tr class=\"row-20\">\n\t<td class=\"column-1\">Loris<\/td><td class=\"column-2\">U11<\/td><td class=\"column-3\">-37kg<\/td><td class=\"column-4\">2<\/td>\n<\/tr>\n<tr class=\"row-21\">\n\t<td class=\"column-1\">Erich<\/td><td class=\"column-2\">U11<\/td><td class=\"column-3\">-40kg<\/td><td class=\"column-4\">2<\/td>\n<\/tr>\n<tr class=\"row-22\">\n\t<td class=\"column-1\">Florian<\/td><td class=\"column-2\">U11<\/td><td class=\"column-3\">-46kg<\/td><td class=\"column-4\">1 (kampflos)<\/td>\n<\/tr>\n<tr class=\"row-23\">\n\t<td class=\"column-1\">Catharina<\/td><td class=\"column-2\">U13<\/td><td class=\"column-3\">-36kg<\/td><td class=\"column-4\">3<\/td>\n<\/tr>\n<tr class=\"row-24\">\n\t<td class=\"column-1\">Julius<\/td><td class=\"column-2\">U13<\/td><td class=\"column-3\">-40kg<\/td><td class=\"column-4\">2<\/td>\n<\/tr>\n<tr class=\"row-25\">\n\t<td class=\"column-1\">Felix<\/td><td class=\"column-2\">U13<\/td><td class=\"column-3\">-43kg<\/td><td class=\"column-4\"><\/td>\n<\/tr>\n<tr class=\"row-26\">\n\t<td class=\"column-1\">Pascal<\/td><td class=\"column-2\">U13<\/td><td class=\"column-3\">-46kg<\/td><td class=\"column-4\"><\/td>\n<\/tr>\n<tr class=\"row-27\">\n\t<td class=\"column-1\">Karl<\/td><td class=\"column-2\">U13<\/td><td class=\"column-3\">-46kg<\/td><td class=\"column-4\"><\/td>\n<\/tr>\n<tr class=\"row-28\">\n\t<td class=\"column-1\">Jonas<\/td><td class=\"column-2\">U13<\/td><td class=\"column-3\">-50kg<\/td><td class=\"column-4\">5<\/td>\n<\/tr>\n<\/tbody>\n<\/table>\n<!-- #tablepress-39 from cache --><\/p>\n<p style=\"text-align: center;\">Am Sonntag kamen die Judokas der U15\/U18 und U21 zu ihrem Einsatz. Es waren erneut spannende K\u00e4mpfe. Viele L\u00fcbbener Judoka konnten sich \u00fcber eine Golmedaille freuen, so wurden wir Zweiter in der Mannschaftswertung <strong>-SPITZE-<\/strong>.<\/p>\n<p><strong>Die Mannschaftswertung am 18. M\u00e4rz:<\/strong><\/p>\n<p style=\"text-align: center;\">\n<table id=\"tablepress-38\" class=\"tablepress tablepress-id-38\">\n<thead>\n<tr class=\"row-1\">\n\t<th class=\"column-1\">Verein<\/th><th class=\"column-2\">Punkte<\/th><th class=\"column-3\">Platz<\/th>\n<\/tr>\n<\/thead>\n<tbody class=\"row-striping\">\n<tr class=\"row-2\">\n\t<td class=\"column-1\">Rammenau<\/td><td class=\"column-2\">88<\/td><td class=\"column-3\">1<\/td>\n<\/tr>\n<tr class=\"row-3\">\n\t<td class=\"column-1\">Kuzushi L\u00fcbben<\/td><td class=\"column-2\">70<\/td><td class=\"column-3\">2<\/td>\n<\/tr>\n<tr class=\"row-4\">\n\t<td class=\"column-1\">PSV Olympia Berlin<\/td><td class=\"column-2\">38<\/td><td class=\"column-3\">3<\/td>\n<\/tr>\n<tr class=\"row-5\">\n\t<td class=\"column-1\">PSV Kamenz<\/td><td class=\"column-2\">35<\/td><td class=\"column-3\">4<\/td>\n<\/tr>\n<tr class=\"row-6\">\n\t<td class=\"column-1\">K\u00f6nigs Wusterhausen<\/td><td class=\"column-2\">29<\/td><td class=\"column-3\">5<\/td>\n<\/tr>\n<\/tbody>\n<\/table>\n<!-- #tablepress-38 from cache --><\/p>\n<p style=\"text-align: center;\"><a href=\"https:\/\/xn--judo-lbben-feb.de\/wp-content\/uploads\/2018\/03\/FIM_0657-.jpg\"><img loading=\"lazy\" decoding=\"async\" class=\"alignnone size-large wp-image-12982\" src=\"https:\/\/xn--judo-lbben-feb.de\/wp-content\/uploads\/2018\/03\/FIM_0657--1024x683.jpg\" alt=\"\" width=\"598\" height=\"399\" srcset=\"https:\/\/xn--judo-lbben-feb.de\/wp-content\/uploads\/2018\/03\/FIM_0657--1024x683.jpg 1024w, https:\/\/xn--judo-lbben-feb.de\/wp-content\/uploads\/2018\/03\/FIM_0657--300x200.jpg 300w, https:\/\/xn--judo-lbben-feb.de\/wp-content\/uploads\/2018\/03\/FIM_0657--768x512.jpg 768w, https:\/\/xn--judo-lbben-feb.de\/wp-content\/uploads\/2018\/03\/FIM_0657-.jpg 1151w\" sizes=\"auto, (max-width: 598px) 100vw, 598px\" \/><\/a><\/p>\n<p><strong>So k\u00e4mpften die Kuzushi&#8217;s am Sonntag:<\/strong><\/p>\n<p style=\"text-align: center;\">\n<table id=\"tablepress-40\" class=\"tablepress tablepress-id-40\">\n<thead>\n<tr class=\"row-1\">\n\t<th class=\"column-1\">Name<\/th><th class=\"column-2\">U15\/U18\/U21<\/th><th class=\"column-3\">Gewicht<\/th><th class=\"column-4\">Platz<\/th>\n<\/tr>\n<\/thead>\n<tbody class=\"row-striping row-hover\">\n<tr class=\"row-2\">\n\t<td class=\"column-1\">Melissa<\/td><td class=\"column-2\">U15<\/td><td class=\"column-3\">-36kg<\/td><td class=\"column-4\">2<\/td>\n<\/tr>\n<tr class=\"row-3\">\n\t<td class=\"column-1\">Elisa<\/td><td class=\"column-2\">U15<\/td><td class=\"column-3\">-40kg<\/td><td class=\"column-4\">1 (kampflos)<\/td>\n<\/tr>\n<tr class=\"row-4\">\n\t<td class=\"column-1\">Elisa<\/td><td class=\"column-2\">U15<\/td><td class=\"column-3\">-44kg<\/td><td class=\"column-4\">1<\/td>\n<\/tr>\n<tr class=\"row-5\">\n\t<td class=\"column-1\">Sophie<\/td><td class=\"column-2\">U15<\/td><td class=\"column-3\">-44kg<\/td><td class=\"column-4\">3<\/td>\n<\/tr>\n<tr class=\"row-6\">\n\t<td class=\"column-1\">Samantha<\/td><td class=\"column-2\">U15<\/td><td class=\"column-3\">-57kg<\/td><td class=\"column-4\">3<\/td>\n<\/tr>\n<tr class=\"row-7\">\n\t<td class=\"column-1\">Matthew<\/td><td class=\"column-2\">U15<\/td><td class=\"column-3\">-50kg<\/td><td class=\"column-4\">3<\/td>\n<\/tr>\n<tr class=\"row-8\">\n\t<td class=\"column-1\">Sarah<\/td><td class=\"column-2\">U18<\/td><td class=\"column-3\">-52kg<\/td><td class=\"column-4\">3<\/td>\n<\/tr>\n<tr class=\"row-9\">\n\t<td class=\"column-1\">Miriam<\/td><td class=\"column-2\">U18<\/td><td class=\"column-3\">-52kg<\/td><td class=\"column-4\">1<\/td>\n<\/tr>\n<tr class=\"row-10\">\n\t<td class=\"column-1\">Elise<\/td><td class=\"column-2\">U18<\/td><td class=\"column-3\">-57kg<\/td><td class=\"column-4\">3<\/td>\n<\/tr>\n<tr class=\"row-11\">\n\t<td class=\"column-1\">Angelina<\/td><td class=\"column-2\">U18<\/td><td class=\"column-3\">-63kg<\/td><td class=\"column-4\">1<\/td>\n<\/tr>\n<tr class=\"row-12\">\n\t<td class=\"column-1\">Dominique<\/td><td class=\"column-2\">U18<\/td><td class=\"column-3\">-55kg<\/td><td class=\"column-4\">1<\/td>\n<\/tr>\n<tr class=\"row-13\">\n\t<td class=\"column-1\">Lucian<\/td><td class=\"column-2\">U18<\/td><td class=\"column-3\">-81kg<\/td><td class=\"column-4\">1<\/td>\n<\/tr>\n<tr class=\"row-14\">\n\t<td class=\"column-1\">Miriam<\/td><td class=\"column-2\">U21<\/td><td class=\"column-3\">-52kg<\/td><td class=\"column-4\">1<\/td>\n<\/tr>\n<tr class=\"row-15\">\n\t<td class=\"column-1\">Sarah<\/td><td class=\"column-2\">U21<\/td><td class=\"column-3\">-52kg<\/td><td class=\"column-4\">3<\/td>\n<\/tr>\n<tr class=\"row-16\">\n\t<td class=\"column-1\">Paul<\/td><td class=\"column-2\">U21<\/td><td class=\"column-3\">-100kg<\/td><td class=\"column-4\">1<\/td>\n<\/tr>\n<\/tbody>\n<\/table>\n<!-- #tablepress-40 from cache --><\/p>\n<p style=\"text-align: center;\">Ein gro\u00dfes Dankesch\u00f6n geht wieder an die vielen Helfer die zum gro\u00dfen Gelingen beigetragen haben, Ihr wart <strong>SUPER!<\/strong><\/p>\n","protected":false},"excerpt":{"rendered":"<p>Am 17. und 18. M\u00e4rz 2018 richtete unser Kuzushi erneut den Spreewaldpokal aus. An beiden Tagen reisten 452 Judoka aus \u00fcber 30 Vereinen in unsere sch\u00f6ne Stadt, neuer Teilnahmerekord! Der Samstag war wieder f\u00fcr die j\u00fcngeren Judoka der U9\/U11 und U13 vorbehalten, unsere Halle war rappelvoll, so kam echtes Turnierfeeling auf. An diesem Tag belegten [&hellip;]<\/p>\n","protected":false},"author":1,"featured_media":12981,"comment_status":"closed","ping_status":"open","sticky":false,"template":"","format":"standard","meta":{"_et_pb_use_builder":"","_et_pb_old_content":"","_et_gb_content_width":"","footnotes":""},"categories":[2],"tags":[],"class_list":["post-12964","post","type-post","status-publish","format-standard","has-post-thumbnail","hentry","category-news"],"_links":{"self":[{"href":"https:\/\/xn--judo-lbben-feb.de\/index.php?rest_route=\/wp\/v2\/posts\/12964","targetHints":{"allow":["GET"]}}],"collection":[{"href":"https:\/\/xn--judo-lbben-feb.de\/index.php?rest_route=\/wp\/v2\/posts"}],"about":[{"href":"https:\/\/xn--judo-lbben-feb.de\/index.php?rest_route=\/wp\/v2\/types\/post"}],"author":[{"embeddable":true,"href":"https:\/\/xn--judo-lbben-feb.de\/index.php?rest_route=\/wp\/v2\/users\/1"}],"replies":[{"embeddable":true,"href":"https:\/\/xn--judo-lbben-feb.de\/index.php?rest_route=%2Fwp%2Fv2%2Fcomments&post=12964"}],"version-history":[{"count":19,"href":"https:\/\/xn--judo-lbben-feb.de\/index.php?rest_route=\/wp\/v2\/posts\/12964\/revisions"}],"predecessor-version":[{"id":13028,"href":"https:\/\/xn--judo-lbben-feb.de\/index.php?rest_route=\/wp\/v2\/posts\/12964\/revisions\/13028"}],"wp:featuredmedia":[{"embeddable":true,"href":"https:\/\/xn--judo-lbben-feb.de\/index.php?rest_route=\/wp\/v2\/media\/12981"}],"wp:attachment":[{"href":"https:\/\/xn--judo-lbben-feb.de\/index.php?rest_route=%2Fwp%2Fv2%2Fmedia&parent=12964"}],"wp:term":[{"taxonomy":"category","embeddable":true,"href":"https:\/\/xn--judo-lbben-feb.de\/index.php?rest_route=%2Fwp%2Fv2%2Fcategories&post=12964"},{"taxonomy":"post_tag","embeddable":true,"href":"https:\/\/xn--judo-lbben-feb.de\/index.php?rest_route=%2Fwp%2Fv2%2Ftags&post=12964"}],"curies":[{"name":"wp","href":"https:\/\/api.w.org\/{rel}","templated":true}]}}