{"id":1287,"date":"2009-05-09T19:30:24","date_gmt":"2009-05-09T19:30:24","guid":{"rendered":"http:\/\/xn--judo-lbben-feb.de\/?p=1287"},"modified":"2009-05-09T19:30:24","modified_gmt":"2009-05-09T19:30:24","slug":"spreecup-in-furstenwalde","status":"publish","type":"post","link":"https:\/\/xn--judo-lbben-feb.de\/?p=1287","title":{"rendered":"Spreecup in F\u00fcrstenwalde"},"content":{"rendered":"<p>Spree-Cup in F\u00fcrstenwalde<\/p>\n<p>Am 9. Mai 2009 starteten 7 Judokas aus L\u00fcbben beim Spree-Cup in F\u00fcrstenwalde. 232 K\u00e4mpfer aus 21 Vereine k\u00e4mpften an diesem Samstag auf 3 Matten um die Pokale und Medaillen. Lucian Roscheck erreichte in der Altersklasse U10 bis 32 kg, bei der 19 Judokas antraten, einen tollen 2.Platz. Einen weiteren 3. Platz in dieser Gruppe belegte Nico Staudler. Antonia Wagner, die ebenfalls in der U10 startete, konnte sich gegen\u00fcber ihren letzten Wettkampf deutlich steigern und wurde Zweite in der Gewichtsklasse bis 33 kg. In der n\u00e4chst h\u00f6heren Altersklasse der U13 trafen zwei L\u00fcbbener im Finale in der Klasse bis 50 kg aufeinander. Jakob Liesegang gewann\u00a0 diesen Endkampf und Paul Nitsch holte die dritte Silbermedaille f\u00fcr die Kuzushis. Zwei weitere 5. Pl\u00e4tze gab es f\u00fcr Charlotte Britze und Chris Redlich.<\/p>\n<p><a href=\"https:\/\/xn--judo-lbben-feb.de\/wp-content\/uploads\/2012\/12\/P1010034-.jpg\"><img loading=\"lazy\" decoding=\"async\" class=\"aligncenter size-medium wp-image-1288\" title=\"P1010034\" src=\"https:\/\/xn--judo-lbben-feb.de\/wp-content\/uploads\/2012\/12\/P1010034--300x225.jpg\" alt=\"\" width=\"300\" height=\"225\" \/><\/a><\/p>\n","protected":false},"excerpt":{"rendered":"<p>Spree-Cup in F\u00fcrstenwalde Am 9. Mai 2009 starteten 7 Judokas aus L\u00fcbben beim Spree-Cup in F\u00fcrstenwalde. 232 K\u00e4mpfer aus 21 Vereine k\u00e4mpften an diesem Samstag auf 3 Matten um die Pokale und Medaillen. Lucian Roscheck erreichte in der Altersklasse U10 bis 32 kg, bei der 19 Judokas antraten, einen tollen 2.Platz. Einen weiteren 3. Platz [&hellip;]<\/p>\n","protected":false},"author":1,"featured_media":4412,"comment_status":"closed","ping_status":"open","sticky":false,"template":"","format":"standard","meta":{"_et_pb_use_builder":"","_et_pb_old_content":"","_et_gb_content_width":"","footnotes":""},"categories":[2],"tags":[],"class_list":["post-1287","post","type-post","status-publish","format-standard","has-post-thumbnail","hentry","category-news"],"_links":{"self":[{"href":"https:\/\/xn--judo-lbben-feb.de\/index.php?rest_route=\/wp\/v2\/posts\/1287","targetHints":{"allow":["GET"]}}],"collection":[{"href":"https:\/\/xn--judo-lbben-feb.de\/index.php?rest_route=\/wp\/v2\/posts"}],"about":[{"href":"https:\/\/xn--judo-lbben-feb.de\/index.php?rest_route=\/wp\/v2\/types\/post"}],"author":[{"embeddable":true,"href":"https:\/\/xn--judo-lbben-feb.de\/index.php?rest_route=\/wp\/v2\/users\/1"}],"replies":[{"embeddable":true,"href":"https:\/\/xn--judo-lbben-feb.de\/index.php?rest_route=%2Fwp%2Fv2%2Fcomments&post=1287"}],"version-history":[{"count":0,"href":"https:\/\/xn--judo-lbben-feb.de\/index.php?rest_route=\/wp\/v2\/posts\/1287\/revisions"}],"wp:featuredmedia":[{"embeddable":true,"href":"https:\/\/xn--judo-lbben-feb.de\/index.php?rest_route=\/"}],"wp:attachment":[{"href":"https:\/\/xn--judo-lbben-feb.de\/index.php?rest_route=%2Fwp%2Fv2%2Fmedia&parent=1287"}],"wp:term":[{"taxonomy":"category","embeddable":true,"href":"https:\/\/xn--judo-lbben-feb.de\/index.php?rest_route=%2Fwp%2Fv2%2Fcategories&post=1287"},{"taxonomy":"post_tag","embeddable":true,"href":"https:\/\/xn--judo-lbben-feb.de\/index.php?rest_route=%2Fwp%2Fv2%2Ftags&post=1287"}],"curies":[{"name":"wp","href":"https:\/\/api.w.org\/{rel}","templated":true}]}}