{"id":11843,"date":"2017-05-07T08:51:33","date_gmt":"2017-05-07T07:51:33","guid":{"rendered":"http:\/\/xn--judo-lbben-feb.de\/?p=11843"},"modified":"2017-05-14T09:17:48","modified_gmt":"2017-05-14T08:17:48","slug":"wir-waren-in-bad-schandau","status":"publish","type":"post","link":"https:\/\/xn--judo-lbben-feb.de\/?p=11843","title":{"rendered":"Wir waren in Bad Schandau"},"content":{"rendered":"<p style=\"text-align: center;\"><a href=\"https:\/\/xn--judo-lbben-feb.de\/wp-content\/uploads\/2012\/10\/IMG_20170506_165955--e1494338633352.jpg\"><img loading=\"lazy\" decoding=\"async\" class=\"alignnone size-full wp-image-11830\" src=\"https:\/\/xn--judo-lbben-feb.de\/wp-content\/uploads\/2012\/10\/IMG_20170506_165955--e1494338633352.jpg\" alt=\"\" width=\"5993\" height=\"1024\" srcset=\"https:\/\/xn--judo-lbben-feb.de\/wp-content\/uploads\/2012\/10\/IMG_20170506_165955--e1494338633352.jpg 5993w, https:\/\/xn--judo-lbben-feb.de\/wp-content\/uploads\/2012\/10\/IMG_20170506_165955--e1494338633352-300x51.jpg 300w, https:\/\/xn--judo-lbben-feb.de\/wp-content\/uploads\/2012\/10\/IMG_20170506_165955--e1494338633352-768x131.jpg 768w, https:\/\/xn--judo-lbben-feb.de\/wp-content\/uploads\/2012\/10\/IMG_20170506_165955--e1494338633352-1024x175.jpg 1024w\" sizes=\"auto, (max-width: 5993px) 100vw, 5993px\" \/><\/a><\/p>\n<p style=\"text-align: center;\">Es war wieder so weit, die Kuzushi-Gemeinde startete am 5. Mai in Richtung Bad Schandau. Bevor wir unser Domiziel, die Jugendherberge erreichten, machten wir einen Stop bei der Festung K\u00f6nigsstein.Schon sehr beeindruckend diese Anlage.<\/p>\n<p style=\"text-align: center;\"><a href=\"https:\/\/xn--judo-lbben-feb.de\/wp-content\/uploads\/2017\/05\/20170505_155903-.jpg\"><img loading=\"lazy\" decoding=\"async\" class=\"alignnone size-thumbnail wp-image-11847\" src=\"https:\/\/xn--judo-lbben-feb.de\/wp-content\/uploads\/2017\/05\/20170505_155903--150x150.jpg\" alt=\"\" width=\"150\" height=\"150\" srcset=\"https:\/\/xn--judo-lbben-feb.de\/wp-content\/uploads\/2017\/05\/20170505_155903--150x150.jpg 150w, https:\/\/xn--judo-lbben-feb.de\/wp-content\/uploads\/2017\/05\/20170505_155903--80x80.jpg 80w, https:\/\/xn--judo-lbben-feb.de\/wp-content\/uploads\/2017\/05\/20170505_155903--200x200.jpg 200w\" sizes=\"auto, (max-width: 150px) 100vw, 150px\" \/><\/a> <a href=\"https:\/\/xn--judo-lbben-feb.de\/wp-content\/uploads\/2017\/05\/20170505_160702-.jpg\"><img loading=\"lazy\" decoding=\"async\" class=\"alignnone size-thumbnail wp-image-11848\" src=\"https:\/\/xn--judo-lbben-feb.de\/wp-content\/uploads\/2017\/05\/20170505_160702--150x150.jpg\" alt=\"\" width=\"150\" height=\"150\" srcset=\"https:\/\/xn--judo-lbben-feb.de\/wp-content\/uploads\/2017\/05\/20170505_160702--150x150.jpg 150w, https:\/\/xn--judo-lbben-feb.de\/wp-content\/uploads\/2017\/05\/20170505_160702--80x80.jpg 80w, https:\/\/xn--judo-lbben-feb.de\/wp-content\/uploads\/2017\/05\/20170505_160702--200x200.jpg 200w\" sizes=\"auto, (max-width: 150px) 100vw, 150px\" \/><\/a> <a href=\"https:\/\/xn--judo-lbben-feb.de\/wp-content\/uploads\/2017\/05\/20170505_162358-.jpg\"><img loading=\"lazy\" decoding=\"async\" class=\"alignnone size-thumbnail wp-image-11849\" src=\"https:\/\/xn--judo-lbben-feb.de\/wp-content\/uploads\/2017\/05\/20170505_162358--150x150.jpg\" alt=\"\" width=\"150\" height=\"150\" srcset=\"https:\/\/xn--judo-lbben-feb.de\/wp-content\/uploads\/2017\/05\/20170505_162358--150x150.jpg 150w, https:\/\/xn--judo-lbben-feb.de\/wp-content\/uploads\/2017\/05\/20170505_162358--80x80.jpg 80w, https:\/\/xn--judo-lbben-feb.de\/wp-content\/uploads\/2017\/05\/20170505_162358--200x200.jpg 200w\" sizes=\"auto, (max-width: 150px) 100vw, 150px\" \/><\/a><\/p>\n<p style=\"text-align: center;\">Am Abend wurden die Zimmer bezogen und ein gemeinsamer Abend bei Brause und Wasser \ud83d\ude09 verbracht.<\/p>\n<p style=\"text-align: right;\"><strong><span style=\"color: #ff0000;\"><a style=\"color: #ff0000;\" href=\"http:\/\/judo-l\u00fcbben.de\/?page_id=46\" target=\"_blank\" rel=\"noopener noreferrer\">alle Bilder<\/a><\/span><\/strong><\/p>\n<p style=\"text-align: center;\">Der 2. Tag begann mit einem ausf\u00fchrlichen Fr\u00fchst\u00fcck, bevor kurz nach 09:00 Uhr die Wanderung in die S\u00e4chsische Schweiz los ging. Zu beginn war es noch sehr neblig, so das nicht alle Ausblicke genossen werden konnten. Es war eine sehr herausfordernde Wanderung, mit vielen Abwechslungen, was fehlte war eine Raststation um f\u00fcr die Erwachsene eine Gerstenkaltschale zu erwerben. Am Ziel angekommen fihren wir mit einer historischen Stra\u00dfenbahn nach Bad Schandau zur\u00fcck. Hier trennten kurzzeitig die Wege. Eingie erkundeten noch das Stadtzentrum. Der Abend begann mit leckerem vom Grill, bevor er in gem\u00fctlicher Runde ausklang.<\/p>\n<p style=\"text-align: center;\"><a href=\"https:\/\/xn--judo-lbben-feb.de\/wp-content\/uploads\/2012\/10\/IMG_20170506_085454-.jpg\"><img loading=\"lazy\" decoding=\"async\" class=\"alignnone size-thumbnail wp-image-11834\" src=\"https:\/\/xn--judo-lbben-feb.de\/wp-content\/uploads\/2012\/10\/IMG_20170506_085454--150x150.jpg\" alt=\"\" width=\"150\" height=\"150\" srcset=\"https:\/\/xn--judo-lbben-feb.de\/wp-content\/uploads\/2012\/10\/IMG_20170506_085454--150x150.jpg 150w, https:\/\/xn--judo-lbben-feb.de\/wp-content\/uploads\/2012\/10\/IMG_20170506_085454--80x80.jpg 80w, https:\/\/xn--judo-lbben-feb.de\/wp-content\/uploads\/2012\/10\/IMG_20170506_085454--200x200.jpg 200w\" sizes=\"auto, (max-width: 150px) 100vw, 150px\" \/> <\/a><a href=\"https:\/\/xn--judo-lbben-feb.de\/wp-content\/uploads\/2017\/05\/20170506_091528-.jpg\"><img loading=\"lazy\" decoding=\"async\" class=\"alignnone size-thumbnail wp-image-11850\" src=\"https:\/\/xn--judo-lbben-feb.de\/wp-content\/uploads\/2017\/05\/20170506_091528--150x150.jpg\" alt=\"\" width=\"150\" height=\"150\" srcset=\"https:\/\/xn--judo-lbben-feb.de\/wp-content\/uploads\/2017\/05\/20170506_091528--150x150.jpg 150w, https:\/\/xn--judo-lbben-feb.de\/wp-content\/uploads\/2017\/05\/20170506_091528--80x80.jpg 80w, https:\/\/xn--judo-lbben-feb.de\/wp-content\/uploads\/2017\/05\/20170506_091528--200x200.jpg 200w\" sizes=\"auto, (max-width: 150px) 100vw, 150px\" \/><\/a><a href=\"https:\/\/xn--judo-lbben-feb.de\/wp-content\/uploads\/2017\/05\/20170506_110742-.jpg\"> <img loading=\"lazy\" decoding=\"async\" class=\"alignnone size-thumbnail wp-image-11851\" src=\"https:\/\/xn--judo-lbben-feb.de\/wp-content\/uploads\/2017\/05\/20170506_110742--150x150.jpg\" alt=\"\" width=\"150\" height=\"150\" srcset=\"https:\/\/xn--judo-lbben-feb.de\/wp-content\/uploads\/2017\/05\/20170506_110742--150x150.jpg 150w, https:\/\/xn--judo-lbben-feb.de\/wp-content\/uploads\/2017\/05\/20170506_110742--80x80.jpg 80w, https:\/\/xn--judo-lbben-feb.de\/wp-content\/uploads\/2017\/05\/20170506_110742--200x200.jpg 200w\" sizes=\"auto, (max-width: 150px) 100vw, 150px\" \/><\/a><\/p>\n<p style=\"text-align: center;\">Am letzten Tag machten wir noch einen Abstecher zum Sandsteinlabyrinth, einfach genial dieses Naturerlebnis.<\/p>\n<p style=\"text-align: center;\"><a href=\"https:\/\/xn--judo-lbben-feb.de\/wp-content\/uploads\/2017\/05\/P1110174-.jpg\"><img loading=\"lazy\" decoding=\"async\" class=\"alignnone size-thumbnail wp-image-11853\" src=\"https:\/\/xn--judo-lbben-feb.de\/wp-content\/uploads\/2017\/05\/P1110174--150x150.jpg\" alt=\"\" width=\"150\" height=\"150\" srcset=\"https:\/\/xn--judo-lbben-feb.de\/wp-content\/uploads\/2017\/05\/P1110174--150x150.jpg 150w, https:\/\/xn--judo-lbben-feb.de\/wp-content\/uploads\/2017\/05\/P1110174--80x80.jpg 80w, https:\/\/xn--judo-lbben-feb.de\/wp-content\/uploads\/2017\/05\/P1110174--200x200.jpg 200w\" sizes=\"auto, (max-width: 150px) 100vw, 150px\" \/><\/a> <a href=\"https:\/\/xn--judo-lbben-feb.de\/wp-content\/uploads\/2017\/05\/P1110176-.jpg\"><img loading=\"lazy\" decoding=\"async\" class=\"alignnone size-thumbnail wp-image-11854\" src=\"https:\/\/xn--judo-lbben-feb.de\/wp-content\/uploads\/2017\/05\/P1110176--150x150.jpg\" alt=\"\" width=\"150\" height=\"150\" srcset=\"https:\/\/xn--judo-lbben-feb.de\/wp-content\/uploads\/2017\/05\/P1110176--150x150.jpg 150w, https:\/\/xn--judo-lbben-feb.de\/wp-content\/uploads\/2017\/05\/P1110176--80x80.jpg 80w, https:\/\/xn--judo-lbben-feb.de\/wp-content\/uploads\/2017\/05\/P1110176--200x200.jpg 200w\" sizes=\"auto, (max-width: 150px) 100vw, 150px\" \/><\/a> <a href=\"https:\/\/xn--judo-lbben-feb.de\/wp-content\/uploads\/2017\/05\/P1110186-.jpg\"><img loading=\"lazy\" decoding=\"async\" class=\"alignnone size-thumbnail wp-image-11855\" src=\"https:\/\/xn--judo-lbben-feb.de\/wp-content\/uploads\/2017\/05\/P1110186--150x150.jpg\" alt=\"\" width=\"150\" height=\"150\" srcset=\"https:\/\/xn--judo-lbben-feb.de\/wp-content\/uploads\/2017\/05\/P1110186--150x150.jpg 150w, https:\/\/xn--judo-lbben-feb.de\/wp-content\/uploads\/2017\/05\/P1110186--80x80.jpg 80w, https:\/\/xn--judo-lbben-feb.de\/wp-content\/uploads\/2017\/05\/P1110186--200x200.jpg 200w\" sizes=\"auto, (max-width: 150px) 100vw, 150px\" \/><\/a><\/p>\n<p style=\"text-align: center;\"><a href=\"https:\/\/xn--judo-lbben-feb.de\/wp-content\/uploads\/2017\/05\/P1110190-.jpg\"><img loading=\"lazy\" decoding=\"async\" class=\"alignnone size-large wp-image-11856\" src=\"https:\/\/xn--judo-lbben-feb.de\/wp-content\/uploads\/2017\/05\/P1110190--1024x768.jpg\" alt=\"\" width=\"598\" height=\"449\" srcset=\"https:\/\/xn--judo-lbben-feb.de\/wp-content\/uploads\/2017\/05\/P1110190-.jpg 1024w, https:\/\/xn--judo-lbben-feb.de\/wp-content\/uploads\/2017\/05\/P1110190--300x225.jpg 300w, https:\/\/xn--judo-lbben-feb.de\/wp-content\/uploads\/2017\/05\/P1110190--768x576.jpg 768w\" sizes=\"auto, (max-width: 598px) 100vw, 598px\" \/><\/a><\/p>\n<p style=\"text-align: center;\"><strong>Der Dank geht an die Organisatoren dieses wundersch\u00f6nen Wochenendes, es war wieder fantastisch.<\/strong><\/p>\n","protected":false},"excerpt":{"rendered":"<p>Es war wieder so weit, die Kuzushi-Gemeinde startete am 5. Mai in Richtung Bad Schandau. Bevor wir unser Domiziel, die Jugendherberge erreichten, machten wir einen Stop bei der Festung K\u00f6nigsstein.Schon sehr beeindruckend diese Anlage. Am Abend wurden die Zimmer bezogen und ein gemeinsamer Abend bei Brause und Wasser \ud83d\ude09 verbracht. alle Bilder Der 2. Tag [&hellip;]<\/p>\n","protected":false},"author":1,"featured_media":11851,"comment_status":"closed","ping_status":"open","sticky":false,"template":"","format":"standard","meta":{"_et_pb_use_builder":"","_et_pb_old_content":"","_et_gb_content_width":"","footnotes":""},"categories":[2],"tags":[],"class_list":["post-11843","post","type-post","status-publish","format-standard","has-post-thumbnail","hentry","category-news"],"_links":{"self":[{"href":"https:\/\/xn--judo-lbben-feb.de\/index.php?rest_route=\/wp\/v2\/posts\/11843","targetHints":{"allow":["GET"]}}],"collection":[{"href":"https:\/\/xn--judo-lbben-feb.de\/index.php?rest_route=\/wp\/v2\/posts"}],"about":[{"href":"https:\/\/xn--judo-lbben-feb.de\/index.php?rest_route=\/wp\/v2\/types\/post"}],"author":[{"embeddable":true,"href":"https:\/\/xn--judo-lbben-feb.de\/index.php?rest_route=\/wp\/v2\/users\/1"}],"replies":[{"embeddable":true,"href":"https:\/\/xn--judo-lbben-feb.de\/index.php?rest_route=%2Fwp%2Fv2%2Fcomments&post=11843"}],"version-history":[{"count":7,"href":"https:\/\/xn--judo-lbben-feb.de\/index.php?rest_route=\/wp\/v2\/posts\/11843\/revisions"}],"predecessor-version":[{"id":11859,"href":"https:\/\/xn--judo-lbben-feb.de\/index.php?rest_route=\/wp\/v2\/posts\/11843\/revisions\/11859"}],"wp:featuredmedia":[{"embeddable":true,"href":"https:\/\/xn--judo-lbben-feb.de\/index.php?rest_route=\/wp\/v2\/media\/11851"}],"wp:attachment":[{"href":"https:\/\/xn--judo-lbben-feb.de\/index.php?rest_route=%2Fwp%2Fv2%2Fmedia&parent=11843"}],"wp:term":[{"taxonomy":"category","embeddable":true,"href":"https:\/\/xn--judo-lbben-feb.de\/index.php?rest_route=%2Fwp%2Fv2%2Fcategories&post=11843"},{"taxonomy":"post_tag","embeddable":true,"href":"https:\/\/xn--judo-lbben-feb.de\/index.php?rest_route=%2Fwp%2Fv2%2Ftags&post=11843"}],"curies":[{"name":"wp","href":"https:\/\/api.w.org\/{rel}","templated":true}]}}