{"id":11507,"date":"2017-03-25T17:23:54","date_gmt":"2017-03-25T16:23:54","guid":{"rendered":"http:\/\/xn--judo-lbben-feb.de\/?p=11507"},"modified":"2017-03-27T18:12:34","modified_gmt":"2017-03-27T17:12:34","slug":"neue-farben-auf-der-matte-erfolgreiche-guertelpruefung","status":"publish","type":"post","link":"https:\/\/xn--judo-lbben-feb.de\/?p=11507","title":{"rendered":"Neue Farben auf der Matte &#8211; Erfolgreiche G\u00fcrtelpr\u00fcfung"},"content":{"rendered":"<p style=\"text-align: center;\">Nach dem Spreewaldpokal stand bereits eine Woche sp\u00e4ter f\u00fcr einige Kuzushi&#8217;s der n\u00e4chste H\u00f6hepunkt an, die G\u00fcrtelpr\u00fcfung. Am Ende des Tages gab es dann den verdienten Lohn f\u00fcr das Training, der n\u00e4chste Kyu.<strong><br \/>\n<\/strong><\/p>\n<p style=\"text-align: right;\"><strong><a href=\"http:\/\/judo-l\u00fcbben.de\/?page_id=1770\"><span style=\"color: #ff0000;\"> alle Bilder<\/span><\/a><br \/>\n<\/strong><\/p>\n<p style=\"text-align: center;\"><strong>Herzlichen Gl\u00fcckwunsch!<\/strong><strong><br \/>\n<\/strong><\/p>\n<p style=\"text-align: center;\"><a href=\"https:\/\/xn--judo-lbben-feb.de\/wp-content\/uploads\/2017\/03\/FIM_9625-.jpg\"><img loading=\"lazy\" decoding=\"async\" class=\"alignnone size-large wp-image-11506\" src=\"https:\/\/xn--judo-lbben-feb.de\/wp-content\/uploads\/2017\/03\/FIM_9625--1024x683.jpg\" alt=\"\" width=\"598\" height=\"399\" srcset=\"https:\/\/xn--judo-lbben-feb.de\/wp-content\/uploads\/2017\/03\/FIM_9625--1024x683.jpg 1024w, https:\/\/xn--judo-lbben-feb.de\/wp-content\/uploads\/2017\/03\/FIM_9625--300x200.jpg 300w, https:\/\/xn--judo-lbben-feb.de\/wp-content\/uploads\/2017\/03\/FIM_9625--768x512.jpg 768w, https:\/\/xn--judo-lbben-feb.de\/wp-content\/uploads\/2017\/03\/FIM_9625-.jpg 1152w\" sizes=\"auto, (max-width: 598px) 100vw, 598px\" \/><\/a><\/p>\n<p style=\"text-align: center;\">\u00a0Fotos: Ilja Melcher<\/p>\n","protected":false},"excerpt":{"rendered":"<p>Nach dem Spreewaldpokal stand bereits eine Woche sp\u00e4ter f\u00fcr einige Kuzushi&#8217;s der n\u00e4chste H\u00f6hepunkt an, die G\u00fcrtelpr\u00fcfung. Am Ende des Tages gab es dann den verdienten Lohn f\u00fcr das Training, der n\u00e4chste Kyu. alle Bilder Herzlichen Gl\u00fcckwunsch! \u00a0Fotos: Ilja Melcher<\/p>\n","protected":false},"author":1,"featured_media":11510,"comment_status":"closed","ping_status":"open","sticky":false,"template":"","format":"standard","meta":{"_et_pb_use_builder":"","_et_pb_old_content":"","_et_gb_content_width":"","footnotes":""},"categories":[2],"tags":[],"class_list":["post-11507","post","type-post","status-publish","format-standard","has-post-thumbnail","hentry","category-news"],"_links":{"self":[{"href":"https:\/\/xn--judo-lbben-feb.de\/index.php?rest_route=\/wp\/v2\/posts\/11507","targetHints":{"allow":["GET"]}}],"collection":[{"href":"https:\/\/xn--judo-lbben-feb.de\/index.php?rest_route=\/wp\/v2\/posts"}],"about":[{"href":"https:\/\/xn--judo-lbben-feb.de\/index.php?rest_route=\/wp\/v2\/types\/post"}],"author":[{"embeddable":true,"href":"https:\/\/xn--judo-lbben-feb.de\/index.php?rest_route=\/wp\/v2\/users\/1"}],"replies":[{"embeddable":true,"href":"https:\/\/xn--judo-lbben-feb.de\/index.php?rest_route=%2Fwp%2Fv2%2Fcomments&post=11507"}],"version-history":[{"count":8,"href":"https:\/\/xn--judo-lbben-feb.de\/index.php?rest_route=\/wp\/v2\/posts\/11507\/revisions"}],"predecessor-version":[{"id":11736,"href":"https:\/\/xn--judo-lbben-feb.de\/index.php?rest_route=\/wp\/v2\/posts\/11507\/revisions\/11736"}],"wp:featuredmedia":[{"embeddable":true,"href":"https:\/\/xn--judo-lbben-feb.de\/index.php?rest_route=\/wp\/v2\/media\/11510"}],"wp:attachment":[{"href":"https:\/\/xn--judo-lbben-feb.de\/index.php?rest_route=%2Fwp%2Fv2%2Fmedia&parent=11507"}],"wp:term":[{"taxonomy":"category","embeddable":true,"href":"https:\/\/xn--judo-lbben-feb.de\/index.php?rest_route=%2Fwp%2Fv2%2Fcategories&post=11507"},{"taxonomy":"post_tag","embeddable":true,"href":"https:\/\/xn--judo-lbben-feb.de\/index.php?rest_route=%2Fwp%2Fv2%2Ftags&post=11507"}],"curies":[{"name":"wp","href":"https:\/\/api.w.org\/{rel}","templated":true}]}}