{"id":11138,"date":"2017-03-04T17:59:50","date_gmt":"2017-03-04T16:59:50","guid":{"rendered":"http:\/\/xn--judo-lbben-feb.de\/?p=11138"},"modified":"2017-03-07T16:57:29","modified_gmt":"2017-03-07T15:57:29","slug":"kirchbluetenpokal-spremberg","status":"publish","type":"post","link":"https:\/\/xn--judo-lbben-feb.de\/?p=11138","title":{"rendered":"Kirchbl\u00fctenpokal Spremberg"},"content":{"rendered":"<p style=\"text-align: center;\">Mit einem durchwachsenden Ergebnis kerten wir Sonnabend aus Spremberg zur\u00fcck. So wirklich \u00fcberzeugen konnte leider nur Lukas. So machte Lukas mit dem 2. Platz sich selber eine gro\u00dfe Freude. Jonas konnte sich ohne einen gewonnen Kampf \u00fcber Platz 3 freuen. Unsere anderen Teilnehmer ginnger leider leer aus.<\/p>\n<p style=\"text-align: left;\">Die Ergbnisse im \u00dcberblick: \u00a0 \u00a0 \u00a0 \u00a0 \u00a0 \u00a0 \u00a0 \u00a0 \u00a0 \u00a0 \u00a0 \u00a0 \u00a0 \u00a0 \u00a0 \u00a0 \u00a0 \u00a0 \u00a0 \u00a0 \u00a0 \u00a0 \u00a0 \u00a0 \u00a0 \u00a0 \u00a0 \u00a0 \u00a0 \u00a0 \u00a0 \u00a0 \u00a0 \u00a0 \u00a0 \u00a0 \u00a0 \u00a0 \u00a0 \u00a0 \u00a0 \u00a0 \u00a0 \u00a0 \u00a0 \u00a0 \u00a0 \u00a0 \u00a0 \u00a0 \u00a0 \u00a0 \u00a0 \u00a0 \u00a0\u00a0 \n<table id=\"tablepress-25\" class=\"tablepress tablepress-id-25\">\n<thead>\n<tr class=\"row-1\">\n\t<th class=\"column-1\">Name<\/th><th class=\"column-2\">Teiln.<\/th><th class=\"column-3\">Jug.<\/th><th class=\"column-4\">Gew.<\/th><th class=\"column-5\">1.<\/th><th class=\"column-6\">2.<\/th><th class=\"column-7\">3.<\/th><th class=\"column-8\">4.<\/th><th class=\"column-9\">Platz<\/th>\n<\/tr>\n<\/thead>\n<tbody class=\"row-striping row-hover\">\n<tr class=\"row-2\">\n\t<td class=\"column-1\">Lukas<\/td><td class=\"column-2\">7<\/td><td class=\"column-3\">U9<\/td><td class=\"column-4\">-26kg<\/td><td class=\"column-5\">10<\/td><td class=\"column-6\">10<\/td><td class=\"column-7\">0<\/td><td class=\"column-8\"><\/td><td class=\"column-9\">2<\/td>\n<\/tr>\n<tr class=\"row-3\">\n\t<td class=\"column-1\">Jonas<\/td><td class=\"column-2\">4<\/td><td class=\"column-3\">U11<\/td><td class=\"column-4\">-46kg<\/td><td class=\"column-5\">0<\/td><td class=\"column-6\">0<\/td><td class=\"column-7\">0<\/td><td class=\"column-8\"><\/td><td class=\"column-9\">3<\/td>\n<\/tr>\n<tr class=\"row-4\">\n\t<td class=\"column-1\">Florian<\/td><td class=\"column-2\">12<\/td><td class=\"column-3\">U11<\/td><td class=\"column-4\">-38<\/td><td class=\"column-5\">0<\/td><td class=\"column-6\">7<\/td><td class=\"column-7\">0<\/td><td class=\"column-8\"><\/td><td class=\"column-9\"><\/td>\n<\/tr>\n<tr class=\"row-5\">\n\t<td class=\"column-1\">Erik<\/td><td class=\"column-2\">18<\/td><td class=\"column-3\">U11<\/td><td class=\"column-4\">-32kg<\/td><td class=\"column-5\">0<\/td><td class=\"column-6\">10<\/td><td class=\"column-7\">0<\/td><td class=\"column-8\"><\/td><td class=\"column-9\"><\/td>\n<\/tr>\n<tr class=\"row-6\">\n\t<td class=\"column-1\">Erich<\/td><td class=\"column-2\">12<\/td><td class=\"column-3\">U11<\/td><td class=\"column-4\">-38kg<\/td><td class=\"column-5\">0<\/td><td class=\"column-6\">10<\/td><td class=\"column-7\">7<\/td><td class=\"column-8\">0<\/td><td class=\"column-9\"><\/td>\n<\/tr>\n<tr class=\"row-7\">\n\t<td class=\"column-1\">leonhard<\/td><td class=\"column-2\">18<\/td><td class=\"column-3\">U11<\/td><td class=\"column-4\">-32kg<\/td><td class=\"column-5\">0<\/td><td class=\"column-6\">7<\/td><td class=\"column-7\">0<\/td><td class=\"column-8\"><\/td><td class=\"column-9\"><\/td>\n<\/tr>\n<tr class=\"row-8\">\n\t<td class=\"column-1\">julius<\/td><td class=\"column-2\">12<\/td><td class=\"column-3\">U11<\/td><td class=\"column-4\">-38kg<\/td><td class=\"column-5\">10<\/td><td class=\"column-6\">10<\/td><td class=\"column-7\">0<\/td><td class=\"column-8\"><\/td><td class=\"column-9\"><\/td>\n<\/tr>\n<tr class=\"row-9\">\n\t<td class=\"column-1\">Angelo<\/td><td class=\"column-2\">23<\/td><td class=\"column-3\">U11<\/td><td class=\"column-4\">-24kg<\/td><td class=\"column-5\">0<\/td><td class=\"column-6\">0<\/td><td class=\"column-7\"><\/td><td class=\"column-8\"><\/td><td class=\"column-9\"><\/td>\n<\/tr>\n<\/tbody>\n<\/table>\n<!-- #tablepress-25 from cache --><\/p>\n<p style=\"text-align: center;\"><a href=\"https:\/\/xn--judo-lbben-feb.de\/wp-content\/uploads\/2017\/03\/20170304_100816.jpg\"><img loading=\"lazy\" decoding=\"async\" class=\"alignnone size-large wp-image-11144\" src=\"https:\/\/xn--judo-lbben-feb.de\/wp-content\/uploads\/2017\/03\/20170304_100816-1024x576.jpg\" alt=\"\" width=\"598\" height=\"336\" srcset=\"https:\/\/xn--judo-lbben-feb.de\/wp-content\/uploads\/2017\/03\/20170304_100816-1024x576.jpg 1024w, https:\/\/xn--judo-lbben-feb.de\/wp-content\/uploads\/2017\/03\/20170304_100816-300x169.jpg 300w, https:\/\/xn--judo-lbben-feb.de\/wp-content\/uploads\/2017\/03\/20170304_100816-768x432.jpg 768w, https:\/\/xn--judo-lbben-feb.de\/wp-content\/uploads\/2017\/03\/20170304_100816-642x362.jpg 642w, https:\/\/xn--judo-lbben-feb.de\/wp-content\/uploads\/2017\/03\/20170304_100816-128x72.jpg 128w, https:\/\/xn--judo-lbben-feb.de\/wp-content\/uploads\/2017\/03\/20170304_100816.jpg 1535w\" sizes=\"auto, (max-width: 598px) 100vw, 598px\" \/><\/a><\/p>\n<p style=\"text-align: center;\"><a href=\"https:\/\/xn--judo-lbben-feb.de\/wp-content\/uploads\/2017\/03\/DSC07429-.jpg\"><img loading=\"lazy\" decoding=\"async\" class=\"alignnone size-thumbnail wp-image-11145\" src=\"https:\/\/xn--judo-lbben-feb.de\/wp-content\/uploads\/2017\/03\/DSC07429--150x150.jpg\" alt=\"\" width=\"150\" height=\"150\" srcset=\"https:\/\/xn--judo-lbben-feb.de\/wp-content\/uploads\/2017\/03\/DSC07429--150x150.jpg 150w, https:\/\/xn--judo-lbben-feb.de\/wp-content\/uploads\/2017\/03\/DSC07429--80x80.jpg 80w, https:\/\/xn--judo-lbben-feb.de\/wp-content\/uploads\/2017\/03\/DSC07429--200x200.jpg 200w\" sizes=\"auto, (max-width: 150px) 100vw, 150px\" \/><\/a> <a href=\"https:\/\/xn--judo-lbben-feb.de\/wp-content\/uploads\/2017\/03\/DSC07430-.jpg\"><img loading=\"lazy\" decoding=\"async\" class=\"alignnone size-thumbnail wp-image-11146\" src=\"https:\/\/xn--judo-lbben-feb.de\/wp-content\/uploads\/2017\/03\/DSC07430--150x150.jpg\" alt=\"\" width=\"150\" height=\"150\" srcset=\"https:\/\/xn--judo-lbben-feb.de\/wp-content\/uploads\/2017\/03\/DSC07430--150x150.jpg 150w, https:\/\/xn--judo-lbben-feb.de\/wp-content\/uploads\/2017\/03\/DSC07430--80x80.jpg 80w, https:\/\/xn--judo-lbben-feb.de\/wp-content\/uploads\/2017\/03\/DSC07430--200x200.jpg 200w\" sizes=\"auto, (max-width: 150px) 100vw, 150px\" \/><\/a> <a href=\"https:\/\/xn--judo-lbben-feb.de\/wp-content\/uploads\/2017\/03\/DSC07431-.jpg\"><img loading=\"lazy\" decoding=\"async\" class=\"alignnone size-thumbnail wp-image-11147\" src=\"https:\/\/xn--judo-lbben-feb.de\/wp-content\/uploads\/2017\/03\/DSC07431--150x150.jpg\" alt=\"\" width=\"150\" height=\"150\" srcset=\"https:\/\/xn--judo-lbben-feb.de\/wp-content\/uploads\/2017\/03\/DSC07431--150x150.jpg 150w, https:\/\/xn--judo-lbben-feb.de\/wp-content\/uploads\/2017\/03\/DSC07431--80x80.jpg 80w, https:\/\/xn--judo-lbben-feb.de\/wp-content\/uploads\/2017\/03\/DSC07431--200x200.jpg 200w\" sizes=\"auto, (max-width: 150px) 100vw, 150px\" \/><\/a><a href=\"https:\/\/xn--judo-lbben-feb.de\/wp-content\/uploads\/2017\/03\/DSC07432-.jpg\"> <img loading=\"lazy\" decoding=\"async\" class=\"alignnone size-thumbnail wp-image-11148\" src=\"https:\/\/xn--judo-lbben-feb.de\/wp-content\/uploads\/2017\/03\/DSC07432--150x150.jpg\" alt=\"\" width=\"150\" height=\"150\" srcset=\"https:\/\/xn--judo-lbben-feb.de\/wp-content\/uploads\/2017\/03\/DSC07432--150x150.jpg 150w, https:\/\/xn--judo-lbben-feb.de\/wp-content\/uploads\/2017\/03\/DSC07432--80x80.jpg 80w, https:\/\/xn--judo-lbben-feb.de\/wp-content\/uploads\/2017\/03\/DSC07432--200x200.jpg 200w\" sizes=\"auto, (max-width: 150px) 100vw, 150px\" \/><\/a> <a href=\"https:\/\/xn--judo-lbben-feb.de\/wp-content\/uploads\/2017\/03\/DSC07433-.jpg\"><img loading=\"lazy\" decoding=\"async\" class=\"alignnone size-thumbnail wp-image-11149\" src=\"https:\/\/xn--judo-lbben-feb.de\/wp-content\/uploads\/2017\/03\/DSC07433--150x150.jpg\" alt=\"\" width=\"150\" height=\"150\" srcset=\"https:\/\/xn--judo-lbben-feb.de\/wp-content\/uploads\/2017\/03\/DSC07433--150x150.jpg 150w, https:\/\/xn--judo-lbben-feb.de\/wp-content\/uploads\/2017\/03\/DSC07433--80x80.jpg 80w, https:\/\/xn--judo-lbben-feb.de\/wp-content\/uploads\/2017\/03\/DSC07433--200x200.jpg 200w\" sizes=\"auto, (max-width: 150px) 100vw, 150px\" \/><\/a> <a href=\"https:\/\/xn--judo-lbben-feb.de\/wp-content\/uploads\/2017\/03\/DSC07434-.jpg\"><img loading=\"lazy\" decoding=\"async\" class=\"alignnone size-thumbnail wp-image-11150\" src=\"https:\/\/xn--judo-lbben-feb.de\/wp-content\/uploads\/2017\/03\/DSC07434--150x150.jpg\" alt=\"\" width=\"150\" height=\"150\" srcset=\"https:\/\/xn--judo-lbben-feb.de\/wp-content\/uploads\/2017\/03\/DSC07434--150x150.jpg 150w, https:\/\/xn--judo-lbben-feb.de\/wp-content\/uploads\/2017\/03\/DSC07434--80x80.jpg 80w, https:\/\/xn--judo-lbben-feb.de\/wp-content\/uploads\/2017\/03\/DSC07434--200x200.jpg 200w\" sizes=\"auto, (max-width: 150px) 100vw, 150px\" \/><\/a> <a href=\"https:\/\/xn--judo-lbben-feb.de\/wp-content\/uploads\/2017\/03\/DSC07435-.jpg\"><img loading=\"lazy\" decoding=\"async\" class=\"alignnone size-thumbnail wp-image-11151\" src=\"https:\/\/xn--judo-lbben-feb.de\/wp-content\/uploads\/2017\/03\/DSC07435--150x150.jpg\" alt=\"\" width=\"150\" height=\"150\" srcset=\"https:\/\/xn--judo-lbben-feb.de\/wp-content\/uploads\/2017\/03\/DSC07435--150x150.jpg 150w, https:\/\/xn--judo-lbben-feb.de\/wp-content\/uploads\/2017\/03\/DSC07435--80x80.jpg 80w, https:\/\/xn--judo-lbben-feb.de\/wp-content\/uploads\/2017\/03\/DSC07435--200x200.jpg 200w\" sizes=\"auto, (max-width: 150px) 100vw, 150px\" \/><\/a> <a href=\"https:\/\/xn--judo-lbben-feb.de\/wp-content\/uploads\/2017\/03\/DSC07436-.jpg\"><img loading=\"lazy\" decoding=\"async\" class=\"alignnone size-thumbnail wp-image-11152\" src=\"https:\/\/xn--judo-lbben-feb.de\/wp-content\/uploads\/2017\/03\/DSC07436--150x150.jpg\" alt=\"\" width=\"150\" height=\"150\" srcset=\"https:\/\/xn--judo-lbben-feb.de\/wp-content\/uploads\/2017\/03\/DSC07436--150x150.jpg 150w, https:\/\/xn--judo-lbben-feb.de\/wp-content\/uploads\/2017\/03\/DSC07436--80x80.jpg 80w, https:\/\/xn--judo-lbben-feb.de\/wp-content\/uploads\/2017\/03\/DSC07436--200x200.jpg 200w\" sizes=\"auto, (max-width: 150px) 100vw, 150px\" \/><\/a> <a href=\"https:\/\/xn--judo-lbben-feb.de\/wp-content\/uploads\/2017\/03\/DSC07437-.jpg\"><img loading=\"lazy\" decoding=\"async\" class=\"alignnone size-thumbnail wp-image-11153\" src=\"https:\/\/xn--judo-lbben-feb.de\/wp-content\/uploads\/2017\/03\/DSC07437--150x150.jpg\" alt=\"\" width=\"150\" height=\"150\" srcset=\"https:\/\/xn--judo-lbben-feb.de\/wp-content\/uploads\/2017\/03\/DSC07437--150x150.jpg 150w, https:\/\/xn--judo-lbben-feb.de\/wp-content\/uploads\/2017\/03\/DSC07437--80x80.jpg 80w, https:\/\/xn--judo-lbben-feb.de\/wp-content\/uploads\/2017\/03\/DSC07437--200x200.jpg 200w\" sizes=\"auto, (max-width: 150px) 100vw, 150px\" \/><\/a> <a href=\"https:\/\/xn--judo-lbben-feb.de\/wp-content\/uploads\/2017\/03\/DSC07438-.jpg\"><img loading=\"lazy\" decoding=\"async\" class=\"alignnone size-thumbnail wp-image-11154\" src=\"https:\/\/xn--judo-lbben-feb.de\/wp-content\/uploads\/2017\/03\/DSC07438--150x150.jpg\" alt=\"\" width=\"150\" height=\"150\" srcset=\"https:\/\/xn--judo-lbben-feb.de\/wp-content\/uploads\/2017\/03\/DSC07438--150x150.jpg 150w, https:\/\/xn--judo-lbben-feb.de\/wp-content\/uploads\/2017\/03\/DSC07438--80x80.jpg 80w, https:\/\/xn--judo-lbben-feb.de\/wp-content\/uploads\/2017\/03\/DSC07438--200x200.jpg 200w\" sizes=\"auto, (max-width: 150px) 100vw, 150px\" \/><\/a> <a href=\"https:\/\/xn--judo-lbben-feb.de\/wp-content\/uploads\/2017\/03\/DSC07439-.jpg\"><img loading=\"lazy\" decoding=\"async\" class=\"alignnone size-thumbnail wp-image-11155\" src=\"https:\/\/xn--judo-lbben-feb.de\/wp-content\/uploads\/2017\/03\/DSC07439--150x150.jpg\" alt=\"\" width=\"150\" height=\"150\" srcset=\"https:\/\/xn--judo-lbben-feb.de\/wp-content\/uploads\/2017\/03\/DSC07439--150x150.jpg 150w, https:\/\/xn--judo-lbben-feb.de\/wp-content\/uploads\/2017\/03\/DSC07439--80x80.jpg 80w, https:\/\/xn--judo-lbben-feb.de\/wp-content\/uploads\/2017\/03\/DSC07439--200x200.jpg 200w\" sizes=\"auto, (max-width: 150px) 100vw, 150px\" \/><\/a> <a href=\"https:\/\/xn--judo-lbben-feb.de\/wp-content\/uploads\/2017\/03\/DSC07441-.jpg\"><img loading=\"lazy\" decoding=\"async\" class=\"alignnone size-thumbnail wp-image-11156\" src=\"https:\/\/xn--judo-lbben-feb.de\/wp-content\/uploads\/2017\/03\/DSC07441--150x150.jpg\" alt=\"\" width=\"150\" height=\"150\" srcset=\"https:\/\/xn--judo-lbben-feb.de\/wp-content\/uploads\/2017\/03\/DSC07441--150x150.jpg 150w, https:\/\/xn--judo-lbben-feb.de\/wp-content\/uploads\/2017\/03\/DSC07441--80x80.jpg 80w, https:\/\/xn--judo-lbben-feb.de\/wp-content\/uploads\/2017\/03\/DSC07441--200x200.jpg 200w\" sizes=\"auto, (max-width: 150px) 100vw, 150px\" \/><\/a> <a href=\"https:\/\/xn--judo-lbben-feb.de\/wp-content\/uploads\/2017\/03\/DSC07442-.jpg\"><img loading=\"lazy\" decoding=\"async\" class=\"alignnone size-thumbnail wp-image-11157\" src=\"https:\/\/xn--judo-lbben-feb.de\/wp-content\/uploads\/2017\/03\/DSC07442--150x150.jpg\" alt=\"\" width=\"150\" height=\"150\" srcset=\"https:\/\/xn--judo-lbben-feb.de\/wp-content\/uploads\/2017\/03\/DSC07442--150x150.jpg 150w, https:\/\/xn--judo-lbben-feb.de\/wp-content\/uploads\/2017\/03\/DSC07442--80x80.jpg 80w, https:\/\/xn--judo-lbben-feb.de\/wp-content\/uploads\/2017\/03\/DSC07442--200x200.jpg 200w\" sizes=\"auto, (max-width: 150px) 100vw, 150px\" \/><\/a> <a href=\"https:\/\/xn--judo-lbben-feb.de\/wp-content\/uploads\/2017\/03\/DSC07444-.jpg\"><img loading=\"lazy\" decoding=\"async\" class=\"alignnone size-thumbnail wp-image-11158\" src=\"https:\/\/xn--judo-lbben-feb.de\/wp-content\/uploads\/2017\/03\/DSC07444--150x150.jpg\" alt=\"\" width=\"150\" height=\"150\" srcset=\"https:\/\/xn--judo-lbben-feb.de\/wp-content\/uploads\/2017\/03\/DSC07444--150x150.jpg 150w, https:\/\/xn--judo-lbben-feb.de\/wp-content\/uploads\/2017\/03\/DSC07444--80x80.jpg 80w, https:\/\/xn--judo-lbben-feb.de\/wp-content\/uploads\/2017\/03\/DSC07444--200x200.jpg 200w\" sizes=\"auto, (max-width: 150px) 100vw, 150px\" \/><\/a> <a href=\"https:\/\/xn--judo-lbben-feb.de\/wp-content\/uploads\/2017\/03\/DSC07445-.jpg\"><img loading=\"lazy\" decoding=\"async\" class=\"alignnone size-thumbnail wp-image-11159\" src=\"https:\/\/xn--judo-lbben-feb.de\/wp-content\/uploads\/2017\/03\/DSC07445--150x150.jpg\" alt=\"\" width=\"150\" height=\"150\" srcset=\"https:\/\/xn--judo-lbben-feb.de\/wp-content\/uploads\/2017\/03\/DSC07445--150x150.jpg 150w, https:\/\/xn--judo-lbben-feb.de\/wp-content\/uploads\/2017\/03\/DSC07445--80x80.jpg 80w, https:\/\/xn--judo-lbben-feb.de\/wp-content\/uploads\/2017\/03\/DSC07445--200x200.jpg 200w\" sizes=\"auto, (max-width: 150px) 100vw, 150px\" \/><\/a> <a href=\"https:\/\/xn--judo-lbben-feb.de\/wp-content\/uploads\/2017\/03\/DSC07446-.jpg\"><img loading=\"lazy\" decoding=\"async\" class=\"alignnone size-thumbnail wp-image-11160\" src=\"https:\/\/xn--judo-lbben-feb.de\/wp-content\/uploads\/2017\/03\/DSC07446--150x150.jpg\" alt=\"\" width=\"150\" height=\"150\" srcset=\"https:\/\/xn--judo-lbben-feb.de\/wp-content\/uploads\/2017\/03\/DSC07446--150x150.jpg 150w, https:\/\/xn--judo-lbben-feb.de\/wp-content\/uploads\/2017\/03\/DSC07446--80x80.jpg 80w, https:\/\/xn--judo-lbben-feb.de\/wp-content\/uploads\/2017\/03\/DSC07446--200x200.jpg 200w\" sizes=\"auto, (max-width: 150px) 100vw, 150px\" \/><\/a> <a href=\"https:\/\/xn--judo-lbben-feb.de\/wp-content\/uploads\/2017\/03\/DSC07448-.jpg\"><img loading=\"lazy\" decoding=\"async\" class=\"alignnone size-thumbnail wp-image-11161\" src=\"https:\/\/xn--judo-lbben-feb.de\/wp-content\/uploads\/2017\/03\/DSC07448--150x150.jpg\" alt=\"\" width=\"150\" height=\"150\" srcset=\"https:\/\/xn--judo-lbben-feb.de\/wp-content\/uploads\/2017\/03\/DSC07448--150x150.jpg 150w, https:\/\/xn--judo-lbben-feb.de\/wp-content\/uploads\/2017\/03\/DSC07448--80x80.jpg 80w, https:\/\/xn--judo-lbben-feb.de\/wp-content\/uploads\/2017\/03\/DSC07448--200x200.jpg 200w\" sizes=\"auto, (max-width: 150px) 100vw, 150px\" \/><\/a> <a href=\"https:\/\/xn--judo-lbben-feb.de\/wp-content\/uploads\/2017\/03\/DSC07451-.jpg\"><img loading=\"lazy\" decoding=\"async\" class=\"alignnone size-thumbnail wp-image-11162\" src=\"https:\/\/xn--judo-lbben-feb.de\/wp-content\/uploads\/2017\/03\/DSC07451--150x150.jpg\" alt=\"\" width=\"150\" height=\"150\" srcset=\"https:\/\/xn--judo-lbben-feb.de\/wp-content\/uploads\/2017\/03\/DSC07451--150x150.jpg 150w, https:\/\/xn--judo-lbben-feb.de\/wp-content\/uploads\/2017\/03\/DSC07451--80x80.jpg 80w, https:\/\/xn--judo-lbben-feb.de\/wp-content\/uploads\/2017\/03\/DSC07451--200x200.jpg 200w\" sizes=\"auto, (max-width: 150px) 100vw, 150px\" \/><\/a> <a href=\"https:\/\/xn--judo-lbben-feb.de\/wp-content\/uploads\/2017\/03\/DSC07453-.jpg\"><img loading=\"lazy\" decoding=\"async\" class=\"alignnone size-thumbnail wp-image-11163\" src=\"https:\/\/xn--judo-lbben-feb.de\/wp-content\/uploads\/2017\/03\/DSC07453--150x150.jpg\" alt=\"\" width=\"150\" height=\"150\" srcset=\"https:\/\/xn--judo-lbben-feb.de\/wp-content\/uploads\/2017\/03\/DSC07453--150x150.jpg 150w, https:\/\/xn--judo-lbben-feb.de\/wp-content\/uploads\/2017\/03\/DSC07453--80x80.jpg 80w, https:\/\/xn--judo-lbben-feb.de\/wp-content\/uploads\/2017\/03\/DSC07453--200x200.jpg 200w\" sizes=\"auto, (max-width: 150px) 100vw, 150px\" \/><\/a> <a href=\"https:\/\/xn--judo-lbben-feb.de\/wp-content\/uploads\/2017\/03\/DSC07454-.jpg\"><img loading=\"lazy\" decoding=\"async\" class=\"alignnone size-thumbnail wp-image-11164\" src=\"https:\/\/xn--judo-lbben-feb.de\/wp-content\/uploads\/2017\/03\/DSC07454--150x150.jpg\" alt=\"\" width=\"150\" height=\"150\" srcset=\"https:\/\/xn--judo-lbben-feb.de\/wp-content\/uploads\/2017\/03\/DSC07454--150x150.jpg 150w, https:\/\/xn--judo-lbben-feb.de\/wp-content\/uploads\/2017\/03\/DSC07454--80x80.jpg 80w, https:\/\/xn--judo-lbben-feb.de\/wp-content\/uploads\/2017\/03\/DSC07454--200x200.jpg 200w\" sizes=\"auto, (max-width: 150px) 100vw, 150px\" \/><\/a> <a href=\"https:\/\/xn--judo-lbben-feb.de\/wp-content\/uploads\/2017\/03\/DSC07455-.jpg\"><img loading=\"lazy\" decoding=\"async\" class=\"alignnone size-thumbnail wp-image-11165\" src=\"https:\/\/xn--judo-lbben-feb.de\/wp-content\/uploads\/2017\/03\/DSC07455--150x150.jpg\" alt=\"\" width=\"150\" height=\"150\" srcset=\"https:\/\/xn--judo-lbben-feb.de\/wp-content\/uploads\/2017\/03\/DSC07455--150x150.jpg 150w, https:\/\/xn--judo-lbben-feb.de\/wp-content\/uploads\/2017\/03\/DSC07455--80x80.jpg 80w, https:\/\/xn--judo-lbben-feb.de\/wp-content\/uploads\/2017\/03\/DSC07455--200x200.jpg 200w\" sizes=\"auto, (max-width: 150px) 100vw, 150px\" \/><\/a> <a href=\"https:\/\/xn--judo-lbben-feb.de\/wp-content\/uploads\/2017\/03\/DSC07458-.jpg\"><img loading=\"lazy\" decoding=\"async\" class=\"alignnone size-thumbnail wp-image-11166\" src=\"https:\/\/xn--judo-lbben-feb.de\/wp-content\/uploads\/2017\/03\/DSC07458--150x150.jpg\" alt=\"\" width=\"150\" height=\"150\" srcset=\"https:\/\/xn--judo-lbben-feb.de\/wp-content\/uploads\/2017\/03\/DSC07458--150x150.jpg 150w, https:\/\/xn--judo-lbben-feb.de\/wp-content\/uploads\/2017\/03\/DSC07458--80x80.jpg 80w, https:\/\/xn--judo-lbben-feb.de\/wp-content\/uploads\/2017\/03\/DSC07458--200x200.jpg 200w\" sizes=\"auto, (max-width: 150px) 100vw, 150px\" \/><\/a> <a href=\"https:\/\/xn--judo-lbben-feb.de\/wp-content\/uploads\/2017\/03\/DSC07460-.jpg\"><img loading=\"lazy\" decoding=\"async\" class=\"alignnone size-thumbnail wp-image-11167\" src=\"https:\/\/xn--judo-lbben-feb.de\/wp-content\/uploads\/2017\/03\/DSC07460--150x150.jpg\" alt=\"\" width=\"150\" height=\"150\" srcset=\"https:\/\/xn--judo-lbben-feb.de\/wp-content\/uploads\/2017\/03\/DSC07460--150x150.jpg 150w, https:\/\/xn--judo-lbben-feb.de\/wp-content\/uploads\/2017\/03\/DSC07460--80x80.jpg 80w, https:\/\/xn--judo-lbben-feb.de\/wp-content\/uploads\/2017\/03\/DSC07460--200x200.jpg 200w\" sizes=\"auto, (max-width: 150px) 100vw, 150px\" \/><\/a> <a href=\"https:\/\/xn--judo-lbben-feb.de\/wp-content\/uploads\/2017\/03\/DSC07461-.jpg\"><img loading=\"lazy\" decoding=\"async\" class=\"alignnone size-thumbnail wp-image-11168\" src=\"https:\/\/xn--judo-lbben-feb.de\/wp-content\/uploads\/2017\/03\/DSC07461--150x150.jpg\" alt=\"\" width=\"150\" height=\"150\" srcset=\"https:\/\/xn--judo-lbben-feb.de\/wp-content\/uploads\/2017\/03\/DSC07461--150x150.jpg 150w, https:\/\/xn--judo-lbben-feb.de\/wp-content\/uploads\/2017\/03\/DSC07461--80x80.jpg 80w, https:\/\/xn--judo-lbben-feb.de\/wp-content\/uploads\/2017\/03\/DSC07461--200x200.jpg 200w\" sizes=\"auto, (max-width: 150px) 100vw, 150px\" \/><\/a> <a href=\"https:\/\/xn--judo-lbben-feb.de\/wp-content\/uploads\/2017\/03\/DSC07462-.jpg\"><img loading=\"lazy\" decoding=\"async\" class=\"alignnone size-thumbnail wp-image-11169\" src=\"https:\/\/xn--judo-lbben-feb.de\/wp-content\/uploads\/2017\/03\/DSC07462--150x150.jpg\" alt=\"\" width=\"150\" height=\"150\" srcset=\"https:\/\/xn--judo-lbben-feb.de\/wp-content\/uploads\/2017\/03\/DSC07462--150x150.jpg 150w, https:\/\/xn--judo-lbben-feb.de\/wp-content\/uploads\/2017\/03\/DSC07462--80x80.jpg 80w, https:\/\/xn--judo-lbben-feb.de\/wp-content\/uploads\/2017\/03\/DSC07462--200x200.jpg 200w\" sizes=\"auto, (max-width: 150px) 100vw, 150px\" \/><\/a> <a href=\"https:\/\/xn--judo-lbben-feb.de\/wp-content\/uploads\/2017\/03\/DSC07463-.jpg\"><img loading=\"lazy\" decoding=\"async\" class=\"alignnone size-thumbnail wp-image-11170\" src=\"https:\/\/xn--judo-lbben-feb.de\/wp-content\/uploads\/2017\/03\/DSC07463--150x150.jpg\" alt=\"\" width=\"150\" height=\"150\" srcset=\"https:\/\/xn--judo-lbben-feb.de\/wp-content\/uploads\/2017\/03\/DSC07463--150x150.jpg 150w, https:\/\/xn--judo-lbben-feb.de\/wp-content\/uploads\/2017\/03\/DSC07463--80x80.jpg 80w, https:\/\/xn--judo-lbben-feb.de\/wp-content\/uploads\/2017\/03\/DSC07463--200x200.jpg 200w\" sizes=\"auto, (max-width: 150px) 100vw, 150px\" \/><\/a> <a href=\"https:\/\/xn--judo-lbben-feb.de\/wp-content\/uploads\/2017\/03\/DSC07464-.jpg\"><img loading=\"lazy\" decoding=\"async\" class=\"alignnone size-thumbnail wp-image-11171\" src=\"https:\/\/xn--judo-lbben-feb.de\/wp-content\/uploads\/2017\/03\/DSC07464--150x150.jpg\" alt=\"\" width=\"150\" height=\"150\" srcset=\"https:\/\/xn--judo-lbben-feb.de\/wp-content\/uploads\/2017\/03\/DSC07464--150x150.jpg 150w, https:\/\/xn--judo-lbben-feb.de\/wp-content\/uploads\/2017\/03\/DSC07464--80x80.jpg 80w, https:\/\/xn--judo-lbben-feb.de\/wp-content\/uploads\/2017\/03\/DSC07464--200x200.jpg 200w\" sizes=\"auto, (max-width: 150px) 100vw, 150px\" \/><\/a> <a href=\"https:\/\/xn--judo-lbben-feb.de\/wp-content\/uploads\/2017\/03\/DSC07466-.jpg\"><img loading=\"lazy\" decoding=\"async\" class=\"alignnone size-thumbnail wp-image-11172\" src=\"https:\/\/xn--judo-lbben-feb.de\/wp-content\/uploads\/2017\/03\/DSC07466--150x150.jpg\" alt=\"\" width=\"150\" height=\"150\" srcset=\"https:\/\/xn--judo-lbben-feb.de\/wp-content\/uploads\/2017\/03\/DSC07466--150x150.jpg 150w, https:\/\/xn--judo-lbben-feb.de\/wp-content\/uploads\/2017\/03\/DSC07466--80x80.jpg 80w, https:\/\/xn--judo-lbben-feb.de\/wp-content\/uploads\/2017\/03\/DSC07466--200x200.jpg 200w\" sizes=\"auto, (max-width: 150px) 100vw, 150px\" \/><\/a><\/p>\n<p style=\"text-align: center;\"><a href=\"https:\/\/xn--judo-lbben-feb.de\/wp-content\/uploads\/2017\/03\/20170304_145717.jpg\"><img loading=\"lazy\" decoding=\"async\" class=\"alignnone size-large wp-image-11174\" src=\"https:\/\/xn--judo-lbben-feb.de\/wp-content\/uploads\/2017\/03\/20170304_145717-1024x576.jpg\" alt=\"\" width=\"598\" height=\"336\" srcset=\"https:\/\/xn--judo-lbben-feb.de\/wp-content\/uploads\/2017\/03\/20170304_145717-1024x576.jpg 1024w, https:\/\/xn--judo-lbben-feb.de\/wp-content\/uploads\/2017\/03\/20170304_145717-300x169.jpg 300w, https:\/\/xn--judo-lbben-feb.de\/wp-content\/uploads\/2017\/03\/20170304_145717-768x432.jpg 768w, https:\/\/xn--judo-lbben-feb.de\/wp-content\/uploads\/2017\/03\/20170304_145717-642x362.jpg 642w, https:\/\/xn--judo-lbben-feb.de\/wp-content\/uploads\/2017\/03\/20170304_145717-128x72.jpg 128w, https:\/\/xn--judo-lbben-feb.de\/wp-content\/uploads\/2017\/03\/20170304_145717.jpg 1535w\" sizes=\"auto, (max-width: 598px) 100vw, 598px\" \/><\/a><\/p>\n","protected":false},"excerpt":{"rendered":"<p>Mit einem durchwachsenden Ergebnis kerten wir Sonnabend aus Spremberg zur\u00fcck. So wirklich \u00fcberzeugen konnte leider nur Lukas. So machte Lukas mit dem 2. Platz sich selber eine gro\u00dfe Freude. Jonas konnte sich ohne einen gewonnen Kampf \u00fcber Platz 3 freuen. Unsere anderen Teilnehmer ginnger leider leer aus. Die Ergbnisse im \u00dcberblick: \u00a0 \u00a0 \u00a0 \u00a0 [&hellip;]<\/p>\n","protected":false},"author":1,"featured_media":11172,"comment_status":"closed","ping_status":"open","sticky":false,"template":"","format":"standard","meta":{"_et_pb_use_builder":"","_et_pb_old_content":"","_et_gb_content_width":"","footnotes":""},"categories":[2],"tags":[],"class_list":["post-11138","post","type-post","status-publish","format-standard","has-post-thumbnail","hentry","category-news"],"_links":{"self":[{"href":"https:\/\/xn--judo-lbben-feb.de\/index.php?rest_route=\/wp\/v2\/posts\/11138","targetHints":{"allow":["GET"]}}],"collection":[{"href":"https:\/\/xn--judo-lbben-feb.de\/index.php?rest_route=\/wp\/v2\/posts"}],"about":[{"href":"https:\/\/xn--judo-lbben-feb.de\/index.php?rest_route=\/wp\/v2\/types\/post"}],"author":[{"embeddable":true,"href":"https:\/\/xn--judo-lbben-feb.de\/index.php?rest_route=\/wp\/v2\/users\/1"}],"replies":[{"embeddable":true,"href":"https:\/\/xn--judo-lbben-feb.de\/index.php?rest_route=%2Fwp%2Fv2%2Fcomments&post=11138"}],"version-history":[{"count":7,"href":"https:\/\/xn--judo-lbben-feb.de\/index.php?rest_route=\/wp\/v2\/posts\/11138\/revisions"}],"predecessor-version":[{"id":11178,"href":"https:\/\/xn--judo-lbben-feb.de\/index.php?rest_route=\/wp\/v2\/posts\/11138\/revisions\/11178"}],"wp:featuredmedia":[{"embeddable":true,"href":"https:\/\/xn--judo-lbben-feb.de\/index.php?rest_route=\/wp\/v2\/media\/11172"}],"wp:attachment":[{"href":"https:\/\/xn--judo-lbben-feb.de\/index.php?rest_route=%2Fwp%2Fv2%2Fmedia&parent=11138"}],"wp:term":[{"taxonomy":"category","embeddable":true,"href":"https:\/\/xn--judo-lbben-feb.de\/index.php?rest_route=%2Fwp%2Fv2%2Fcategories&post=11138"},{"taxonomy":"post_tag","embeddable":true,"href":"https:\/\/xn--judo-lbben-feb.de\/index.php?rest_route=%2Fwp%2Fv2%2Ftags&post=11138"}],"curies":[{"name":"wp","href":"https:\/\/api.w.org\/{rel}","templated":true}]}}