{"id":10481,"date":"2016-11-13T18:45:54","date_gmt":"2016-11-13T17:45:54","guid":{"rendered":"http:\/\/xn--judo-lbben-feb.de\/?p=10481"},"modified":"2016-11-20T18:57:26","modified_gmt":"2016-11-20T17:57:26","slug":"u17-in-strausberg","status":"publish","type":"post","link":"https:\/\/xn--judo-lbben-feb.de\/?p=10481","title":{"rendered":"U17 in Strausberg"},"content":{"rendered":"<p style=\"text-align: center;\">Fabian, Miriam und Sarah machten sich am 13. November mit Begleitung von Herrn Rudnik auf zum Ergo-Cup nach Strausberg. Das Teilnehmerfeld war \u00fcberschaubar. Fabian hatte von den L\u00fcbbener die st\u00e4rkste Gruppe(bis 73kg) mit 9 Teilnehmern. Er startete mit einem schnellen Sieg. Nun folgte schon das Halbfinale. Dort musste er sich leider geschlagen geben. Den abschlie\u00dfenden Kampf um Platz 3 konnte er mit einer \u00fcberzeugenden Leistung f\u00fcr sich entscheiden. Bronze f\u00fcr Fabian, stark! Die beiden M\u00e4dchen hatten jeweils 2 Gegnerinnen in ihren Gewichtsklassen. Miriam begann mit einem Sieg. Beim 2. Auftritt unterlag sie leider. Silber f\u00fcr sie in der Klasse bis 52kg. Eine Gewichtsklasse tiefer traf Sarah auf die beiden starken Bahle-Zwillinge aus Neubrandenburg. Sarah begann auch mit einer Niederlage. Im 2. Kampf lag mit einem Wazari und 2 Yuko&#8217;s in F\u00fchrung, verletzte sich aber dann und musste aufgeben. Somit Bronze f\u00fcr Sarah.<\/p>\n<p style=\"padding-left: 60px;\"><a href=\"https:\/\/xn--judo-lbben-feb.de\/wp-content\/uploads\/2016\/11\/P1100175-FILEminimizer.jpg\"><img loading=\"lazy\" decoding=\"async\" class=\"alignnone size-thumbnail wp-image-10483\" src=\"https:\/\/xn--judo-lbben-feb.de\/wp-content\/uploads\/2016\/11\/P1100175-FILEminimizer-150x150.jpg\" alt=\"p1100175-fileminimizer\" width=\"150\" height=\"150\" srcset=\"https:\/\/xn--judo-lbben-feb.de\/wp-content\/uploads\/2016\/11\/P1100175-FILEminimizer-150x150.jpg 150w, https:\/\/xn--judo-lbben-feb.de\/wp-content\/uploads\/2016\/11\/P1100175-FILEminimizer-80x80.jpg 80w, https:\/\/xn--judo-lbben-feb.de\/wp-content\/uploads\/2016\/11\/P1100175-FILEminimizer-200x200.jpg 200w\" sizes=\"auto, (max-width: 150px) 100vw, 150px\" \/><\/a>\u00a0 \u00a0<a href=\"https:\/\/xn--judo-lbben-feb.de\/wp-content\/uploads\/2016\/11\/P1100178-FILEminimizer.jpg\"><img loading=\"lazy\" decoding=\"async\" class=\"alignnone size-thumbnail wp-image-10484\" src=\"https:\/\/xn--judo-lbben-feb.de\/wp-content\/uploads\/2016\/11\/P1100178-FILEminimizer-150x150.jpg\" alt=\"p1100178-fileminimizer\" width=\"150\" height=\"150\" srcset=\"https:\/\/xn--judo-lbben-feb.de\/wp-content\/uploads\/2016\/11\/P1100178-FILEminimizer-150x150.jpg 150w, https:\/\/xn--judo-lbben-feb.de\/wp-content\/uploads\/2016\/11\/P1100178-FILEminimizer-80x80.jpg 80w, https:\/\/xn--judo-lbben-feb.de\/wp-content\/uploads\/2016\/11\/P1100178-FILEminimizer-200x200.jpg 200w\" sizes=\"auto, (max-width: 150px) 100vw, 150px\" \/><\/a>\u00a0 \u00a0<a href=\"https:\/\/xn--judo-lbben-feb.de\/wp-content\/uploads\/2016\/11\/P1100182-FILEminimizer.jpg\"><img loading=\"lazy\" decoding=\"async\" class=\"alignnone size-thumbnail wp-image-10485\" src=\"https:\/\/xn--judo-lbben-feb.de\/wp-content\/uploads\/2016\/11\/P1100182-FILEminimizer-150x150.jpg\" alt=\"p1100182-fileminimizer\" width=\"150\" height=\"150\" srcset=\"https:\/\/xn--judo-lbben-feb.de\/wp-content\/uploads\/2016\/11\/P1100182-FILEminimizer-150x150.jpg 150w, https:\/\/xn--judo-lbben-feb.de\/wp-content\/uploads\/2016\/11\/P1100182-FILEminimizer-80x80.jpg 80w, https:\/\/xn--judo-lbben-feb.de\/wp-content\/uploads\/2016\/11\/P1100182-FILEminimizer-200x200.jpg 200w\" sizes=\"auto, (max-width: 150px) 100vw, 150px\" \/><\/a><\/p>\n<p style=\"padding-left: 150px;\"><a href=\"https:\/\/xn--judo-lbben-feb.de\/wp-content\/uploads\/2016\/11\/P1100183-FILEminimizer.jpg\"><img loading=\"lazy\" decoding=\"async\" class=\"alignnone size-thumbnail wp-image-10486\" src=\"https:\/\/xn--judo-lbben-feb.de\/wp-content\/uploads\/2016\/11\/P1100183-FILEminimizer-150x150.jpg\" alt=\"p1100183-fileminimizer\" width=\"150\" height=\"150\" srcset=\"https:\/\/xn--judo-lbben-feb.de\/wp-content\/uploads\/2016\/11\/P1100183-FILEminimizer-150x150.jpg 150w, https:\/\/xn--judo-lbben-feb.de\/wp-content\/uploads\/2016\/11\/P1100183-FILEminimizer-80x80.jpg 80w, https:\/\/xn--judo-lbben-feb.de\/wp-content\/uploads\/2016\/11\/P1100183-FILEminimizer-200x200.jpg 200w\" sizes=\"auto, (max-width: 150px) 100vw, 150px\" \/><\/a>\u00a0 \u00a0<a href=\"https:\/\/xn--judo-lbben-feb.de\/wp-content\/uploads\/2016\/11\/P1100185-FILEminimizer.jpg\"><img loading=\"lazy\" decoding=\"async\" class=\"alignnone size-thumbnail wp-image-10487\" src=\"https:\/\/xn--judo-lbben-feb.de\/wp-content\/uploads\/2016\/11\/P1100185-FILEminimizer-150x150.jpg\" alt=\"p1100185-fileminimizer\" width=\"150\" height=\"150\" srcset=\"https:\/\/xn--judo-lbben-feb.de\/wp-content\/uploads\/2016\/11\/P1100185-FILEminimizer-150x150.jpg 150w, https:\/\/xn--judo-lbben-feb.de\/wp-content\/uploads\/2016\/11\/P1100185-FILEminimizer-80x80.jpg 80w, https:\/\/xn--judo-lbben-feb.de\/wp-content\/uploads\/2016\/11\/P1100185-FILEminimizer-200x200.jpg 200w\" sizes=\"auto, (max-width: 150px) 100vw, 150px\" \/><\/a><\/p>\n","protected":false},"excerpt":{"rendered":"<p>Fabian, Miriam und Sarah machten sich am 13. November mit Begleitung von Herrn Rudnik auf zum Ergo-Cup nach Strausberg. Das Teilnehmerfeld war \u00fcberschaubar. Fabian hatte von den L\u00fcbbener die st\u00e4rkste Gruppe(bis 73kg) mit 9 Teilnehmern. Er startete mit einem schnellen Sieg. Nun folgte schon das Halbfinale. Dort musste er sich leider geschlagen geben. Den abschlie\u00dfenden [&hellip;]<\/p>\n","protected":false},"author":2,"featured_media":10486,"comment_status":"closed","ping_status":"open","sticky":false,"template":"","format":"standard","meta":{"_et_pb_use_builder":"","_et_pb_old_content":"","_et_gb_content_width":"","footnotes":""},"categories":[2],"tags":[],"class_list":["post-10481","post","type-post","status-publish","format-standard","has-post-thumbnail","hentry","category-news"],"_links":{"self":[{"href":"https:\/\/xn--judo-lbben-feb.de\/index.php?rest_route=\/wp\/v2\/posts\/10481","targetHints":{"allow":["GET"]}}],"collection":[{"href":"https:\/\/xn--judo-lbben-feb.de\/index.php?rest_route=\/wp\/v2\/posts"}],"about":[{"href":"https:\/\/xn--judo-lbben-feb.de\/index.php?rest_route=\/wp\/v2\/types\/post"}],"author":[{"embeddable":true,"href":"https:\/\/xn--judo-lbben-feb.de\/index.php?rest_route=\/wp\/v2\/users\/2"}],"replies":[{"embeddable":true,"href":"https:\/\/xn--judo-lbben-feb.de\/index.php?rest_route=%2Fwp%2Fv2%2Fcomments&post=10481"}],"version-history":[{"count":4,"href":"https:\/\/xn--judo-lbben-feb.de\/index.php?rest_route=\/wp\/v2\/posts\/10481\/revisions"}],"predecessor-version":[{"id":10490,"href":"https:\/\/xn--judo-lbben-feb.de\/index.php?rest_route=\/wp\/v2\/posts\/10481\/revisions\/10490"}],"wp:featuredmedia":[{"embeddable":true,"href":"https:\/\/xn--judo-lbben-feb.de\/index.php?rest_route=\/wp\/v2\/media\/10486"}],"wp:attachment":[{"href":"https:\/\/xn--judo-lbben-feb.de\/index.php?rest_route=%2Fwp%2Fv2%2Fmedia&parent=10481"}],"wp:term":[{"taxonomy":"category","embeddable":true,"href":"https:\/\/xn--judo-lbben-feb.de\/index.php?rest_route=%2Fwp%2Fv2%2Fcategories&post=10481"},{"taxonomy":"post_tag","embeddable":true,"href":"https:\/\/xn--judo-lbben-feb.de\/index.php?rest_route=%2Fwp%2Fv2%2Ftags&post=10481"}],"curies":[{"name":"wp","href":"https:\/\/api.w.org\/{rel}","templated":true}]}}